{"id":4303,"date":"2023-11-28T21:30:12","date_gmt":"2023-11-28T20:30:12","guid":{"rendered":"http:\/\/www.iessenara.es\/Revista\/?p=4303"},"modified":"2023-11-28T21:30:13","modified_gmt":"2023-11-28T20:30:13","slug":"yo-si-cuido-mi-salud-mental","status":"publish","type":"post","link":"https:\/\/www.iessenara.es\/Revista\/?p=4303","title":{"rendered":"Yo s\u00ed cuido mi salud mental"},"content":{"rendered":"\n<p>Desde la secci\u00f3n infanto-juvenil de la\u202fAsociaci\u00f3n Salud Mental Salamanca \u2013 AFEMC se ponen en contacto con nosotros para trabajar durante la semana del 10 de octubre actividades relacionadas con esta fecha en la que se celebra el d\u00eda mundial de la salud mental.&nbsp;<\/p>\n\n\n\n<figure class=\"wp-block-image size-full\"><a href=\"http:\/\/www.iessenara.es\/Revista\/wp-content\/uploads\/2023\/11\/Salud-mental-Salamanca.jpg\"><img decoding=\"async\" loading=\"lazy\" width=\"895\" height=\"476\" src=\"http:\/\/www.iessenara.es\/Revista\/wp-content\/uploads\/2023\/11\/Salud-mental-Salamanca.jpg\" alt=\"\" class=\"wp-image-4304\" srcset=\"https:\/\/www.iessenara.es\/Revista\/wp-content\/uploads\/2023\/11\/Salud-mental-Salamanca.jpg 895w, https:\/\/www.iessenara.es\/Revista\/wp-content\/uploads\/2023\/11\/Salud-mental-Salamanca-300x160.jpg 300w, https:\/\/www.iessenara.es\/Revista\/wp-content\/uploads\/2023\/11\/Salud-mental-Salamanca-768x408.jpg 768w\" sizes=\"(max-width: 895px) 100vw, 895px\" \/><\/a><\/figure>\n\n\n\n<p>A trav\u00e9s de las sesiones de tutor\u00eda, trabajamos este aspecto tan importante, tratando de sensibilizar sobre los elementos claves de la salud mental y elaboramos un dec\u00e1logo que proporcione consejos pr\u00e1cticos establecidos por los alumnos y alumnas para mantener una buena salud mental. Con esta actividad intentamos tambi\u00e9n promover la reflexi\u00f3n y el trabajo en equipo.&nbsp;<\/p>\n\n\n\n<p>Los trabajos realizados est\u00e1n expuestos en el hall de la entrada del instituto. En general, debemos decir que el alumnado ha hecho un buen trabajo, sorprendi\u00e9ndonos incluso, algunas de las aportaciones. Y desde luego, esta interesante imagen no se habr\u00eda podido elaborar sin la aportaci\u00f3n de los tutores y tutoras que han dirigido toda la actividad.&nbsp;&nbsp;<\/p>\n\n\n\n<figure class=\"wp-block-embed is-type-video is-provider-youtube wp-block-embed-youtube wp-embed-aspect-4-3 wp-has-aspect-ratio\"><div class=\"wp-block-embed__wrapper\">\n<div class=\"video-container\"><span class=\"embed-youtube\" style=\"text-align:center; display: block;\"><iframe loading=\"lazy\" class=\"youtube-player\" width=\"640\" height=\"360\" src=\"https:\/\/www.youtube.com\/embed\/vUMkpMWNpQ8?version=3&#038;rel=1&#038;showsearch=0&#038;showinfo=1&#038;iv_load_policy=1&#038;fs=1&#038;hl=es-ES&#038;autohide=2&#038;wmode=transparent\" allowfullscreen=\"true\" style=\"border:0;\" sandbox=\"allow-scripts allow-same-origin allow-popups allow-presentation\"><\/iframe><\/span><\/div>\n<\/div><\/figure>\n","protected":false},"excerpt":{"rendered":"<p>Desde la secci\u00f3n infanto-juvenil de la\u202fAsociaci\u00f3n Salud Mental Salamanca \u2013 AFEMC se ponen en contacto con nosotros para trabajar durante la semana del 10 de octubre actividades relacionadas con esta fecha en la que&#46;&#46;&#46;<\/p>\n","protected":false},"author":3,"featured_media":4307,"comment_status":"open","ping_status":"open","sticky":false,"template":"","format":"standard","meta":{"jetpack_post_was_ever_published":false,"jetpack_publicize_message":"","jetpack_is_tweetstorm":false,"jetpack_publicize_feature_enabled":true,"jetpack_social_options":[]},"categories":[10,8],"tags":[413,414,415],"jetpack_publicize_connections":[],"jetpack_featured_media_url":"https:\/\/www.iessenara.es\/Revista\/wp-content\/uploads\/2023\/11\/Decalogo-salud-mental-16_9.jpg","jetpack_sharing_enabled":true,"jetpack_shortlink":"https:\/\/wp.me\/p5mbkp-17p","_links":{"self":[{"href":"https:\/\/www.iessenara.es\/Revista\/index.php?rest_route=\/wp\/v2\/posts\/4303"}],"collection":[{"href":"https:\/\/www.iessenara.es\/Revista\/index.php?rest_route=\/wp\/v2\/posts"}],"about":[{"href":"https:\/\/www.iessenara.es\/Revista\/index.php?rest_route=\/wp\/v2\/types\/post"}],"author":[{"embeddable":true,"href":"https:\/\/www.iessenara.es\/Revista\/index.php?rest_route=\/wp\/v2\/users\/3"}],"replies":[{"embeddable":true,"href":"https:\/\/www.iessenara.es\/Revista\/index.php?rest_route=%2Fwp%2Fv2%2Fcomments&post=4303"}],"version-history":[{"count":2,"href":"https:\/\/www.iessenara.es\/Revista\/index.php?rest_route=\/wp\/v2\/posts\/4303\/revisions"}],"predecessor-version":[{"id":4306,"href":"https:\/\/www.iessenara.es\/Revista\/index.php?rest_route=\/wp\/v2\/posts\/4303\/revisions\/4306"}],"wp:featuredmedia":[{"embeddable":true,"href":"https:\/\/www.iessenara.es\/Revista\/index.php?rest_route=\/wp\/v2\/media\/4307"}],"wp:attachment":[{"href":"https:\/\/www.iessenara.es\/Revista\/index.php?rest_route=%2Fwp%2Fv2%2Fmedia&parent=4303"}],"wp:term":[{"taxonomy":"category","embeddable":true,"href":"https:\/\/www.iessenara.es\/Revista\/index.php?rest_route=%2Fwp%2Fv2%2Fcategories&post=4303"},{"taxonomy":"post_tag","embeddable":true,"href":"https:\/\/www.iessenara.es\/Revista\/index.php?rest_route=%2Fwp%2Fv2%2Ftags&post=4303"}],"curies":[{"name":"wp","href":"https:\/\/api.w.org\/{rel}","templated":true}]}}