{"id":4309,"date":"2024-01-15T13:33:10","date_gmt":"2024-01-15T12:33:10","guid":{"rendered":"http:\/\/www.iessenara.es\/Revista\/?p=4309"},"modified":"2024-01-15T18:38:40","modified_gmt":"2024-01-15T17:38:40","slug":"actividades-final-del-primer-trimestre","status":"publish","type":"post","link":"https:\/\/www.iessenara.es\/Revista\/?p=4309","title":{"rendered":"Actividades final del primer trimestre"},"content":{"rendered":"\n<p>El d\u00eda 22 de diciembre vivimos el \u00faltimo d\u00eda del trimestre, tambi\u00e9n nuestro \u00faltimo d\u00eda del a\u00f1o 2023 juntos e intentamos que fuera un d\u00eda de convivencia, m\u00e1s l\u00fadico, \u2026 en conclusi\u00f3n, un d\u00eda diferente.&nbsp;<\/p>\n\n\n\n<p>Comenzamos con el concurso de triples que tuvo gran aceptaci\u00f3n entre alumnado y profesorado y que termin\u00f3 ganando Mateo Garc\u00eda Cembell\u00edn, alumno del segundo curso de F.P. B\u00e1sica. El premio fue, como no pod\u00eda ser de otra manera, un bal\u00f3n de baloncesto.<\/p>\n\n\n\n<figure class=\"wp-block-image size-full\"><a href=\"http:\/\/www.iessenara.es\/Revista\/wp-content\/uploads\/2024\/01\/Foto-1.jpeg\"><img decoding=\"async\" loading=\"lazy\" width=\"1024\" height=\"768\" src=\"http:\/\/www.iessenara.es\/Revista\/wp-content\/uploads\/2024\/01\/Foto-1.jpeg\" alt=\"\" class=\"wp-image-4310\" srcset=\"https:\/\/www.iessenara.es\/Revista\/wp-content\/uploads\/2024\/01\/Foto-1.jpeg 1024w, https:\/\/www.iessenara.es\/Revista\/wp-content\/uploads\/2024\/01\/Foto-1-300x225.jpeg 300w, https:\/\/www.iessenara.es\/Revista\/wp-content\/uploads\/2024\/01\/Foto-1-768x576.jpeg 768w\" sizes=\"(max-width: 1024px) 100vw, 1024px\" \/><\/a><\/figure>\n\n\n\n<p><\/p>\n\n\n\n<p>A continuaci\u00f3n, desarrollamos el concurso de postres navide\u00f1os, en el que participaron 8 suculentos platos, presentados por alumnos y profesoras y tras una re\u00f1ida deliberaci\u00f3n del jurado, acab\u00f3 imponi\u00e9ndose como ganador el Bavarois de naranja que elabor\u00f3 Patricia Prieto Casc\u00f3n, cuyo premio fue un original delantal.<\/p>\n\n\n\n<div class=\"wp-block-jetpack-slideshow aligncenter\" data-effect=\"slide\"><div class=\"wp-block-jetpack-slideshow_container swiper-container\"><ul class=\"wp-block-jetpack-slideshow_swiper-wrapper swiper-wrapper\"><li class=\"wp-block-jetpack-slideshow_slide swiper-slide\"><figure><img decoding=\"async\" loading=\"lazy\" width=\"1024\" height=\"768\" alt=\"\" class=\"wp-block-jetpack-slideshow_image wp-image-4311\" data-id=\"4311\" src=\"http:\/\/www.iessenara.es\/Revista\/wp-content\/uploads\/2024\/01\/Foto-2-1024x768.jpeg\" srcset=\"https:\/\/www.iessenara.es\/Revista\/wp-content\/uploads\/2024\/01\/Foto-2-1024x768.jpeg 1024w, https:\/\/www.iessenara.es\/Revista\/wp-content\/uploads\/2024\/01\/Foto-2-300x225.jpeg 300w, https:\/\/www.iessenara.es\/Revista\/wp-content\/uploads\/2024\/01\/Foto-2-768x576.jpeg 768w, https:\/\/www.iessenara.es\/Revista\/wp-content\/uploads\/2024\/01\/Foto-2-1536x1152.jpeg 1536w, https:\/\/www.iessenara.es\/Revista\/wp-content\/uploads\/2024\/01\/Foto-2.jpeg 2000w\" sizes=\"(max-width: 1024px) 100vw, 1024px\" \/><\/figure><\/li><li class=\"wp-block-jetpack-slideshow_slide swiper-slide\"><figure><img decoding=\"async\" loading=\"lazy\" width=\"1022\" height=\"709\" alt=\"\" class=\"wp-block-jetpack-slideshow_image wp-image-4312\" data-id=\"4312\" src=\"http:\/\/www.iessenara.es\/Revista\/wp-content\/uploads\/2024\/01\/Foto-3.jpeg\" srcset=\"https:\/\/www.iessenara.es\/Revista\/wp-content\/uploads\/2024\/01\/Foto-3.jpeg 1022w, https:\/\/www.iessenara.es\/Revista\/wp-content\/uploads\/2024\/01\/Foto-3-300x208.jpeg 300w, https:\/\/www.iessenara.es\/Revista\/wp-content\/uploads\/2024\/01\/Foto-3-768x533.jpeg 768w\" sizes=\"(max-width: 1022px) 100vw, 1022px\" \/><\/figure><\/li><li class=\"wp-block-jetpack-slideshow_slide swiper-slide\"><figure><img decoding=\"async\" loading=\"lazy\" width=\"1024\" height=\"768\" alt=\"\" class=\"wp-block-jetpack-slideshow_image wp-image-4313\" data-id=\"4313\" src=\"http:\/\/www.iessenara.es\/Revista\/wp-content\/uploads\/2024\/01\/Foto-3_1-1024x768.jpg\" srcset=\"https:\/\/www.iessenara.es\/Revista\/wp-content\/uploads\/2024\/01\/Foto-3_1-1024x768.jpg 1024w, https:\/\/www.iessenara.es\/Revista\/wp-content\/uploads\/2024\/01\/Foto-3_1-300x225.jpg 300w, https:\/\/www.iessenara.es\/Revista\/wp-content\/uploads\/2024\/01\/Foto-3_1-768x576.jpg 768w, https:\/\/www.iessenara.es\/Revista\/wp-content\/uploads\/2024\/01\/Foto-3_1-1536x1152.jpg 1536w, https:\/\/www.iessenara.es\/Revista\/wp-content\/uploads\/2024\/01\/Foto-3_1-2048x1536.jpg 2048w\" sizes=\"(max-width: 1024px) 100vw, 1024px\" \/><\/figure><\/li><\/ul><a class=\"wp-block-jetpack-slideshow_button-prev swiper-button-prev swiper-button-white\" role=\"button\"><\/a><a class=\"wp-block-jetpack-slideshow_button-next swiper-button-next swiper-button-white\" role=\"button\"><\/a><a aria-label=\"Pause Slideshow\" class=\"wp-block-jetpack-slideshow_button-pause\" role=\"button\"><\/a><div class=\"wp-block-jetpack-slideshow_pagination swiper-pagination swiper-pagination-white\"><\/div><\/div><\/div>\n\n\n\n<p>Terminamos la jornada con el concurso de villancicos, en el que participaron cinco afinados coros, pero el ganador tras las consideraciones del jurado fue el formado por los profesores y profesoras. Recibieron como premio una tarta de gominolas.&nbsp;<\/p>\n\n\n\n<div class=\"wp-block-jetpack-slideshow aligncenter\" data-effect=\"slide\"><div class=\"wp-block-jetpack-slideshow_container swiper-container\"><ul class=\"wp-block-jetpack-slideshow_swiper-wrapper swiper-wrapper\"><li class=\"wp-block-jetpack-slideshow_slide swiper-slide\"><figure><img decoding=\"async\" loading=\"lazy\" width=\"1024\" height=\"768\" alt=\"\" class=\"wp-block-jetpack-slideshow_image wp-image-4330\" data-id=\"4330\" src=\"http:\/\/www.iessenara.es\/Revista\/wp-content\/uploads\/2024\/01\/WhatsApp-Image-2024-01-08-at-23.15.18-1.jpeg\" srcset=\"https:\/\/www.iessenara.es\/Revista\/wp-content\/uploads\/2024\/01\/WhatsApp-Image-2024-01-08-at-23.15.18-1.jpeg 1024w, https:\/\/www.iessenara.es\/Revista\/wp-content\/uploads\/2024\/01\/WhatsApp-Image-2024-01-08-at-23.15.18-1-300x225.jpeg 300w, https:\/\/www.iessenara.es\/Revista\/wp-content\/uploads\/2024\/01\/WhatsApp-Image-2024-01-08-at-23.15.18-1-768x576.jpeg 768w\" sizes=\"(max-width: 1024px) 100vw, 1024px\" \/><\/figure><\/li><li class=\"wp-block-jetpack-slideshow_slide swiper-slide\"><figure><img decoding=\"async\" loading=\"lazy\" width=\"1024\" height=\"768\" alt=\"\" class=\"wp-block-jetpack-slideshow_image wp-image-4315\" data-id=\"4315\" src=\"http:\/\/www.iessenara.es\/Revista\/wp-content\/uploads\/2024\/01\/Foto-5.jpeg\" srcset=\"https:\/\/www.iessenara.es\/Revista\/wp-content\/uploads\/2024\/01\/Foto-5.jpeg 1024w, https:\/\/www.iessenara.es\/Revista\/wp-content\/uploads\/2024\/01\/Foto-5-300x225.jpeg 300w, https:\/\/www.iessenara.es\/Revista\/wp-content\/uploads\/2024\/01\/Foto-5-768x576.jpeg 768w\" sizes=\"(max-width: 1024px) 100vw, 1024px\" \/><\/figure><\/li><li class=\"wp-block-jetpack-slideshow_slide swiper-slide\"><figure><img decoding=\"async\" loading=\"lazy\" width=\"1024\" height=\"768\" alt=\"\" class=\"wp-block-jetpack-slideshow_image wp-image-4314\" data-id=\"4314\" src=\"http:\/\/www.iessenara.es\/Revista\/wp-content\/uploads\/2024\/01\/Foto-4.jpeg\" srcset=\"https:\/\/www.iessenara.es\/Revista\/wp-content\/uploads\/2024\/01\/Foto-4.jpeg 1024w, https:\/\/www.iessenara.es\/Revista\/wp-content\/uploads\/2024\/01\/Foto-4-300x225.jpeg 300w, https:\/\/www.iessenara.es\/Revista\/wp-content\/uploads\/2024\/01\/Foto-4-768x576.jpeg 768w\" sizes=\"(max-width: 1024px) 100vw, 1024px\" \/><\/figure><\/li><li class=\"wp-block-jetpack-slideshow_slide swiper-slide\"><figure><img decoding=\"async\" loading=\"lazy\" width=\"1024\" height=\"768\" alt=\"\" class=\"wp-block-jetpack-slideshow_image wp-image-4327\" data-id=\"4327\" src=\"http:\/\/www.iessenara.es\/Revista\/wp-content\/uploads\/2024\/01\/WhatsApp-Image-2023-12-22-at-12.25.48-1024x768.jpeg\" srcset=\"https:\/\/www.iessenara.es\/Revista\/wp-content\/uploads\/2024\/01\/WhatsApp-Image-2023-12-22-at-12.25.48-1024x768.jpeg 1024w, https:\/\/www.iessenara.es\/Revista\/wp-content\/uploads\/2024\/01\/WhatsApp-Image-2023-12-22-at-12.25.48-300x225.jpeg 300w, https:\/\/www.iessenara.es\/Revista\/wp-content\/uploads\/2024\/01\/WhatsApp-Image-2023-12-22-at-12.25.48-768x576.jpeg 768w, https:\/\/www.iessenara.es\/Revista\/wp-content\/uploads\/2024\/01\/WhatsApp-Image-2023-12-22-at-12.25.48-1536x1152.jpeg 1536w, https:\/\/www.iessenara.es\/Revista\/wp-content\/uploads\/2024\/01\/WhatsApp-Image-2023-12-22-at-12.25.48.jpeg 1600w\" sizes=\"(max-width: 1024px) 100vw, 1024px\" \/><\/figure><\/li><li class=\"wp-block-jetpack-slideshow_slide swiper-slide\"><figure><img decoding=\"async\" loading=\"lazy\" width=\"1024\" height=\"768\" alt=\"\" class=\"wp-block-jetpack-slideshow_image wp-image-4328\" data-id=\"4328\" src=\"http:\/\/www.iessenara.es\/Revista\/wp-content\/uploads\/2024\/01\/WhatsApp-Image-2023-12-22-at-12.25.49-1024x768.jpeg\" srcset=\"https:\/\/www.iessenara.es\/Revista\/wp-content\/uploads\/2024\/01\/WhatsApp-Image-2023-12-22-at-12.25.49-1024x768.jpeg 1024w, https:\/\/www.iessenara.es\/Revista\/wp-content\/uploads\/2024\/01\/WhatsApp-Image-2023-12-22-at-12.25.49-300x225.jpeg 300w, https:\/\/www.iessenara.es\/Revista\/wp-content\/uploads\/2024\/01\/WhatsApp-Image-2023-12-22-at-12.25.49-768x576.jpeg 768w, https:\/\/www.iessenara.es\/Revista\/wp-content\/uploads\/2024\/01\/WhatsApp-Image-2023-12-22-at-12.25.49-1536x1152.jpeg 1536w, https:\/\/www.iessenara.es\/Revista\/wp-content\/uploads\/2024\/01\/WhatsApp-Image-2023-12-22-at-12.25.49.jpeg 1600w\" sizes=\"(max-width: 1024px) 100vw, 1024px\" \/><\/figure><\/li><\/ul><a class=\"wp-block-jetpack-slideshow_button-prev swiper-button-prev swiper-button-white\" role=\"button\"><\/a><a class=\"wp-block-jetpack-slideshow_button-next swiper-button-next swiper-button-white\" role=\"button\"><\/a><a aria-label=\"Pause Slideshow\" class=\"wp-block-jetpack-slideshow_button-pause\" role=\"button\"><\/a><div class=\"wp-block-jetpack-slideshow_pagination swiper-pagination swiper-pagination-white\"><\/div><\/div><\/div>\n\n\n\n<p>Adem\u00e1s, durante toda la ma\u00f1ana se celebr\u00f3 un taller de reciclaje de residuos, organizado por del departamento de Biolog\u00eda Y Geolog\u00eda, en el que participaron los alumnos de 1.\u00ba y 2.\u00ba ESO. En este taller los alumnos tuvieron que elegir el contenedor de reciclaje en el que depositar diversos tipos de residuos generados en el centro y en el hogar (cartones, bombillas, botellas de pl\u00e1stico y cristal, pilas, latas, aceite de cocina usado, envoltorios de aperitivos, tetrabriks de zumos, batidos y leche, etc). Los ganadores de cada uno de los cursos que participaban en los talleres recibieron como premio un peque\u00f1o lote de material de papeler\u00eda.<\/p>\n\n\n\n<div class=\"wp-block-jetpack-slideshow aligncenter\" data-effect=\"slide\"><div class=\"wp-block-jetpack-slideshow_container swiper-container\"><ul class=\"wp-block-jetpack-slideshow_swiper-wrapper swiper-wrapper\"><li class=\"wp-block-jetpack-slideshow_slide swiper-slide\"><figure><img decoding=\"async\" loading=\"lazy\" width=\"1024\" height=\"768\" alt=\"\" class=\"wp-block-jetpack-slideshow_image wp-image-4317\" data-id=\"4317\" src=\"http:\/\/www.iessenara.es\/Revista\/wp-content\/uploads\/2024\/01\/Foto-7.jpeg\" srcset=\"https:\/\/www.iessenara.es\/Revista\/wp-content\/uploads\/2024\/01\/Foto-7.jpeg 1024w, https:\/\/www.iessenara.es\/Revista\/wp-content\/uploads\/2024\/01\/Foto-7-300x225.jpeg 300w, https:\/\/www.iessenara.es\/Revista\/wp-content\/uploads\/2024\/01\/Foto-7-768x576.jpeg 768w\" sizes=\"(max-width: 1024px) 100vw, 1024px\" \/><\/figure><\/li><li class=\"wp-block-jetpack-slideshow_slide swiper-slide\"><figure><img decoding=\"async\" loading=\"lazy\" width=\"1024\" height=\"768\" alt=\"\" class=\"wp-block-jetpack-slideshow_image wp-image-4318\" data-id=\"4318\" src=\"http:\/\/www.iessenara.es\/Revista\/wp-content\/uploads\/2024\/01\/Foto-8.jpeg\" srcset=\"https:\/\/www.iessenara.es\/Revista\/wp-content\/uploads\/2024\/01\/Foto-8.jpeg 1024w, https:\/\/www.iessenara.es\/Revista\/wp-content\/uploads\/2024\/01\/Foto-8-300x225.jpeg 300w, https:\/\/www.iessenara.es\/Revista\/wp-content\/uploads\/2024\/01\/Foto-8-768x576.jpeg 768w\" sizes=\"(max-width: 1024px) 100vw, 1024px\" \/><\/figure><\/li><li class=\"wp-block-jetpack-slideshow_slide swiper-slide\"><figure><img decoding=\"async\" loading=\"lazy\" width=\"1024\" height=\"768\" alt=\"\" class=\"wp-block-jetpack-slideshow_image wp-image-4319\" data-id=\"4319\" src=\"http:\/\/www.iessenara.es\/Revista\/wp-content\/uploads\/2024\/01\/Foto-9.jpeg\" srcset=\"https:\/\/www.iessenara.es\/Revista\/wp-content\/uploads\/2024\/01\/Foto-9.jpeg 1024w, https:\/\/www.iessenara.es\/Revista\/wp-content\/uploads\/2024\/01\/Foto-9-300x225.jpeg 300w, https:\/\/www.iessenara.es\/Revista\/wp-content\/uploads\/2024\/01\/Foto-9-768x576.jpeg 768w\" sizes=\"(max-width: 1024px) 100vw, 1024px\" \/><\/figure><\/li><li class=\"wp-block-jetpack-slideshow_slide swiper-slide\"><figure><img decoding=\"async\" loading=\"lazy\" width=\"1024\" height=\"768\" alt=\"\" class=\"wp-block-jetpack-slideshow_image wp-image-4320\" data-id=\"4320\" src=\"http:\/\/www.iessenara.es\/Revista\/wp-content\/uploads\/2024\/01\/Foto-10.jpeg\" srcset=\"https:\/\/www.iessenara.es\/Revista\/wp-content\/uploads\/2024\/01\/Foto-10.jpeg 1024w, https:\/\/www.iessenara.es\/Revista\/wp-content\/uploads\/2024\/01\/Foto-10-300x225.jpeg 300w, https:\/\/www.iessenara.es\/Revista\/wp-content\/uploads\/2024\/01\/Foto-10-768x576.jpeg 768w\" sizes=\"(max-width: 1024px) 100vw, 1024px\" \/><\/figure><\/li><\/ul><a class=\"wp-block-jetpack-slideshow_button-prev swiper-button-prev swiper-button-white\" role=\"button\"><\/a><a class=\"wp-block-jetpack-slideshow_button-next swiper-button-next swiper-button-white\" role=\"button\"><\/a><a aria-label=\"Pause Slideshow\" class=\"wp-block-jetpack-slideshow_button-pause\" role=\"button\"><\/a><div class=\"wp-block-jetpack-slideshow_pagination swiper-pagination swiper-pagination-white\"><\/div><\/div><\/div>\n\n\n\n<p>En la entrega de premios tambi\u00e9n se reconoci\u00f3 el trabajo y originalidad de la postal ganadora del concurso de postales navide\u00f1as elaborada por Sara S\u00e1ez Garc\u00eda, que adem\u00e1s de recibir como premio material de papeler\u00eda, tuvo la gratificaci\u00f3n de que su postal represent\u00f3 al IES Senara en sus felicitaciones navide\u00f1as.<\/p>\n\n\n\n<figure class=\"wp-block-image size-large\"><a href=\"http:\/\/www.iessenara.es\/Revista\/wp-content\/uploads\/2024\/01\/Foto-11-scaled.jpg\"><img decoding=\"async\" loading=\"lazy\" width=\"1024\" height=\"768\" src=\"http:\/\/www.iessenara.es\/Revista\/wp-content\/uploads\/2024\/01\/Foto-11-1024x768.jpg\" alt=\"\" class=\"wp-image-4321\" srcset=\"https:\/\/www.iessenara.es\/Revista\/wp-content\/uploads\/2024\/01\/Foto-11-1024x768.jpg 1024w, https:\/\/www.iessenara.es\/Revista\/wp-content\/uploads\/2024\/01\/Foto-11-300x225.jpg 300w, https:\/\/www.iessenara.es\/Revista\/wp-content\/uploads\/2024\/01\/Foto-11-768x576.jpg 768w, https:\/\/www.iessenara.es\/Revista\/wp-content\/uploads\/2024\/01\/Foto-11-1536x1152.jpg 1536w, https:\/\/www.iessenara.es\/Revista\/wp-content\/uploads\/2024\/01\/Foto-11-2048x1536.jpg 2048w\" sizes=\"(max-width: 1024px) 100vw, 1024px\" \/><\/a><\/figure>\n\n\n\n<p><\/p>\n\n\n\n<p>Queremos transmitir nuestro agradecimiento a todos los participantes, tanto en las actividades como en los jurados, as\u00ed como a los asistentes, que hicieron con su presencia y participaci\u00f3n que este d\u00eda fuese especial.<\/p>\n","protected":false},"excerpt":{"rendered":"<p>El d\u00eda 22 de diciembre vivimos el \u00faltimo d\u00eda del trimestre, tambi\u00e9n nuestro \u00faltimo d\u00eda del a\u00f1o 2023 juntos e intentamos que fuera un d\u00eda de convivencia, m\u00e1s l\u00fadico, \u2026 en conclusi\u00f3n, un d\u00eda&#46;&#46;&#46;<\/p>\n","protected":false},"author":3,"featured_media":4324,"comment_status":"open","ping_status":"open","sticky":false,"template":"","format":"standard","meta":{"jetpack_post_was_ever_published":false,"jetpack_publicize_message":"","jetpack_is_tweetstorm":false,"jetpack_publicize_feature_enabled":true,"jetpack_social_options":[]},"categories":[1,8],"tags":[417,247,418,146,416],"jetpack_publicize_connections":[],"jetpack_featured_media_url":"https:\/\/www.iessenara.es\/Revista\/wp-content\/uploads\/2024\/01\/22-de-diciembre-2023-foto-16_9.jpeg","jetpack_sharing_enabled":true,"jetpack_shortlink":"https:\/\/wp.me\/p5mbkp-17v","_links":{"self":[{"href":"https:\/\/www.iessenara.es\/Revista\/index.php?rest_route=\/wp\/v2\/posts\/4309"}],"collection":[{"href":"https:\/\/www.iessenara.es\/Revista\/index.php?rest_route=\/wp\/v2\/posts"}],"about":[{"href":"https:\/\/www.iessenara.es\/Revista\/index.php?rest_route=\/wp\/v2\/types\/post"}],"author":[{"embeddable":true,"href":"https:\/\/www.iessenara.es\/Revista\/index.php?rest_route=\/wp\/v2\/users\/3"}],"replies":[{"embeddable":true,"href":"https:\/\/www.iessenara.es\/Revista\/index.php?rest_route=%2Fwp%2Fv2%2Fcomments&post=4309"}],"version-history":[{"count":7,"href":"https:\/\/www.iessenara.es\/Revista\/index.php?rest_route=\/wp\/v2\/posts\/4309\/revisions"}],"predecessor-version":[{"id":4347,"href":"https:\/\/www.iessenara.es\/Revista\/index.php?rest_route=\/wp\/v2\/posts\/4309\/revisions\/4347"}],"wp:featuredmedia":[{"embeddable":true,"href":"https:\/\/www.iessenara.es\/Revista\/index.php?rest_route=\/wp\/v2\/media\/4324"}],"wp:attachment":[{"href":"https:\/\/www.iessenara.es\/Revista\/index.php?rest_route=%2Fwp%2Fv2%2Fmedia&parent=4309"}],"wp:term":[{"taxonomy":"category","embeddable":true,"href":"https:\/\/www.iessenara.es\/Revista\/index.php?rest_route=%2Fwp%2Fv2%2Fcategories&post=4309"},{"taxonomy":"post_tag","embeddable":true,"href":"https:\/\/www.iessenara.es\/Revista\/index.php?rest_route=%2Fwp%2Fv2%2Ftags&post=4309"}],"curies":[{"name":"wp","href":"https:\/\/api.w.org\/{rel}","templated":true}]}}