{"id":4402,"date":"2024-03-07T20:23:57","date_gmt":"2024-03-07T19:23:57","guid":{"rendered":"http:\/\/www.iessenara.es\/Revista\/?p=4402"},"modified":"2024-03-07T20:23:58","modified_gmt":"2024-03-07T19:23:58","slug":"croniques-dun-voyage-annonce-en-france","status":"publish","type":"post","link":"https:\/\/www.iessenara.es\/Revista\/?p=4402","title":{"rendered":"Croniques d\u2019un voyage annonc\u00e9 en France"},"content":{"rendered":"\n<p><strong>Mi\u00e9rcoles 21 de febrero:<\/strong>&nbsp;<\/p>\n\n\n\n<p>A las 00:00, salimos de Salamanca hacia Toulouse, donde llegamos a las 11, para visitar la ciudad buscando tesoros con el m\u00f3vil. Por la tarde, nos reencontramos en una plaza para ir al albergue. Est\u00e1bamos algo cansados despu\u00e9s de una noche un poco larga en el autocar.\u202f&nbsp;<\/p>\n\n\n\n<div class=\"wp-block-jetpack-slideshow aligncenter\" data-effect=\"slide\"><div class=\"wp-block-jetpack-slideshow_container swiper-container\"><ul class=\"wp-block-jetpack-slideshow_swiper-wrapper swiper-wrapper\"><li class=\"wp-block-jetpack-slideshow_slide swiper-slide\"><figure><img decoding=\"async\" loading=\"lazy\" width=\"768\" height=\"1024\" alt=\"\" class=\"wp-block-jetpack-slideshow_image wp-image-4415\" data-id=\"4415\" src=\"http:\/\/www.iessenara.es\/Revista\/wp-content\/uploads\/2024\/03\/Toulouse-1-768x1024.jpeg\" srcset=\"https:\/\/www.iessenara.es\/Revista\/wp-content\/uploads\/2024\/03\/Toulouse-1-768x1024.jpeg 768w, https:\/\/www.iessenara.es\/Revista\/wp-content\/uploads\/2024\/03\/Toulouse-1-225x300.jpeg 225w, https:\/\/www.iessenara.es\/Revista\/wp-content\/uploads\/2024\/03\/Toulouse-1.jpeg 960w\" sizes=\"(max-width: 768px) 100vw, 768px\" \/><\/figure><\/li><li class=\"wp-block-jetpack-slideshow_slide swiper-slide\"><figure><img decoding=\"async\" loading=\"lazy\" width=\"768\" height=\"1024\" alt=\"\" class=\"wp-block-jetpack-slideshow_image wp-image-4414\" data-id=\"4414\" src=\"http:\/\/www.iessenara.es\/Revista\/wp-content\/uploads\/2024\/03\/cena-albergue-2-768x1024.jpeg\" srcset=\"https:\/\/www.iessenara.es\/Revista\/wp-content\/uploads\/2024\/03\/cena-albergue-2-768x1024.jpeg 768w, https:\/\/www.iessenara.es\/Revista\/wp-content\/uploads\/2024\/03\/cena-albergue-2-225x300.jpeg 225w, https:\/\/www.iessenara.es\/Revista\/wp-content\/uploads\/2024\/03\/cena-albergue-2.jpeg 960w\" sizes=\"(max-width: 768px) 100vw, 768px\" \/><\/figure><\/li><\/ul><a class=\"wp-block-jetpack-slideshow_button-prev swiper-button-prev swiper-button-white\" role=\"button\"><\/a><a class=\"wp-block-jetpack-slideshow_button-next swiper-button-next swiper-button-white\" role=\"button\"><\/a><a aria-label=\"Pause Slideshow\" class=\"wp-block-jetpack-slideshow_button-pause\" role=\"button\"><\/a><div class=\"wp-block-jetpack-slideshow_pagination swiper-pagination swiper-pagination-white\"><\/div><\/div><\/div>\n\n\n\n<p><strong>Jueves 22 de febrero:<\/strong>&nbsp;<\/p>\n\n\n\n<p>Salimos hacia Albi para visitar una catedral de r\u00e9cord, Santa Cecilia, la catedral m\u00e1s grande de ladrillo del mundo, y con el \u00f3rgano m\u00e1s grande de Francia, con m\u00e1s de 3.000 tubos. Por la tarde, visitamos el museo de Toulouse Lautrec.\u202f<\/p>\n\n\n\n<div class=\"wp-block-jetpack-slideshow aligncenter\" data-effect=\"slide\"><div class=\"wp-block-jetpack-slideshow_container swiper-container\"><ul class=\"wp-block-jetpack-slideshow_swiper-wrapper swiper-wrapper\"><li class=\"wp-block-jetpack-slideshow_slide swiper-slide\"><figure><img decoding=\"async\" loading=\"lazy\" width=\"1024\" height=\"768\" alt=\"\" class=\"wp-block-jetpack-slideshow_image wp-image-4403\" data-id=\"4403\" src=\"http:\/\/www.iessenara.es\/Revista\/wp-content\/uploads\/2024\/03\/Albi-1024x768.jpeg\" srcset=\"https:\/\/www.iessenara.es\/Revista\/wp-content\/uploads\/2024\/03\/Albi-1024x768.jpeg 1024w, https:\/\/www.iessenara.es\/Revista\/wp-content\/uploads\/2024\/03\/Albi-300x225.jpeg 300w, https:\/\/www.iessenara.es\/Revista\/wp-content\/uploads\/2024\/03\/Albi-768x576.jpeg 768w, https:\/\/www.iessenara.es\/Revista\/wp-content\/uploads\/2024\/03\/Albi.jpeg 1280w\" sizes=\"(max-width: 1024px) 100vw, 1024px\" \/><\/figure><\/li><\/ul><a class=\"wp-block-jetpack-slideshow_button-prev swiper-button-prev swiper-button-white\" role=\"button\"><\/a><a class=\"wp-block-jetpack-slideshow_button-next swiper-button-next swiper-button-white\" role=\"button\"><\/a><a aria-label=\"Pause Slideshow\" class=\"wp-block-jetpack-slideshow_button-pause\" role=\"button\"><\/a><div class=\"wp-block-jetpack-slideshow_pagination swiper-pagination swiper-pagination-white\"><\/div><\/div><\/div>\n\n\n\n<p><strong>Viernes 23 de febrero:<\/strong>&nbsp;<\/p>\n\n\n\n<p>Llegamos al Gouffre de Cabrespine, \u00a1el m\u00e1s grande de Europa! Aprendimos mucho sobre r\u00edos subterr\u00e1neos, estalactitas, etc&#8230; Luego, cogimos el bus otra vez para ir a Carcassonne, que es como un \u00c1vila peque\u00f1o. Tiene una muralla muy bien conservada, con un castillo en su interior: fue como volver a la \u00e9poca medieval. A la vuelta, tuvimos un karaoke en el albergue para despedirnos.&nbsp;<\/p>\n\n\n\n<div class=\"wp-block-jetpack-slideshow aligncenter\" data-effect=\"slide\"><div class=\"wp-block-jetpack-slideshow_container swiper-container\"><ul class=\"wp-block-jetpack-slideshow_swiper-wrapper swiper-wrapper\"><li class=\"wp-block-jetpack-slideshow_slide swiper-slide\"><figure><img decoding=\"async\" loading=\"lazy\" width=\"1024\" height=\"768\" alt=\"\" class=\"wp-block-jetpack-slideshow_image wp-image-4410\" data-id=\"4410\" src=\"http:\/\/www.iessenara.es\/Revista\/wp-content\/uploads\/2024\/03\/Gouffre-Cabrespine-1-1024x768.jpeg\" srcset=\"https:\/\/www.iessenara.es\/Revista\/wp-content\/uploads\/2024\/03\/Gouffre-Cabrespine-1-1024x768.jpeg 1024w, https:\/\/www.iessenara.es\/Revista\/wp-content\/uploads\/2024\/03\/Gouffre-Cabrespine-1-300x225.jpeg 300w, https:\/\/www.iessenara.es\/Revista\/wp-content\/uploads\/2024\/03\/Gouffre-Cabrespine-1-768x576.jpeg 768w, https:\/\/www.iessenara.es\/Revista\/wp-content\/uploads\/2024\/03\/Gouffre-Cabrespine-1.jpeg 1280w\" sizes=\"(max-width: 1024px) 100vw, 1024px\" \/><\/figure><\/li><li class=\"wp-block-jetpack-slideshow_slide swiper-slide\"><figure><img decoding=\"async\" loading=\"lazy\" width=\"1024\" height=\"768\" alt=\"\" class=\"wp-block-jetpack-slideshow_image wp-image-4409\" data-id=\"4409\" src=\"http:\/\/www.iessenara.es\/Revista\/wp-content\/uploads\/2024\/03\/Carcasona-1-1024x768.jpeg\" srcset=\"https:\/\/www.iessenara.es\/Revista\/wp-content\/uploads\/2024\/03\/Carcasona-1-1024x768.jpeg 1024w, https:\/\/www.iessenara.es\/Revista\/wp-content\/uploads\/2024\/03\/Carcasona-1-300x225.jpeg 300w, https:\/\/www.iessenara.es\/Revista\/wp-content\/uploads\/2024\/03\/Carcasona-1-768x576.jpeg 768w, https:\/\/www.iessenara.es\/Revista\/wp-content\/uploads\/2024\/03\/Carcasona-1.jpeg 1280w\" sizes=\"(max-width: 1024px) 100vw, 1024px\" \/><\/figure><\/li><li class=\"wp-block-jetpack-slideshow_slide swiper-slide\"><figure><img decoding=\"async\" loading=\"lazy\" width=\"1024\" height=\"768\" alt=\"\" class=\"wp-block-jetpack-slideshow_image wp-image-4411\" data-id=\"4411\" src=\"http:\/\/www.iessenara.es\/Revista\/wp-content\/uploads\/2024\/03\/Karaoke-1-1024x768.jpeg\" srcset=\"https:\/\/www.iessenara.es\/Revista\/wp-content\/uploads\/2024\/03\/Karaoke-1-1024x768.jpeg 1024w, https:\/\/www.iessenara.es\/Revista\/wp-content\/uploads\/2024\/03\/Karaoke-1-300x225.jpeg 300w, https:\/\/www.iessenara.es\/Revista\/wp-content\/uploads\/2024\/03\/Karaoke-1-768x576.jpeg 768w, https:\/\/www.iessenara.es\/Revista\/wp-content\/uploads\/2024\/03\/Karaoke-1.jpeg 1280w\" sizes=\"(max-width: 1024px) 100vw, 1024px\" \/><\/figure><\/li><li class=\"wp-block-jetpack-slideshow_slide swiper-slide\"><figure><img decoding=\"async\" loading=\"lazy\" width=\"1024\" height=\"695\" alt=\"\" class=\"wp-block-jetpack-slideshow_image wp-image-4412\" data-id=\"4412\" src=\"http:\/\/www.iessenara.es\/Revista\/wp-content\/uploads\/2024\/03\/Karaoke-1024x695.jpeg\" srcset=\"https:\/\/www.iessenara.es\/Revista\/wp-content\/uploads\/2024\/03\/Karaoke-1024x695.jpeg 1024w, https:\/\/www.iessenara.es\/Revista\/wp-content\/uploads\/2024\/03\/Karaoke-300x204.jpeg 300w, https:\/\/www.iessenara.es\/Revista\/wp-content\/uploads\/2024\/03\/Karaoke-768x521.jpeg 768w, https:\/\/www.iessenara.es\/Revista\/wp-content\/uploads\/2024\/03\/Karaoke.jpeg 1280w\" sizes=\"(max-width: 1024px) 100vw, 1024px\" \/><\/figure><\/li><\/ul><a class=\"wp-block-jetpack-slideshow_button-prev swiper-button-prev swiper-button-white\" role=\"button\"><\/a><a class=\"wp-block-jetpack-slideshow_button-next swiper-button-next swiper-button-white\" role=\"button\"><\/a><a aria-label=\"Pause Slideshow\" class=\"wp-block-jetpack-slideshow_button-pause\" role=\"button\"><\/a><div class=\"wp-block-jetpack-slideshow_pagination swiper-pagination swiper-pagination-white\"><\/div><\/div><\/div>\n\n\n\n<p><strong>S\u00e1bado 24 de febrero:<\/strong>&nbsp;<\/p>\n\n\n\n<p>Salimos del albergue pronto para poder comer y pasear por Bayona, pero el tiempo mal\u00edsimo no nos lo permiti\u00f3. Nos quedamos en un centro comercial y aprovechamos para hacer las \u00faltimas compras. Llegamos a las 20h, cansados, pero \u00a1muy contentos con nuestro viaje cultural!&nbsp;<\/p>\n","protected":false},"excerpt":{"rendered":"<p>Mi\u00e9rcoles 21 de febrero:&nbsp; A las 00:00, salimos de Salamanca hacia Toulouse, donde llegamos a las 11, para visitar la ciudad buscando tesoros con el m\u00f3vil. Por la tarde, nos reencontramos en una plaza&#46;&#46;&#46;<\/p>\n","protected":false},"author":3,"featured_media":4418,"comment_status":"open","ping_status":"open","sticky":false,"template":"","format":"standard","meta":{"jetpack_post_was_ever_published":false,"jetpack_publicize_message":"","jetpack_is_tweetstorm":false,"jetpack_publicize_feature_enabled":true,"jetpack_social_options":[]},"categories":[6],"tags":[430,428,55,429],"jetpack_publicize_connections":[],"jetpack_featured_media_url":"https:\/\/www.iessenara.es\/Revista\/wp-content\/uploads\/2024\/03\/Viaje-Francia-16_9.jpg","jetpack_sharing_enabled":true,"jetpack_shortlink":"https:\/\/wp.me\/p5mbkp-190","_links":{"self":[{"href":"https:\/\/www.iessenara.es\/Revista\/index.php?rest_route=\/wp\/v2\/posts\/4402"}],"collection":[{"href":"https:\/\/www.iessenara.es\/Revista\/index.php?rest_route=\/wp\/v2\/posts"}],"about":[{"href":"https:\/\/www.iessenara.es\/Revista\/index.php?rest_route=\/wp\/v2\/types\/post"}],"author":[{"embeddable":true,"href":"https:\/\/www.iessenara.es\/Revista\/index.php?rest_route=\/wp\/v2\/users\/3"}],"replies":[{"embeddable":true,"href":"https:\/\/www.iessenara.es\/Revista\/index.php?rest_route=%2Fwp%2Fv2%2Fcomments&post=4402"}],"version-history":[{"count":5,"href":"https:\/\/www.iessenara.es\/Revista\/index.php?rest_route=\/wp\/v2\/posts\/4402\/revisions"}],"predecessor-version":[{"id":4420,"href":"https:\/\/www.iessenara.es\/Revista\/index.php?rest_route=\/wp\/v2\/posts\/4402\/revisions\/4420"}],"wp:featuredmedia":[{"embeddable":true,"href":"https:\/\/www.iessenara.es\/Revista\/index.php?rest_route=\/wp\/v2\/media\/4418"}],"wp:attachment":[{"href":"https:\/\/www.iessenara.es\/Revista\/index.php?rest_route=%2Fwp%2Fv2%2Fmedia&parent=4402"}],"wp:term":[{"taxonomy":"category","embeddable":true,"href":"https:\/\/www.iessenara.es\/Revista\/index.php?rest_route=%2Fwp%2Fv2%2Fcategories&post=4402"},{"taxonomy":"post_tag","embeddable":true,"href":"https:\/\/www.iessenara.es\/Revista\/index.php?rest_route=%2Fwp%2Fv2%2Ftags&post=4402"}],"curies":[{"name":"wp","href":"https:\/\/api.w.org\/{rel}","templated":true}]}}