{"id":4744,"date":"2024-06-03T09:19:58","date_gmt":"2024-06-03T08:19:58","guid":{"rendered":"http:\/\/www.iessenara.es\/Revista\/?p=4744"},"modified":"2024-06-04T09:55:27","modified_gmt":"2024-06-04T08:55:27","slug":"entrevista-a-los-alumnos","status":"publish","type":"post","link":"https:\/\/www.iessenara.es\/Revista\/?p=4744","title":{"rendered":"Los alumnos de Formaci\u00f3n Profesional B\u00e1sica II realizan sus pr\u00e1cticas en empresas\u00a0"},"content":{"rendered":"\n<p>Los alumnos y alumnas de Formaci\u00f3n Profesional B\u00e1sica II nos cuentan su experiencia en las pr\u00e1cticas en empresas incluidas en el m\u00f3dulo de Formaci\u00f3n en Centro de Trabajo (FCT).<\/p>\n\n\n\n<p class=\"has-drop-cap\">D<strong>aniel S\u00e1nchez Reinoso, natural <\/strong>de Palaciosrubios ha realizado la pr\u00e1cticas en el ayuntamiento de esta localidad. <\/p>\n\n\n\n<p><strong>1. \u00bfC\u00f3mo te imaginabas las pr\u00e1cticas antes de empezarlas?<\/strong>&nbsp;<\/p>\n\n\n\n<p>Me las imaginaba m\u00e1s dif\u00edciles por ser una cosa nueva.&nbsp;<\/p>\n\n\n\n<p><strong>2. \u00bfTe gusta el trabajo que est\u00e1s realizando? \u00bfEs complicado?<\/strong>&nbsp;<\/p>\n\n\n\n<p>S\u00ed me gusta, porque no son trabajos dif\u00edciles, son en cambio bastante sencillos.&nbsp;<\/p>\n\n\n\n<p><strong>3. \u00bfC\u00f3mo te recibieron en el lugar en el que realizas las pr\u00e1cticas?<\/strong>&nbsp;<\/p>\n\n\n\n<p>Me recibieron bastante bien, ya que yo estoy realizando las pr\u00e1cticas en mi pueblo por lo cual ya nos conoc\u00edamos.&nbsp;<\/p>\n\n\n\n<p><strong>4. \u00bfEstabas nervioso cuando llegaste?<\/strong>&nbsp;<\/p>\n\n\n\n<p>Estaba un poco nervioso, pero ya que conoc\u00eda a la gente con quien iba a estar y que mi profesor Gonzalo me acompa\u00f1\u00f3 el primer d\u00eda, la verdad es que no mucho.&nbsp;<\/p>\n\n\n\n<p><strong>5. \u00bfEchas de menos a tus compa\u00f1eros con los que ibas a clase?<\/strong>&nbsp;<\/p>\n\n\n\n<p>En una parte s\u00ed por no verlos, pero hemos seguido en contacto.&nbsp;<\/p>\n\n\n\n<p><strong>6. \u00bfSe te ha hecho muy raro el cambio del instituto a una empresa? \u00bfPor qu\u00e9?<\/strong>&nbsp;<\/p>\n\n\n\n<p>Ha sido diferente, sobre todo los horarios y en mi caso porque tengo que estar casi todo el tiempo solo.&nbsp;<\/p>\n\n\n\n<p><strong>7. Concreta qu\u00e9 tareas has realizado durante tus pr\u00e1cticas.<\/strong>&nbsp;<\/p>\n\n\n\n<p>He actualizado el inventario de la biblioteca municipal, he actualizado la sala de ordenadores municipal, he realizado un peque\u00f1o mantenimiento de las instalaciones del gimnasio municipal, he ayudado al alguacil en alguna de sus tareas y he realizado un cursillo sobre la correcta utilizaci\u00f3n de dispositivos m\u00f3viles hacia las personas del municipio.<\/p>\n\n\n\n<figure class=\"wp-block-image size-large is-resized\"><a href=\"http:\/\/www.iessenara.es\/Revista\/wp-content\/uploads\/2024\/06\/DANIEL.jpg\"><img decoding=\"async\" loading=\"lazy\" src=\"http:\/\/www.iessenara.es\/Revista\/wp-content\/uploads\/2024\/06\/DANIEL-769x1024.jpg\" alt=\"\" class=\"wp-image-4785\" width=\"417\" height=\"556\" srcset=\"https:\/\/www.iessenara.es\/Revista\/wp-content\/uploads\/2024\/06\/DANIEL-769x1024.jpg 769w, https:\/\/www.iessenara.es\/Revista\/wp-content\/uploads\/2024\/06\/DANIEL-225x300.jpg 225w, https:\/\/www.iessenara.es\/Revista\/wp-content\/uploads\/2024\/06\/DANIEL-768x1023.jpg 768w, https:\/\/www.iessenara.es\/Revista\/wp-content\/uploads\/2024\/06\/DANIEL-1153x1536.jpg 1153w, https:\/\/www.iessenara.es\/Revista\/wp-content\/uploads\/2024\/06\/DANIEL.jpg 1201w\" sizes=\"(max-width: 417px) 100vw, 417px\" \/><\/a><\/figure>\n\n\n\n<p><\/p>\n\n\n\n<p><strong>8. \u00bfEst\u00e1s poniendo en pr\u00e1ctica todo lo que aprendiste?<\/strong>&nbsp;<\/p>\n\n\n\n<p>No, solo he puesto en pr\u00e1ctica algunas partes de las que aprend\u00ed.&nbsp;<\/p>\n\n\n\n<p><strong>9. \u00bfQu\u00e9 vas a hacer cuando termines las pr\u00e1cticas?<\/strong>&nbsp;<\/p>\n\n\n\n<p>Tengo pensado cambiar hacia un grado medio de carrocer\u00eda para este pr\u00f3ximo a\u00f1o.&nbsp;<\/p>\n\n\n\n<p><strong>10. Despu\u00e9s de hacer las pr\u00e1cticas y ver lo que es, \u00bfseguir\u00edas estudiando servicios administrativos?<\/strong>&nbsp;<\/p>\n\n\n\n<p>No, no tengo pensado seguir en servicios administrativos, pero s\u00ed en otros ciclos formativos.&nbsp;<\/p>\n\n\n\n<p><strong>11. \u00bfTe gustar\u00eda trabajar alg\u00fan d\u00eda all\u00ed donde est\u00e1s haciendo las pr\u00e1cticas?<\/strong>&nbsp;<\/p>\n\n\n\n<p>No es un trabajo que me apasione, pero s\u00ed que ser\u00eda un buen trabajo debido a la comodidad de que sea en mi mismo municipio.\u202f&nbsp;<\/p>\n\n\n\n<p class=\"has-drop-cap\">A<strong>lejandra \u00c1lvarez Le\u00f3n<\/strong>, natural de Cantalapiedra, ha realizado las pr\u00e1cticas en el CEIP Filiberto Villalobos (Babilafuente).<\/p>\n\n\n\n<p><strong>1. \u00bfC\u00f3mo te imaginabas las pr\u00e1cticas antes de empezarlas?<\/strong>&nbsp;<\/p>\n\n\n\n<p>Mi idea de las pr\u00e1cticas era muy buena, pero al empezar y en este tiempo que llevo haci\u00e9ndolas me he dado cuenta de que son mucho mejor de lo que pensaba, est\u00e1 siendo una buena experiencia.&nbsp;<\/p>\n\n\n\n<p><strong>2. \u00bfTe gusta el trabajo que est\u00e1s realizando? \u00bfEs complicado?<\/strong>&nbsp;<\/p>\n\n\n\n<p>Si, me encanta el trabajo que estoy realizando y no es para nada complicado, estoy haciendo todo lo que hemos dado en clase.&nbsp;<\/p>\n\n\n\n<p><strong>3. \u00bfC\u00f3mo te recibieron en el lugar en el que realizas las pr\u00e1cticas?<\/strong><strong>&nbsp;<\/strong>&nbsp;<\/p>\n\n\n\n<p>Me recibieron desde el primer d\u00eda como si fuera una m\u00e1s y me han ayudado en todo, me llevo un buen recuerdo de ell@s.&nbsp;<\/p>\n\n\n\n<p><strong>4. \u00bfEstabas nerviosa cuando llegaste?<\/strong><strong>&nbsp;<\/strong>&nbsp;<\/p>\n\n\n\n<p>Si, la verdad que estaba algo nerviosa el primer d\u00eda, era un sitio nuevo y no sabias como ibas a encajar, pero al segundo d\u00eda ya se me hab\u00eda pasado.&nbsp;<\/p>\n\n\n\n<p><strong>5. \u00bfEchas de menos a tus compa\u00f1eros con los que ibas a clase?<\/strong><strong>&nbsp;<\/strong>&nbsp;<\/p>\n\n\n\n<p>Si, es complicado estar con ciertas personas durante dos cursos y de un d\u00eda para otro que todo cambie totalmente, pero mantenemos muy buena relaci\u00f3n.&nbsp;<\/p>\n\n\n\n<p><\/p>\n\n\n\n<figure class=\"wp-block-image size-full is-resized\"><a href=\"http:\/\/www.iessenara.es\/Revista\/wp-content\/uploads\/2024\/06\/Alejandra_1.jpg\"><img decoding=\"async\" loading=\"lazy\" src=\"http:\/\/www.iessenara.es\/Revista\/wp-content\/uploads\/2024\/06\/Alejandra_1.jpg\" alt=\"\" class=\"wp-image-4796\" width=\"410\" height=\"547\" srcset=\"https:\/\/www.iessenara.es\/Revista\/wp-content\/uploads\/2024\/06\/Alejandra_1.jpg 675w, https:\/\/www.iessenara.es\/Revista\/wp-content\/uploads\/2024\/06\/Alejandra_1-225x300.jpg 225w\" sizes=\"(max-width: 410px) 100vw, 410px\" \/><\/a><\/figure>\n\n\n\n<p><\/p>\n\n\n\n<p><strong>6. \u00bfSe te ha hecho muy raro el cambio del instituto a una empresa? \u00bfPor qu\u00e9?\u00a0<\/strong>\u00a0<\/p>\n\n\n\n<p>Es un poco raro, porque pasas de dar clase y de tener la misma rutina durante tanto tiempo para luego tener una totalmente diferente.&nbsp;<\/p>\n\n\n\n<p><strong>7. Concreta qu\u00e9 tareas has realizado durante tus pr\u00e1cticas.<\/strong><strong>&nbsp;<\/strong>&nbsp;<\/p>\n\n\n\n<p>He hecho circulares, ex\u00e1menes de alguna asignatura, dar alguna clase a algunos alumnos, hacer fotocopias, encargarme de la recogida de circulares y el listado de alumnos que lo entregan, recoger un laboratorio para hacerlo una biblioteca, clasificar algunos libros, y un mont\u00f3n de cosas m\u00e1s.&nbsp;<\/p>\n\n\n\n<p><strong>8. \u00bfEst\u00e1s poniendo en pr\u00e1ctica todo lo que aprendiste?<\/strong><strong>&nbsp;<\/strong>&nbsp;<\/p>\n\n\n\n<p>S\u00ed, todo lo estoy poniendo en pr\u00e1ctica y me ha servido de mucho, salvo el Excel que de momento no le he usado.&nbsp;<\/p>\n\n\n\n<p><strong>9. \u00bfQu\u00e9 vas a hacer cuando termines las pr\u00e1cticas?<\/strong><strong>&nbsp;<\/strong>&nbsp;<\/p>\n\n\n\n<p>Seguir form\u00e1ndome en un grado medio.&nbsp;<\/p>\n\n\n\n<p><strong>10. Despu\u00e9s de hacer las pr\u00e1cticas y ver lo que es, \u00bfseguir\u00edas estudiando servicios administrativos?<\/strong><strong>&nbsp;<\/strong>&nbsp;<\/p>\n\n\n\n<p>S\u00ed y no, es un trabajo que me gusta, pero no es mi vocaci\u00f3n.\u202f&nbsp;<\/p>\n\n\n\n<p class=\"has-drop-cap\">V<strong>aleri Alcal\u00e1 \u00c1lvarez<\/strong>, natural de Salamanca, ha realizado las pr\u00e1cticas en el CEIP Juan Ja\u00e9n (Salamanca).<\/p>\n\n\n\n<p><strong>1.<\/strong> \u00bf<strong>C\u00f3mo te imaginabas las pr\u00e1cticas antes de empezarlas?<\/strong>&nbsp;<\/p>\n\n\n\n<p>Me las imaginaba dif\u00edciles, pero yo creo que fue m\u00e1s por los nervios de ir a un lugar nuevo y sin saber qu\u00e9 ibas hacer.&nbsp;<\/p>\n\n\n\n<p><strong>2. \u00bfTe gusta el trabajo que est\u00e1s realizando? \u00bfEs complicado?<\/strong>&nbsp;<\/p>\n\n\n\n<p>Me gusta mucho, pens\u00e9 que iba a ser m\u00e1s complicado, pero al final es todo lo contrario.&nbsp;<\/p>\n\n\n\n<p><strong>3. \u00bfC\u00f3mo te recibieron en el lugar en el que realizas las pr\u00e1cticas?<\/strong>&nbsp;<\/p>\n\n\n\n<p>Me recibieron con una gran sonrisa y fueron muy amables conmigo.\u202f&nbsp;<\/p>\n\n\n\n<p><strong>4. \u00bfEstabas nervioso cuando llegaste?<\/strong>&nbsp;<\/p>\n\n\n\n<p>S\u00ed, estaba muy nerviosa porque no sab\u00eda c\u00f3mo me iban a recibir o qu\u00e9 me iban a mandar hacer.\u202f&nbsp;<\/p>\n\n\n\n<p><strong>5. \u00bfEchas de menos a tus compa\u00f1eros con los que ibas a clase?<\/strong>&nbsp;<\/p>\n\n\n\n<p>M\u00e1s que todo echas de menos las risas en clase.\u202f&nbsp;<\/p>\n\n\n\n<p><strong>6. \u00bfSe te ha hecho muy raro el cambio del instituto a una empresa? \u00bfPor qu\u00e9?<\/strong>&nbsp;<\/p>\n\n\n\n<p>S\u00ed, mucho porque estar en una empresa ya es una responsabilidad m\u00e1s grande.&nbsp;<\/p>\n\n\n\n<p><strong>7. Concreta qu\u00e9 tareas has realizado durante tus pr\u00e1cticas.<\/strong>&nbsp;<\/p>\n\n\n\n<p>Mando correos, ayudo con los ni\u00f1os, ayud\u00f3 al director por las ma\u00f1anas a abrir las puertas del colegio.&nbsp;<\/p>\n\n\n\n<p><strong>8. \u00bfEst\u00e1s poniendo en pr\u00e1ctica todo lo que aprendiste?<\/strong>&nbsp;<\/p>\n\n\n\n<p>S\u00ed, mucho.&nbsp;<\/p>\n\n\n\n<figure class=\"wp-block-image size-large is-resized\"><a href=\"http:\/\/www.iessenara.es\/Revista\/wp-content\/uploads\/2024\/06\/VALERI.jpg\"><img decoding=\"async\" loading=\"lazy\" src=\"http:\/\/www.iessenara.es\/Revista\/wp-content\/uploads\/2024\/06\/VALERI-696x1024.jpg\" alt=\"\" class=\"wp-image-4789\" width=\"400\" height=\"588\" srcset=\"https:\/\/www.iessenara.es\/Revista\/wp-content\/uploads\/2024\/06\/VALERI-696x1024.jpg 696w, https:\/\/www.iessenara.es\/Revista\/wp-content\/uploads\/2024\/06\/VALERI-204x300.jpg 204w, https:\/\/www.iessenara.es\/Revista\/wp-content\/uploads\/2024\/06\/VALERI-768x1130.jpg 768w, https:\/\/www.iessenara.es\/Revista\/wp-content\/uploads\/2024\/06\/VALERI-1044x1536.jpg 1044w, https:\/\/www.iessenara.es\/Revista\/wp-content\/uploads\/2024\/06\/VALERI.jpg 1280w\" sizes=\"(max-width: 400px) 100vw, 400px\" \/><\/a><\/figure>\n\n\n\n<p><\/p>\n\n\n\n<p><strong>9. \u00bfQu\u00e9 vas a hacer cuando termines las pr\u00e1cticas?<\/strong>&nbsp;<\/p>\n\n\n\n<p>Seguir estudiando administraci\u00f3n.&nbsp;<\/p>\n\n\n\n<p><strong>10. Despu\u00e9s de hacer las pr\u00e1cticas y ver lo que es, \u00bfseguir\u00edas estudiando servicios administrativos?<\/strong>&nbsp;<\/p>\n\n\n\n<p>S\u00ed, porque haciendo las pr\u00e1cticas he visto que me ha gustado mucho estudiar administraci\u00f3n.&nbsp;<\/p>\n\n\n\n<p><strong>11. \u00bfTe gustar\u00eda trabajar alg\u00fan d\u00eda all\u00ed donde est\u00e1s haciendo las pr\u00e1cticas?<\/strong>&nbsp;<\/p>\n\n\n\n<p>S\u00ed.&nbsp;<\/p>\n\n\n\n<p class=\"has-drop-cap\">M<strong>ateo Garc\u00eda Cembell\u00edn<\/strong>, natural de San Morales, ha realizado las pr\u00e1cticas en el ayuntamiento de esta localidad.<\/p>\n\n\n\n<p><strong>1.\u202f\u00bfC\u00f3mo te imaginabas las pr\u00e1cticas antes de empezarlas?<\/strong>&nbsp;<\/p>\n\n\n\n<p>Que iban a ser muy dif\u00edciles, largas y complicadas.&nbsp;<\/p>\n\n\n\n<p><strong>2. \u00bfTe gusta el trabajo que est\u00e1s realizando?<\/strong>&nbsp;<\/p>\n\n\n\n<p>Si, porque me tratan bien y estoy feliz en el centro de trabajo.&nbsp;<\/p>\n\n\n\n<p>\u202f<strong>3. \u00bfEs complicado?<\/strong>&nbsp;<\/p>\n\n\n\n<p>No, parec\u00eda que s\u00ed, pero me est\u00e1 resultando sencillo.&nbsp;<\/p>\n\n\n\n<p><strong>4. \u00bfC\u00f3mo te recibieron en el lugar en el que realizas las pr\u00e1cticas?<\/strong>&nbsp;<\/p>\n\n\n\n<p>Muy bien, me han ayudado mucho y me han facilitado todas las tareas, me han tratado todos muy bien.&nbsp;<\/p>\n\n\n\n<p><strong>5. \u00bfEstabas nervioso cuando llegaste?<\/strong>&nbsp;<\/p>\n\n\n\n<p>S\u00ed, mucho, pero al ver c\u00f3mo me trataban se me quitaron los nervios.&nbsp;<\/p>\n\n\n\n<p><strong>6. \u00bfEchas de menos a tus compa\u00f1eros con los que ibas a clase?<\/strong>&nbsp;<\/p>\n\n\n\n<p>S\u00ed, algunas veces.&nbsp;<\/p>\n\n\n\n<p><strong>7. \u00bfSe os ha hecho muy raro el cambio del instituto a una empresa?<\/strong> <strong>\u202f\u00bfPor qu\u00e9?<\/strong>&nbsp;<\/p>\n\n\n\n<p>S\u00ed, totalmente diferente, porque tienes que trabajar s\u00ed o s\u00ed, es m\u00e1s estricto.&nbsp;<\/p>\n\n\n\n<figure class=\"wp-block-image size-large\"><a href=\"http:\/\/www.iessenara.es\/Revista\/wp-content\/uploads\/2024\/06\/MATEO.jpeg\"><img decoding=\"async\" loading=\"lazy\" width=\"1024\" height=\"461\" src=\"http:\/\/www.iessenara.es\/Revista\/wp-content\/uploads\/2024\/06\/MATEO-1024x461.jpeg\" alt=\"\" class=\"wp-image-4790\" srcset=\"https:\/\/www.iessenara.es\/Revista\/wp-content\/uploads\/2024\/06\/MATEO-1024x461.jpeg 1024w, https:\/\/www.iessenara.es\/Revista\/wp-content\/uploads\/2024\/06\/MATEO-300x135.jpeg 300w, https:\/\/www.iessenara.es\/Revista\/wp-content\/uploads\/2024\/06\/MATEO-768x346.jpeg 768w, https:\/\/www.iessenara.es\/Revista\/wp-content\/uploads\/2024\/06\/MATEO-1536x691.jpeg 1536w, https:\/\/www.iessenara.es\/Revista\/wp-content\/uploads\/2024\/06\/MATEO.jpeg 2000w\" sizes=\"(max-width: 1024px) 100vw, 1024px\" \/><\/a><\/figure>\n\n\n\n<p><\/p>\n\n\n\n<p><strong>8. Concreta qu\u00e9 tareas has realizado durante tus pr\u00e1cticas.<\/strong>&nbsp;<\/p>\n\n\n\n<p>Ayudar a clasificar los libros de la biblioteca, hacer un powerpoint de whatsapp para\u202fense\u00f1ar a la gente mayor del pueblo, trabajos varios de apoyo en la oficina del Ayuntamiento (trabajando con excel, word, cortando con la guillotina, &#8230;), reparto y recogida de cartas a distintos domicilios, poner anuncios en varias zonas del pueblo para informaci\u00f3n de los vecinos, informar a los vecinos de las cosas del Ayuntamiento, fotocopias, tratar con los vecinos, etc&#8230;&nbsp;<\/p>\n\n\n\n<p><strong>9. \u00bfEst\u00e1s poniendo en pr\u00e1ctica todo lo que aprendiste?<\/strong>&nbsp;<\/p>\n\n\n\n<p>Muchas cosas s\u00ed, como el trato con los clientes, trabajo con el ordenador con distintos programas (excel, powerpoint, word, Canva&#8230;), uso de la fotocopiadora&#8230;&nbsp;<\/p>\n\n\n\n<p><strong>10. \u00bfQu\u00e9 vas a hacer cuando termines las pr\u00e1cticas?<\/strong>&nbsp;<\/p>\n\n\n\n<p>De momento pasarme un buen verano, despu\u00e9s continuar estudiando, hemos solicitado entrar en Universitas, de la Universidad de Salamanca, pero si no hubiera plaza entrar\u00eda en la Lorenzo Milani&#8230;\u202f&nbsp;<\/p>\n\n\n\n<p><strong>11. Despu\u00e9s de hacer las pr\u00e1cticas y ver lo que es, \u00bfseguir\u00edas estudiando servicios administrativos?<\/strong>&nbsp;<\/p>\n\n\n\n<p>La verdad es que no me ha gustado demasiado, porque tiene demasiadas cuentas y me cuesta mucho entenderlas.&nbsp;<\/p>\n\n\n\n<p><strong>12. \u00bfT<\/strong><strong>e gustar\u00eda trabajar alg\u00fan d\u00eda all\u00ed donde est\u00e1s haciendo las pr\u00e1cticas?<\/strong>&nbsp;<\/p>\n\n\n\n<p>S\u00ed, porque me han tratado muy bien, y me gustar\u00eda hacer m\u00e1s cosas para ayudar a la gente con el ordenador.&nbsp;<\/p>\n\n\n\n<p class=\"has-drop-cap\">J<strong>uan Francisco Rodr\u00edguez Gonz\u00e1lez<\/strong>, natural de Cilloruelo, ha realizado las pr\u00e1cticas en el ayuntamiento de esta localidad.<\/p>\n\n\n\n<p><strong>1. \u00bfC\u00f3mo te imaginabas las pr\u00e1cticas antes de entrar?<\/strong>&nbsp;<\/p>\n\n\n\n<p>M\u00e1s dif\u00edciles y pensando que me iba a aburrir.&nbsp;<\/p>\n\n\n\n<p><strong>2. \u00bfTe gusta el trabajo que estas realizando? \u202f\u00bfEs complicado?<\/strong>&nbsp;<\/p>\n\n\n\n<p>S\u00ed me gusta, aprendo y me lo paso bien. A veces el trabajo es complicado, pero las practicas est\u00e1n para aprender y mejorar.&nbsp;<\/p>\n\n\n\n<p><strong>3. \u00bfC\u00f3mo te recibieron en el sitio al que fuiste?<\/strong>&nbsp;<\/p>\n\n\n\n<p>Muy bien y contentos conmigo.&nbsp;<\/p>\n\n\n\n<p><strong>4. \u00bfEstabas nervioso cuando llegaste?<\/strong>&nbsp;<\/p>\n\n\n\n<p>Mucho, pero luego cog\u00ed confianza y ya estaba calmado.\u202f&nbsp;<\/p>\n\n\n\n<p><strong>5. \u00bfEchas de menos a tus compa\u00f1eros con los que ibas a clase?<\/strong>&nbsp;<\/p>\n\n\n\n<p>Algunas veces s\u00ed, pero sigo teniendo contacto con ellos.&nbsp;<\/p>\n\n\n\n<p><strong>6. \u00bfSe te ha hecho muy raro el cambio del instituto a una empresa? \u00bfPor qu\u00e9?<\/strong>&nbsp;<\/p>\n\n\n\n<p>No mucho, todo lo que has dado en clase lo pones en pr\u00e1ctica.&nbsp;<\/p>\n\n\n\n<figure class=\"wp-block-image size-large\"><a href=\"http:\/\/www.iessenara.es\/Revista\/wp-content\/uploads\/2024\/06\/JUAN-FRANCISCO.jpeg\"><img decoding=\"async\" loading=\"lazy\" width=\"1024\" height=\"461\" src=\"http:\/\/www.iessenara.es\/Revista\/wp-content\/uploads\/2024\/06\/JUAN-FRANCISCO-1024x461.jpeg\" alt=\"\" class=\"wp-image-4792\" srcset=\"https:\/\/www.iessenara.es\/Revista\/wp-content\/uploads\/2024\/06\/JUAN-FRANCISCO-1024x461.jpeg 1024w, https:\/\/www.iessenara.es\/Revista\/wp-content\/uploads\/2024\/06\/JUAN-FRANCISCO-300x135.jpeg 300w, https:\/\/www.iessenara.es\/Revista\/wp-content\/uploads\/2024\/06\/JUAN-FRANCISCO-768x346.jpeg 768w, https:\/\/www.iessenara.es\/Revista\/wp-content\/uploads\/2024\/06\/JUAN-FRANCISCO-1536x691.jpeg 1536w, https:\/\/www.iessenara.es\/Revista\/wp-content\/uploads\/2024\/06\/JUAN-FRANCISCO.jpeg 2000w\" sizes=\"(max-width: 1024px) 100vw, 1024px\" \/><\/a><\/figure>\n\n\n\n<p><\/p>\n\n\n\n<p><strong>7. Concreta qu\u00e9 tareas has realizado durante tus pr\u00e1cticas.<\/strong>&nbsp;<\/p>\n\n\n\n<p>He trabajado mucho con el ordenador y he hecho mucha variedad de cosas, tambi\u00e9n he colocado un almac\u00e9n y he montado ordenadores.&nbsp;<\/p>\n\n\n\n<p><strong>8. \u00bfEst\u00e1s poniendo en pr\u00e1ctica todo lo que aprendiste?<\/strong>&nbsp;<\/p>\n\n\n\n<p>S\u00ed y sirve de mucho.\u202f&nbsp;<\/p>\n\n\n\n<p><strong>9. \u00bfQu\u00e9 vas a hacer cuando termines las pr\u00e1cticas?<\/strong>&nbsp;<\/p>\n\n\n\n<p>Seguir estudiando un grado medio de FP.&nbsp;<\/p>\n\n\n\n<p><strong>10. Despu\u00e9s de hacer las pr\u00e1cticas y ver lo que es, \u00bfseguir\u00edas estudiando servicios administrativos?<\/strong>&nbsp;<\/p>\n\n\n\n<p>Voy a centrarme en la inform\u00e1tica, pero s\u00ed seguir\u00eda estudiando administraci\u00f3n.&nbsp;<\/p>\n\n\n\n<p><strong>11<\/strong>. <strong>\u00bfT<\/strong><strong>e gustar\u00eda trabajar alg\u00fan d\u00eda all\u00ed donde est\u00e1s haciendo las pr\u00e1cticas?<\/strong>&nbsp;<\/p>\n\n\n\n<p>Estar\u00eda bien.&nbsp;<\/p>\n","protected":false},"excerpt":{"rendered":"<p>Los alumnos y alumnas de Formaci\u00f3n Profesional B\u00e1sica II nos cuentan su experiencia en las pr\u00e1cticas en empresas incluidas en el m\u00f3dulo de Formaci\u00f3n en Centro de Trabajo (FCT). Daniel S\u00e1nchez Reinoso, natural de&#46;&#46;&#46;<\/p>\n","protected":false},"author":3,"featured_media":4783,"comment_status":"open","ping_status":"open","sticky":false,"template":"","format":"standard","meta":{"jetpack_post_was_ever_published":false,"jetpack_publicize_message":"","jetpack_is_tweetstorm":false,"jetpack_publicize_feature_enabled":true,"jetpack_social_options":[]},"categories":[6],"tags":[387,386,384],"jetpack_publicize_connections":[],"jetpack_featured_media_url":"https:\/\/www.iessenara.es\/Revista\/wp-content\/uploads\/2024\/05\/FCT-2024-16_9.jpg","jetpack_sharing_enabled":true,"jetpack_shortlink":"https:\/\/wp.me\/p5mbkp-1ew","_links":{"self":[{"href":"https:\/\/www.iessenara.es\/Revista\/index.php?rest_route=\/wp\/v2\/posts\/4744"}],"collection":[{"href":"https:\/\/www.iessenara.es\/Revista\/index.php?rest_route=\/wp\/v2\/posts"}],"about":[{"href":"https:\/\/www.iessenara.es\/Revista\/index.php?rest_route=\/wp\/v2\/types\/post"}],"author":[{"embeddable":true,"href":"https:\/\/www.iessenara.es\/Revista\/index.php?rest_route=\/wp\/v2\/users\/3"}],"replies":[{"embeddable":true,"href":"https:\/\/www.iessenara.es\/Revista\/index.php?rest_route=%2Fwp%2Fv2%2Fcomments&post=4744"}],"version-history":[{"count":10,"href":"https:\/\/www.iessenara.es\/Revista\/index.php?rest_route=\/wp\/v2\/posts\/4744\/revisions"}],"predecessor-version":[{"id":4799,"href":"https:\/\/www.iessenara.es\/Revista\/index.php?rest_route=\/wp\/v2\/posts\/4744\/revisions\/4799"}],"wp:featuredmedia":[{"embeddable":true,"href":"https:\/\/www.iessenara.es\/Revista\/index.php?rest_route=\/wp\/v2\/media\/4783"}],"wp:attachment":[{"href":"https:\/\/www.iessenara.es\/Revista\/index.php?rest_route=%2Fwp%2Fv2%2Fmedia&parent=4744"}],"wp:term":[{"taxonomy":"category","embeddable":true,"href":"https:\/\/www.iessenara.es\/Revista\/index.php?rest_route=%2Fwp%2Fv2%2Fcategories&post=4744"},{"taxonomy":"post_tag","embeddable":true,"href":"https:\/\/www.iessenara.es\/Revista\/index.php?rest_route=%2Fwp%2Fv2%2Ftags&post=4744"}],"curies":[{"name":"wp","href":"https:\/\/api.w.org\/{rel}","templated":true}]}}