{"id":476,"date":"2015-04-09T18:18:02","date_gmt":"2015-04-09T18:18:02","guid":{"rendered":"http:\/\/www.iessenara.es\/Revista\/?p=476"},"modified":"2015-04-09T18:18:02","modified_gmt":"2015-04-09T18:18:02","slug":"rebelion-en-la-granja-de-george-orwell","status":"publish","type":"post","link":"https:\/\/www.iessenara.es\/Revista\/?p=476","title":{"rendered":"\u00abRebeli\u00f3n en la granja\u00bb, de George Orwell"},"content":{"rendered":"<p><a href=\"http:\/\/www.iessenara.es\/Revista\/wp-content\/uploads\/2015\/03\/Orwell.jpg\"><img decoding=\"async\" loading=\"lazy\" class=\"alignright size-medium wp-image-482\" src=\"http:\/\/www.iessenara.es\/Revista\/wp-content\/uploads\/2015\/03\/Orwell-198x300.jpg\" alt=\"Orwell\" width=\"198\" height=\"300\" srcset=\"https:\/\/www.iessenara.es\/Revista\/wp-content\/uploads\/2015\/03\/Orwell-198x300.jpg 198w, https:\/\/www.iessenara.es\/Revista\/wp-content\/uploads\/2015\/03\/Orwell.jpg 349w\" sizes=\"(max-width: 198px) 100vw, 198px\" \/><\/a><\/p>\n<p><strong><span style=\"color: #008000\">T\u00edtulo:<\/span><\/strong>\u00a0 <span style=\"color: #000000\"><em>Rebeli\u00f3n en la granja<\/em> (<em>Animal Farm<\/em>).<\/span><\/p>\n<p><span style=\"color: #008000\"><strong>Autor:<\/strong><\/span>\u00a0 <span style=\"color: #000000\">George Orwell.<\/span><\/p>\n<p><span style=\"color: #008000\"><strong>Editorial:<\/strong><\/span>\u00a0 <span style=\"color: #000000\">Booket.<\/span><\/p>\n<p>&nbsp;<\/p>\n<p><span style=\"color: #008000\"><strong>Sinopsis<\/strong><\/span><\/p>\n<p><span style=\"color: #000000\">En la granja Manor, el due\u00f1o maltrataba a los animales, no les daba bien de comer e incluso los mataba. Por ello, se produjo una rebeli\u00f3n, comandada por dos cerdos llamados Napole\u00f3n y Bola de Nieve. Luchando todos juntos, los animales consiguieron expulsar al due\u00f1o y hacerse con el control de la granja. Desde entonces la vida empez\u00f3 a ir mucho mejor: pod\u00edan disfrutar del fruto de su trabajo, ten\u00edan sus propias leyes de funcionamiento, e incluso eran capaces de vencer a los granjeros que quer\u00edan arrebatarles el que hasta entonces hab\u00eda sido su hogar. Sin embargo, las discusiones entre Napole\u00f3n y Bola de Nieve acerca de un proyecto de molino llevaron a que este \u00faltimo fuera expulsado. A partir de entonces todo fue a peor; la mayor\u00eda de los animales tuvieron que volver a trabajar sin descanso y a pasar hambre, mientras que Napole\u00f3n y los cerdos fieles a \u00e9l iban consiguiendo poco a poco todo el poder y los privilegios. Aquello se parec\u00eda cada vez menos al para\u00edso que se les hab\u00eda prometido a los animales de la granja.\u00a0<\/span><\/p>\n<p>&nbsp;<\/p>\n<p><span style=\"color: #008000\"><strong>Opini\u00f3n<\/strong><\/span><\/p>\n<p><span style=\"color: #000000\">Para m\u00ed, <em>Rebeli\u00f3n en la granja<\/em> es como una met\u00e1fora de todas las dictaduras que sufren y han sufrido a lo largo de la historia muchos pa\u00edses en el mundo. Los dictadores llegan al poder aparentando que se preocupan por el pueblo, pero lo \u00fanico que buscan es su propio beneficio. Esto se ve perfectamente en el personaje de Napole\u00f3n, ya que su estrategia es perseguir y matar a todos los que supuestamente siguen o ayudan a su enemigo Bola de Nieve; le tiene miedo porque es m\u00e1s moderado, y es el \u00fanico que puede quitarle el poder de la granja. Por otra parte, los dem\u00e1s animales no muestran sus ideas, ya que tienen miedo a ser ejecutados, y simplemente se dedican a obedecer y a trabajar para mantener a los que tienen el poder.<\/span><\/p>\n<p><span style=\"color: #000000\">Al utilizar animales como personajes, el autor consigue hacer una cr\u00edtica subliminal a personas y gobiernos que estaban aplicando una dictadura en su \u00e9poca. De esta forma el mensaje es menos evidente, pero tiene la misma fuerza y nos hace reflexionar.<\/span><\/p>\n<p>&nbsp;<\/p>\n<p style=\"text-align: right\"><span style=\"color: #008000\"><strong>Javier Ispierto Luis\u00a0 (4\u00ba de ESO A)<\/strong><\/span><\/p>\n","protected":false},"excerpt":{"rendered":"<p>T\u00edtulo:\u00a0 Rebeli\u00f3n en la granja (Animal Farm). Autor:\u00a0 George Orwell. Editorial:\u00a0 Booket. &nbsp; Sinopsis En la granja Manor, el due\u00f1o maltrataba a los animales, no les daba bien de comer e incluso los mataba.&#46;&#46;&#46;<\/p>\n","protected":false},"author":3,"featured_media":482,"comment_status":"open","ping_status":"open","sticky":false,"template":"","format":"standard","meta":{"jetpack_post_was_ever_published":false,"jetpack_publicize_message":"","jetpack_is_tweetstorm":false,"jetpack_publicize_feature_enabled":true,"jetpack_social_options":[]},"categories":[12],"tags":[24,19,18,30],"jetpack_publicize_connections":[],"jetpack_featured_media_url":"https:\/\/www.iessenara.es\/Revista\/wp-content\/uploads\/2015\/03\/Orwell.jpg","jetpack_sharing_enabled":true,"jetpack_shortlink":"https:\/\/wp.me\/p5mbkp-7G","_links":{"self":[{"href":"https:\/\/www.iessenara.es\/Revista\/index.php?rest_route=\/wp\/v2\/posts\/476"}],"collection":[{"href":"https:\/\/www.iessenara.es\/Revista\/index.php?rest_route=\/wp\/v2\/posts"}],"about":[{"href":"https:\/\/www.iessenara.es\/Revista\/index.php?rest_route=\/wp\/v2\/types\/post"}],"author":[{"embeddable":true,"href":"https:\/\/www.iessenara.es\/Revista\/index.php?rest_route=\/wp\/v2\/users\/3"}],"replies":[{"embeddable":true,"href":"https:\/\/www.iessenara.es\/Revista\/index.php?rest_route=%2Fwp%2Fv2%2Fcomments&post=476"}],"version-history":[{"count":7,"href":"https:\/\/www.iessenara.es\/Revista\/index.php?rest_route=\/wp\/v2\/posts\/476\/revisions"}],"predecessor-version":[{"id":485,"href":"https:\/\/www.iessenara.es\/Revista\/index.php?rest_route=\/wp\/v2\/posts\/476\/revisions\/485"}],"wp:featuredmedia":[{"embeddable":true,"href":"https:\/\/www.iessenara.es\/Revista\/index.php?rest_route=\/wp\/v2\/media\/482"}],"wp:attachment":[{"href":"https:\/\/www.iessenara.es\/Revista\/index.php?rest_route=%2Fwp%2Fv2%2Fmedia&parent=476"}],"wp:term":[{"taxonomy":"category","embeddable":true,"href":"https:\/\/www.iessenara.es\/Revista\/index.php?rest_route=%2Fwp%2Fv2%2Fcategories&post=476"},{"taxonomy":"post_tag","embeddable":true,"href":"https:\/\/www.iessenara.es\/Revista\/index.php?rest_route=%2Fwp%2Fv2%2Ftags&post=476"}],"curies":[{"name":"wp","href":"https:\/\/api.w.org\/{rel}","templated":true}]}}