{"id":4830,"date":"2024-06-10T16:13:10","date_gmt":"2024-06-10T15:13:10","guid":{"rendered":"http:\/\/www.iessenara.es\/Revista\/?p=4830"},"modified":"2024-06-10T19:44:34","modified_gmt":"2024-06-10T18:44:34","slug":"los-alumnos-de-3-o-de-la-es-de-religion-del-ies-senara-visitan-toledo-y-el-parque-tematico-puy-du-fou","status":"publish","type":"post","link":"https:\/\/www.iessenara.es\/Revista\/?p=4830","title":{"rendered":"Los alumnos de 3.\u00ba de la E.S.O., de religi\u00f3n, del IES Senara, visitan Toledo y el Parque Tem\u00e1tico Puy du Fou\u00a0"},"content":{"rendered":"\n<p>AUTOR: LUIS MART\u00cdN FIGUERO (Profesor de Religi\u00f3n del IES senara)<\/p>\n\n\n\n<figure class=\"wp-block-image size-large is-resized\"><a href=\"http:\/\/www.iessenara.es\/Revista\/wp-content\/uploads\/2024\/06\/28-scaled.jpg\"><img decoding=\"async\" loading=\"lazy\" src=\"http:\/\/www.iessenara.es\/Revista\/wp-content\/uploads\/2024\/06\/28-1024x768.jpg\" alt=\"\" class=\"wp-image-4831\" width=\"960\" height=\"720\" srcset=\"https:\/\/www.iessenara.es\/Revista\/wp-content\/uploads\/2024\/06\/28-1024x768.jpg 1024w, https:\/\/www.iessenara.es\/Revista\/wp-content\/uploads\/2024\/06\/28-300x225.jpg 300w, https:\/\/www.iessenara.es\/Revista\/wp-content\/uploads\/2024\/06\/28-768x576.jpg 768w, https:\/\/www.iessenara.es\/Revista\/wp-content\/uploads\/2024\/06\/28-1536x1152.jpg 1536w, https:\/\/www.iessenara.es\/Revista\/wp-content\/uploads\/2024\/06\/28-2048x1536.jpg 2048w\" sizes=\"(max-width: 960px) 100vw, 960px\" \/><\/a><\/figure>\n\n\n\n<p><\/p>\n\n\n\n<p><\/p>\n\n\n\n<p>Los d\u00edas dos y tres de mayo, alumnos de 3.\u00ba E.S.O. del IES. Senara de Babilafuente, matriculados en la asignatura de Religi\u00f3n, junto con los alumnos del I.E.S. Fray Luis de Le\u00f3n de Salamanca y el I.E.S. Torrente Ballester de Santa Marta, ciento cuarenta en total, disfrutaron de dos d\u00edas de convivencia en Toledo, una actividad que se viene desarrollando durante muchos a\u00f1os.&nbsp;&nbsp;<\/p>\n\n\n\n<p>Este a\u00f1o dimos un vuelco a todo lo que se ten\u00eda programado los a\u00f1os anteriores, intentando motivar y animar a los alumnos, para hacer m\u00e1s atractiva la convivencia y la actividad. El d\u00eda dos, despu\u00e9s de ir al albergue donde nos \u00edbamos a hospedar, Albergue de Layos, nos distribuimos por habitaciones, comimos y sobre las 17.00 horas nos dirigimos a Toledo, para hacer un recorrido por los sitios m\u00e1s emblem\u00e1ticos del mismo. La novedad es que otros a\u00f1os distribu\u00edamos a los alumnos por grupos mezclados por institutos, y ellos durante los dos d\u00edas realizaban una gimkana que les ten\u00edamos preparada. Esta vez, fuimos todos juntos y los profesores los guiamos por los sitios m\u00e1s significativos de Toledo: San Juan de los Reyes, la Sinagoga de Santa Mar\u00eda la Blanca, la Sinagoga del Tr\u00e1nsito, la catedral y la plaza mayor, la calle de San Manuel Levi, Plaza Zocodover, la iglesia de Santo Tom\u00e9, donde se encuentra el famoso cuadro del Greco <em>El entierro del Conde Orgaz\u2026<\/em>&nbsp;<\/p>\n\n\n\n<figure class=\"wp-block-image size-large\"><a href=\"http:\/\/www.iessenara.es\/Revista\/wp-content\/uploads\/2024\/06\/31-scaled.jpg\"><img decoding=\"async\" loading=\"lazy\" width=\"1024\" height=\"768\" src=\"http:\/\/www.iessenara.es\/Revista\/wp-content\/uploads\/2024\/06\/31-1024x768.jpg\" alt=\"\" class=\"wp-image-4832\" srcset=\"https:\/\/www.iessenara.es\/Revista\/wp-content\/uploads\/2024\/06\/31-1024x768.jpg 1024w, https:\/\/www.iessenara.es\/Revista\/wp-content\/uploads\/2024\/06\/31-300x225.jpg 300w, https:\/\/www.iessenara.es\/Revista\/wp-content\/uploads\/2024\/06\/31-768x576.jpg 768w, https:\/\/www.iessenara.es\/Revista\/wp-content\/uploads\/2024\/06\/31-1536x1152.jpg 1536w, https:\/\/www.iessenara.es\/Revista\/wp-content\/uploads\/2024\/06\/31-2048x1536.jpg 2048w\" sizes=\"(max-width: 1024px) 100vw, 1024px\" \/><\/a><\/figure>\n\n\n\n<p><\/p>\n\n\n\n<p>Despu\u00e9s de una r\u00e1pida visita por Toledo, les dimos un poco de tiempo libre para que hicieran unas compras y cenaran, pues sobre las 21.00 horas ten\u00edamos que dirigirnos a coger el autob\u00fas que nos iba a llevar a realizar un viaje de varios siglos de antig\u00fcedad a uno de los parques m\u00e1s bonitos y con mejores espect\u00e1culos de toda Europa, el Puy du Fou. En este caso, \u00edbamos a ver el espect\u00e1culo estrella del parque, el espect\u00e1culo nocturno <strong><em>El sue\u00f1o de Toledo<\/em><\/strong>, un gran espect\u00e1culo que tiene una duraci\u00f3n aproximada de unos ochenta minutos, donde nos cuentan la historia de Espa\u00f1a desde el siglo V hasta casi nuestros d\u00edas, representado por doscientos actores, cerca de dos mil personajes diferentes y todo ello en un escenario de cinco hect\u00e1reas. Este espect\u00e1culo se remodel\u00f3 con la Edad de Plata, centr\u00e1ndose en los a\u00f1os veinte, con la llegada del autom\u00f3vil y los inicios de la aviaci\u00f3n.&nbsp;&nbsp;<\/p>\n\n\n\n<figure class=\"wp-block-image size-large\"><a href=\"http:\/\/www.iessenara.es\/Revista\/wp-content\/uploads\/2024\/06\/30.jpg\"><img decoding=\"async\" loading=\"lazy\" width=\"1024\" height=\"768\" src=\"http:\/\/www.iessenara.es\/Revista\/wp-content\/uploads\/2024\/06\/30-1024x768.jpg\" alt=\"\" class=\"wp-image-4833\" srcset=\"https:\/\/www.iessenara.es\/Revista\/wp-content\/uploads\/2024\/06\/30-1024x768.jpg 1024w, https:\/\/www.iessenara.es\/Revista\/wp-content\/uploads\/2024\/06\/30-300x225.jpg 300w, https:\/\/www.iessenara.es\/Revista\/wp-content\/uploads\/2024\/06\/30-768x576.jpg 768w, https:\/\/www.iessenara.es\/Revista\/wp-content\/uploads\/2024\/06\/30-1536x1152.jpg 1536w, https:\/\/www.iessenara.es\/Revista\/wp-content\/uploads\/2024\/06\/30.jpg 1600w\" sizes=\"(max-width: 1024px) 100vw, 1024px\" \/><\/a><\/figure>\n\n\n\n<p><\/p>\n\n\n\n<p><\/p>\n\n\n\n<p>Una vez finalizado El sue\u00f1o de Toledo, nos dirigimos al albergue para pasar \u201cuna noche toledana\u201d, en el mejor sentido de la expresi\u00f3n, porque ciento cuarenta chicos, con las hormonas a flor de piel, se encargaron de que la noche fuera \u201ctoleda\u201d, pues no pegamos ojo en toda la noche.&nbsp;&nbsp;<\/p>\n\n\n\n<p>Al d\u00eda siguiente, levantados (aunque no hac\u00eda falta, pues muchos\/as ni se hab\u00edan acostado), desayuno, recogida del albergue y r\u00e1pidamente subida al autob\u00fas pues a las 11 horas ten\u00edamos las entradas para visitar, durante todo el d\u00eda, todos los espect\u00e1culos que nos ofrec\u00eda el Parque Tem\u00e1tico Puy du Fou.&nbsp;&nbsp;<\/p>\n\n\n\n<figure class=\"wp-block-image size-large\"><a href=\"http:\/\/www.iessenara.es\/Revista\/wp-content\/uploads\/2024\/06\/IMG_8123-scaled.jpg\"><img decoding=\"async\" loading=\"lazy\" width=\"1024\" height=\"768\" src=\"http:\/\/www.iessenara.es\/Revista\/wp-content\/uploads\/2024\/06\/IMG_8123-1024x768.jpg\" alt=\"\" class=\"wp-image-4835\" srcset=\"https:\/\/www.iessenara.es\/Revista\/wp-content\/uploads\/2024\/06\/IMG_8123-1024x768.jpg 1024w, https:\/\/www.iessenara.es\/Revista\/wp-content\/uploads\/2024\/06\/IMG_8123-300x225.jpg 300w, https:\/\/www.iessenara.es\/Revista\/wp-content\/uploads\/2024\/06\/IMG_8123-768x576.jpg 768w, https:\/\/www.iessenara.es\/Revista\/wp-content\/uploads\/2024\/06\/IMG_8123-1536x1152.jpg 1536w, https:\/\/www.iessenara.es\/Revista\/wp-content\/uploads\/2024\/06\/IMG_8123-2048x1536.jpg 2048w\" sizes=\"(max-width: 1024px) 100vw, 1024px\" \/><\/a><\/figure>\n\n\n\n<p><\/p>\n\n\n\n<p>Hay que se\u00f1alar que hoy en d\u00eda Puy du Fou Toledo cuenta con cinco \u00e1reas tem\u00e1ticas, que nos trasladan a diferentes \u00e9pocas del tiempo. La primera, <strong>La Zona del Arrabal<\/strong>, que es la entrada al parque y nuestra primera zona de contacto con \u00e9l. Aqu\u00ed encontramos las taquillas, puntos de informaci\u00f3n y varios restaurantes y puestos de comida. Como curiosidad Arrabal significa a los pies de la muralla. Despu\u00e9s, viene <strong>La Puebla Real<\/strong>, una preciosa villa ambientada en el siglo XVII, a los pies de un castillo. Tambi\u00e9n est\u00e1n <strong>Los Alijares<\/strong>, una pradera llena de animales de granja, junto a una espectacular plaza ambientada en el siglo XVI. <strong>La Venta de Isidro<\/strong>, una bonita calle del siglo XVIII. <strong>El Askar Andalus\u00ed<\/strong>, un formidable campamento musulm\u00e1n del siglo X.&nbsp;&nbsp;<\/p>\n\n\n\n<p>Iniciamos el recorrido cruzando la monumental Puerta del Sol y nada m\u00e1s entrar nos encontramos con la Puebla Real, un aut\u00e9ntico pueblo del siglo XVII, ah\u00ed tuvimos la suerte, de encontrarnos con el Espadero de Vivar, que nos fue relatando c\u00f3mo ha sido evolucionando la espada, adem\u00e1s de la importancia que ha tenido esta en toda Espa\u00f1a.&nbsp;&nbsp;<\/p>\n\n\n\n<figure class=\"wp-block-image size-large\"><a href=\"http:\/\/www.iessenara.es\/Revista\/wp-content\/uploads\/2024\/06\/35.jpg\"><img decoding=\"async\" loading=\"lazy\" width=\"1024\" height=\"768\" src=\"http:\/\/www.iessenara.es\/Revista\/wp-content\/uploads\/2024\/06\/35-1024x768.jpg\" alt=\"\" class=\"wp-image-4836\" srcset=\"https:\/\/www.iessenara.es\/Revista\/wp-content\/uploads\/2024\/06\/35-1024x768.jpg 1024w, https:\/\/www.iessenara.es\/Revista\/wp-content\/uploads\/2024\/06\/35-300x225.jpg 300w, https:\/\/www.iessenara.es\/Revista\/wp-content\/uploads\/2024\/06\/35-768x576.jpg 768w, https:\/\/www.iessenara.es\/Revista\/wp-content\/uploads\/2024\/06\/35-1536x1152.jpg 1536w, https:\/\/www.iessenara.es\/Revista\/wp-content\/uploads\/2024\/06\/35.jpg 1600w\" sizes=\"(max-width: 1024px) 100vw, 1024px\" \/><\/a><\/figure>\n\n\n\n<p><\/p>\n\n\n\n<p>Al pasar La Puebla Real, nos dirigimos al primer espect\u00e1culo que \u00edbamos a visitar: <strong><em>Cetrer\u00eda de Reyes,<\/em><\/strong> un espect\u00e1culo protagonizado por las aves m\u00e1s impresionantes de la \u00e9poca del Califato; se encuentra en el <strong>Askar Andalus\u00ed.<\/strong> All\u00ed pudimos ver gran cantidad de aves rapaces sobrevolando los cielos, desde halcones, b\u00fahos, \u00e1guilas, y muchas m\u00e1s, algunas de gran tama\u00f1o\u2026 Termin\u00f3 este primer espect\u00e1culo con la suelta de decenas que aves que sobrevolaban por encima de nuestras cabezas dej\u00e1ndonos sin palabras.&nbsp;<\/p>\n\n\n\n<figure class=\"wp-block-image size-large\"><a href=\"http:\/\/www.iessenara.es\/Revista\/wp-content\/uploads\/2024\/06\/29-scaled.jpg\"><img decoding=\"async\" loading=\"lazy\" width=\"1024\" height=\"768\" src=\"http:\/\/www.iessenara.es\/Revista\/wp-content\/uploads\/2024\/06\/29-1024x768.jpg\" alt=\"\" class=\"wp-image-4837\" srcset=\"https:\/\/www.iessenara.es\/Revista\/wp-content\/uploads\/2024\/06\/29-1024x768.jpg 1024w, https:\/\/www.iessenara.es\/Revista\/wp-content\/uploads\/2024\/06\/29-300x225.jpg 300w, https:\/\/www.iessenara.es\/Revista\/wp-content\/uploads\/2024\/06\/29-768x576.jpg 768w, https:\/\/www.iessenara.es\/Revista\/wp-content\/uploads\/2024\/06\/29-1536x1152.jpg 1536w, https:\/\/www.iessenara.es\/Revista\/wp-content\/uploads\/2024\/06\/29-2048x1536.jpg 2048w\" sizes=\"(max-width: 1024px) 100vw, 1024px\" \/><\/a><\/figure>\n\n\n\n<p><\/p>\n\n\n\n<p>R\u00e1pidamente, y sin tiempo para digerir la maravilla que hab\u00edamos visto, nos dirigimos a ver el segundo espect\u00e1culo: <strong><em>El misterio de Sorbaces.<\/em><\/strong> La historia de este espect\u00e1culo comienza con una boda secreta y prohibida que se celebr\u00f3 en el a\u00f1o 589 entre una joven romana y un pr\u00edncipe godo en presencia de la Santa Reliquia, que cambiar\u00eda el rumbo de la historia, siendo un misterio durante siglos. Por aquellos tiempos intentaban coexistir dos pueblos: los romanos y los visigodos, por lo que las disputas por el poder y a religi\u00f3n eran continuas, ya que ambos bandos siempre quer\u00edan ganar poder y territorio. Esta historia tiene un final sin tragedia ya que la reliquia hizo el milagro y los cielos se manifestaron trayendo consigo un final feliz.&nbsp;&nbsp;&nbsp;<\/p>\n\n\n\n<figure class=\"wp-block-image size-large\"><a href=\"http:\/\/www.iessenara.es\/Revista\/wp-content\/uploads\/2024\/06\/32-scaled.jpg\"><img decoding=\"async\" loading=\"lazy\" width=\"1024\" height=\"768\" src=\"http:\/\/www.iessenara.es\/Revista\/wp-content\/uploads\/2024\/06\/32-1024x768.jpg\" alt=\"\" class=\"wp-image-4838\" srcset=\"https:\/\/www.iessenara.es\/Revista\/wp-content\/uploads\/2024\/06\/32-1024x768.jpg 1024w, https:\/\/www.iessenara.es\/Revista\/wp-content\/uploads\/2024\/06\/32-300x225.jpg 300w, https:\/\/www.iessenara.es\/Revista\/wp-content\/uploads\/2024\/06\/32-768x576.jpg 768w, https:\/\/www.iessenara.es\/Revista\/wp-content\/uploads\/2024\/06\/32-1536x1152.jpg 1536w, https:\/\/www.iessenara.es\/Revista\/wp-content\/uploads\/2024\/06\/32-2048x1536.jpg 2048w\" sizes=\"(max-width: 1024px) 100vw, 1024px\" \/><\/a><\/figure>\n\n\n\n<p><\/p>\n\n\n\n<p>El siguiente espect\u00e1culo fue el<strong><em> Allende la Mar Oc\u00e9ana<\/em><\/strong>: un espect\u00e1culo inmersivo en el que acompa\u00f1amos a Crist\u00f3bal Colon en la aventura que le llev\u00f3 a encontrar las am\u00e9ricas.&nbsp; Nos encontramos en el a\u00f1o 1492 y tres barcos est\u00e1n a punto de partir en la b\u00fasqueda de una nueva ruta a las Indias; en este viaje nos va a acompa\u00f1ar <strong>Crist\u00f3bal Col\u00f3n<\/strong>, a bordo de la Santa Mar\u00eda, en un viaje \u00e9pico y peligroso que culminar\u00e1, seguramente, en el descubrimiento de Am\u00e9rica para los europeos. Antes de llegar al nuevo Continente, fuimos pasando por las diferentes instancias y camarotes de nuestro barco, en el que, adem\u00e1s, llegamos hasta alta mar y nos adentramos en lo que es una tormenta que se las trajo bien complicada. Todo se mueve como si realmente estuvi\u00e9ramos en plena traves\u00eda.&nbsp;&nbsp;<\/p>\n\n\n\n<figure class=\"wp-block-image size-full is-resized\"><a href=\"http:\/\/www.iessenara.es\/Revista\/wp-content\/uploads\/2024\/06\/Toledo-8.jpg\"><img decoding=\"async\" loading=\"lazy\" src=\"http:\/\/www.iessenara.es\/Revista\/wp-content\/uploads\/2024\/06\/Toledo-8.jpg\" alt=\"\" class=\"wp-image-4839\" width=\"961\" height=\"639\" srcset=\"https:\/\/www.iessenara.es\/Revista\/wp-content\/uploads\/2024\/06\/Toledo-8.jpg 793w, https:\/\/www.iessenara.es\/Revista\/wp-content\/uploads\/2024\/06\/Toledo-8-300x199.jpg 300w\" sizes=\"(max-width: 961px) 100vw, 961px\" \/><\/a><\/figure>\n\n\n\n<p><\/p>\n\n\n\n<p>El siguiente sitio que visitamos fue <strong><em>La venta de San Isidro<\/em><\/strong>, que representa una venta manchega t\u00edpica del siglo XVII, donde encontramos algunos puestos donde comer, algo que siempre ha sido propio de las ventas. En La venta de San Isidro vimos la zona de corrales que es una de las novedades que este a\u00f1o ha inaugurado el Parque. En ella encontramos una diversidad de animales: gallinas, ocas, cabras cerdos y burros.<\/p>\n\n\n\n<figure class=\"wp-block-image size-full is-resized\"><a href=\"http:\/\/www.iessenara.es\/Revista\/wp-content\/uploads\/2024\/06\/Toledo-9.jpg\"><img decoding=\"async\" loading=\"lazy\" src=\"http:\/\/www.iessenara.es\/Revista\/wp-content\/uploads\/2024\/06\/Toledo-9.jpg\" alt=\"\" class=\"wp-image-4841\" width=\"960\" height=\"580\" srcset=\"https:\/\/www.iessenara.es\/Revista\/wp-content\/uploads\/2024\/06\/Toledo-9.jpg 790w, https:\/\/www.iessenara.es\/Revista\/wp-content\/uploads\/2024\/06\/Toledo-9-300x181.jpg 300w, https:\/\/www.iessenara.es\/Revista\/wp-content\/uploads\/2024\/06\/Toledo-9-768x464.jpg 768w\" sizes=\"(max-width: 960px) 100vw, 960px\" \/><\/a><\/figure>\n\n\n\n<p><\/p>\n\n\n\n<p>Despu\u00e9s de comer, seguimos con nuestro viaje por Puy du Fou y llegamos a <strong><em>Villa Nueva del Corral<\/em><\/strong>, que recrea un pueblo del siglo XVII como referencia a las cr\u00f3nicas del rey Carlos V; all\u00ed vimos los mulos, animales t\u00edpicos de granja, adem\u00e1s de ver un gran corral de comedias donde se encontraba nuestro pr\u00f3ximo espect\u00e1culo, el cuarto que \u00edbamos a ver en el d\u00eda: <strong><em>A pluma y espada, <\/em><\/strong>un escenario que enga\u00f1a porque apenas ten\u00eda dos metros nada m\u00e1s empezar y a medida que avanzaba el espect\u00e1culo se convert\u00eda en uno de los escenarios m\u00e1s grandes de todo el parque. Ah\u00ed vimos la historia de Lope de Vega. En este espect\u00e1culo, viajamos hasta Toledo en el Siglo de Oro, donde una nueva obra se va a representar en el corral de comedias, pero este teatro guardaba muchas sorpresas y ah\u00ed nada era lo que parec\u00eda. En esta obra Lope de Vega tendr\u00e1 que luchar por el honor de sus amores y por la vida del rey que estaba amenazada por un complot secreto. Termina con un apote\u00f3sico final que no os queremos desvelar pero que el espectador no se puede perder porque es uno de los momentos m\u00e1s espectaculares de todo el parque.&nbsp;&nbsp;<\/p>\n\n\n\n<figure class=\"wp-block-image size-large\"><a href=\"http:\/\/www.iessenara.es\/Revista\/wp-content\/uploads\/2024\/06\/33.jpg\"><img decoding=\"async\" loading=\"lazy\" width=\"1024\" height=\"768\" src=\"http:\/\/www.iessenara.es\/Revista\/wp-content\/uploads\/2024\/06\/33-1024x768.jpg\" alt=\"\" class=\"wp-image-4842\" srcset=\"https:\/\/www.iessenara.es\/Revista\/wp-content\/uploads\/2024\/06\/33-1024x768.jpg 1024w, https:\/\/www.iessenara.es\/Revista\/wp-content\/uploads\/2024\/06\/33-300x225.jpg 300w, https:\/\/www.iessenara.es\/Revista\/wp-content\/uploads\/2024\/06\/33-768x576.jpg 768w, https:\/\/www.iessenara.es\/Revista\/wp-content\/uploads\/2024\/06\/33-1536x1152.jpg 1536w, https:\/\/www.iessenara.es\/Revista\/wp-content\/uploads\/2024\/06\/33.jpg 1600w\" sizes=\"(max-width: 1024px) 100vw, 1024px\" \/><\/a><\/figure>\n\n\n\n<p><\/p>\n\n\n\n<p>Finalizamos nuestra visita al parque con el quinto y \u00faltimo espect\u00e1culo: <strong><em>El \u00faltimo canta<\/em><\/strong>r, que se encontraba en el castillo que preside La Puebla Real. Esta representaci\u00f3n nos traslada hasta el siglo XI y est\u00e1 centrado en la figura de Rodrigo D\u00edaz de Vivar, el Cid Campeador. Durante treinta minutos, disfrutamos de una obra que iba cambiando de escenarios y profundizando en las batallas legendarias del Cid.&nbsp;&nbsp;&nbsp;&nbsp;<\/p>\n\n\n\n<figure class=\"wp-block-image size-large\"><a href=\"http:\/\/www.iessenara.es\/Revista\/wp-content\/uploads\/2024\/06\/34.jpg\"><img decoding=\"async\" loading=\"lazy\" width=\"1024\" height=\"768\" src=\"http:\/\/www.iessenara.es\/Revista\/wp-content\/uploads\/2024\/06\/34-1024x768.jpg\" alt=\"\" class=\"wp-image-4843\" srcset=\"https:\/\/www.iessenara.es\/Revista\/wp-content\/uploads\/2024\/06\/34-1024x768.jpg 1024w, https:\/\/www.iessenara.es\/Revista\/wp-content\/uploads\/2024\/06\/34-300x225.jpg 300w, https:\/\/www.iessenara.es\/Revista\/wp-content\/uploads\/2024\/06\/34-768x576.jpg 768w, https:\/\/www.iessenara.es\/Revista\/wp-content\/uploads\/2024\/06\/34-1536x1152.jpg 1536w, https:\/\/www.iessenara.es\/Revista\/wp-content\/uploads\/2024\/06\/34.jpg 1600w\" sizes=\"(max-width: 1024px) 100vw, 1024px\" \/><\/a><\/figure>\n\n\n\n<p><\/p>\n\n\n\n<p>Nuestra visita al parque tem\u00e1tico Puy du Fou ha sido una experiencia \u00fanica que os recomendamos al 100%.&nbsp;&nbsp;<\/p>\n","protected":false},"excerpt":{"rendered":"<p>AUTOR: LUIS MART\u00cdN FIGUERO (Profesor de Religi\u00f3n del IES senara) Los d\u00edas dos y tres de mayo, alumnos de 3.\u00ba E.S.O. del IES. Senara de Babilafuente, matriculados en la asignatura de Religi\u00f3n, junto con&#46;&#46;&#46;<\/p>\n","protected":false},"author":3,"featured_media":4846,"comment_status":"open","ping_status":"open","sticky":false,"template":"","format":"standard","meta":{"jetpack_post_was_ever_published":false,"jetpack_publicize_message":"","jetpack_is_tweetstorm":false,"jetpack_publicize_feature_enabled":true,"jetpack_social_options":[]},"categories":[1],"tags":[463,33,363],"jetpack_publicize_connections":[],"jetpack_featured_media_url":"https:\/\/www.iessenara.es\/Revista\/wp-content\/uploads\/2024\/06\/Toled0-16_9-scaled.jpg","jetpack_sharing_enabled":true,"jetpack_shortlink":"https:\/\/wp.me\/p5mbkp-1fU","_links":{"self":[{"href":"https:\/\/www.iessenara.es\/Revista\/index.php?rest_route=\/wp\/v2\/posts\/4830"}],"collection":[{"href":"https:\/\/www.iessenara.es\/Revista\/index.php?rest_route=\/wp\/v2\/posts"}],"about":[{"href":"https:\/\/www.iessenara.es\/Revista\/index.php?rest_route=\/wp\/v2\/types\/post"}],"author":[{"embeddable":true,"href":"https:\/\/www.iessenara.es\/Revista\/index.php?rest_route=\/wp\/v2\/users\/3"}],"replies":[{"embeddable":true,"href":"https:\/\/www.iessenara.es\/Revista\/index.php?rest_route=%2Fwp%2Fv2%2Fcomments&post=4830"}],"version-history":[{"count":9,"href":"https:\/\/www.iessenara.es\/Revista\/index.php?rest_route=\/wp\/v2\/posts\/4830\/revisions"}],"predecessor-version":[{"id":4851,"href":"https:\/\/www.iessenara.es\/Revista\/index.php?rest_route=\/wp\/v2\/posts\/4830\/revisions\/4851"}],"wp:featuredmedia":[{"embeddable":true,"href":"https:\/\/www.iessenara.es\/Revista\/index.php?rest_route=\/wp\/v2\/media\/4846"}],"wp:attachment":[{"href":"https:\/\/www.iessenara.es\/Revista\/index.php?rest_route=%2Fwp%2Fv2%2Fmedia&parent=4830"}],"wp:term":[{"taxonomy":"category","embeddable":true,"href":"https:\/\/www.iessenara.es\/Revista\/index.php?rest_route=%2Fwp%2Fv2%2Fcategories&post=4830"},{"taxonomy":"post_tag","embeddable":true,"href":"https:\/\/www.iessenara.es\/Revista\/index.php?rest_route=%2Fwp%2Fv2%2Ftags&post=4830"}],"curies":[{"name":"wp","href":"https:\/\/api.w.org\/{rel}","templated":true}]}}