{"id":4853,"date":"2024-06-17T20:39:25","date_gmt":"2024-06-17T19:39:25","guid":{"rendered":"http:\/\/www.iessenara.es\/Revista\/?p=4853"},"modified":"2024-06-17T20:42:17","modified_gmt":"2024-06-17T19:42:17","slug":"entrevista-a-leandro-lopez-valdivia","status":"publish","type":"post","link":"https:\/\/www.iessenara.es\/Revista\/?p=4853","title":{"rendered":"Entrevista a Leandro L\u00f3pez Valdivia"},"content":{"rendered":"\n<p><em>Leandro L\u00f3pez Valdivia, profesor del \u00c1mbito Cient\u00edfico y Matem\u00e1tico, adscrito al Dpto. de Orientaci\u00f3n, con destino definitivo en el IES Senara desde el curso 2022\/2023, se jubila despu\u00e9s de veinticinco a\u00f1os dedicado a la ense\u00f1anza. La Revista Cosas del Senara le ha hecho una entrevista en los d\u00edas previos a la finalizaci\u00f3n de este, que ser\u00e1 su \u00faltimo curso en activo.\u00a0<\/em><\/p>\n\n\n\n<figure class=\"wp-block-image size-large\"><a href=\"http:\/\/www.iessenara.es\/Revista\/wp-content\/uploads\/2024\/06\/1718616941983-scaled.jpg\"><img decoding=\"async\" loading=\"lazy\" width=\"1024\" height=\"768\" src=\"http:\/\/www.iessenara.es\/Revista\/wp-content\/uploads\/2024\/06\/1718616941983-1024x768.jpg\" alt=\"\" class=\"wp-image-4854\" srcset=\"https:\/\/www.iessenara.es\/Revista\/wp-content\/uploads\/2024\/06\/1718616941983-1024x768.jpg 1024w, https:\/\/www.iessenara.es\/Revista\/wp-content\/uploads\/2024\/06\/1718616941983-300x225.jpg 300w, https:\/\/www.iessenara.es\/Revista\/wp-content\/uploads\/2024\/06\/1718616941983-768x576.jpg 768w, https:\/\/www.iessenara.es\/Revista\/wp-content\/uploads\/2024\/06\/1718616941983-1536x1152.jpg 1536w, https:\/\/www.iessenara.es\/Revista\/wp-content\/uploads\/2024\/06\/1718616941983-2048x1536.jpg 2048w\" sizes=\"(max-width: 1024px) 100vw, 1024px\" \/><\/a><\/figure>\n\n\n\n<p><\/p>\n\n\n\n<p><strong>Antes de trabajar como profesor de educaci\u00f3n secundaria fuiste profesor t\u00e9cnico de formaci\u00f3n profesional. \u00bfCu\u00e1l era la familia profesional en la que impartiste clase?<\/strong>&nbsp;<\/p>\n\n\n\n<p>Empec\u00e9 en la ense\u00f1anza en la familia profesional de Electricidad y Electr\u00f3nica.&nbsp;<\/p>\n\n\n\n<p><strong>\u00bfHay muchas diferencias a la hora de trabajar con los alumnos de educaci\u00f3n secundaria y los de formaci\u00f3n profesional?<\/strong>&nbsp;<\/p>\n\n\n\n<p>S\u00ed, muchas. En la formaci\u00f3n profesional el alumnado est\u00e1 muy motivado. Tienen muy claro que van a aprender un oficio.&nbsp;<\/p>\n\n\n\n<p><strong>\u00bfEn qu\u00e9 momento supiste que la ense\u00f1anza era tu vocaci\u00f3n? De no haber sido profesor, \u00bfen qu\u00e9 otra profesi\u00f3n te habr\u00edas visto realizado?<\/strong>&nbsp;<\/p>\n\n\n\n<p>Mi vocaci\u00f3n vino cuando tuve que ejercer de profesor en proyectos de telecomunicaciones ante trabajadores de telefon\u00eda de la Rep\u00fablica de Argentina.&nbsp;<\/p>\n\n\n\n<p>Llevaba 11 a\u00f1os en empresas privadas cuando me present\u00e9, por probar, a las oposiciones de Castilla y Le\u00f3n, y las saqu\u00e9. Fue a partir de entonces cuando descart\u00e9 la empresa privada.&nbsp;<\/p>\n\n\n\n<p><strong>\u00bfHas tenido alg\u00fan profesor que te haya influido especialmente cuando eras estudiante?<\/strong>&nbsp;<\/p>\n\n\n\n<p>Son muchos los profesores que me han influido, de los que siempre admir\u00e9 su paciencia con los estudiantes.&nbsp;<\/p>\n\n\n\n<p><strong>En cuanto a tu trayectoria profesional, antes de llegar al lES Senara, \u00bfqu\u00e9 otros destinos han marcado tu camino?<\/strong>&nbsp;<\/p>\n\n\n\n<p>He pasado por varios centros y cada uno me ha ido haciendo mejor profesor, desde Cantalejo (Segovia), donde realic\u00e9 el a\u00f1o de pr\u00e1cticas, pasando por Carrizo de la Ribera (Le\u00f3n), B\u00e9jar, Ponferrada, Medina del Campo, Bermillo de Sayago (Zamora), IES Universidad de Zamora, y mi \u00faltimo destino: IES Senara.&nbsp;<\/p>\n\n\n\n<figure class=\"wp-block-image size-large\"><a href=\"http:\/\/www.iessenara.es\/Revista\/wp-content\/uploads\/2024\/06\/1718616942005-scaled.jpg\"><img decoding=\"async\" loading=\"lazy\" width=\"1024\" height=\"768\" src=\"http:\/\/www.iessenara.es\/Revista\/wp-content\/uploads\/2024\/06\/1718616942005-1024x768.jpg\" alt=\"\" class=\"wp-image-4855\" srcset=\"https:\/\/www.iessenara.es\/Revista\/wp-content\/uploads\/2024\/06\/1718616942005-1024x768.jpg 1024w, https:\/\/www.iessenara.es\/Revista\/wp-content\/uploads\/2024\/06\/1718616942005-300x225.jpg 300w, https:\/\/www.iessenara.es\/Revista\/wp-content\/uploads\/2024\/06\/1718616942005-768x576.jpg 768w, https:\/\/www.iessenara.es\/Revista\/wp-content\/uploads\/2024\/06\/1718616942005-1536x1152.jpg 1536w, https:\/\/www.iessenara.es\/Revista\/wp-content\/uploads\/2024\/06\/1718616942005-2048x1536.jpg 2048w\" sizes=\"(max-width: 1024px) 100vw, 1024px\" \/><\/a><\/figure>\n\n\n\n<p><\/p>\n\n\n\n<p><strong>Cuando llegaste al Senara, \u00bfqu\u00e9 es lo que m\u00e1s te llam\u00f3 la atenci\u00f3n del instituto? \u00bfC\u00f3mo lo caracterizar\u00edas? \u00bfC\u00f3mo definir\u00edas a sus alumnos?<\/strong>&nbsp;<\/p>\n\n\n\n<p>Me encontr\u00e9 un centro en el que los compa\u00f1eros son humildes y con buen \u00e1nimo para ayudarte. Los alumnos me agradaron por su buen comportamiento, por encima de la media de los otros centros por donde pas\u00e9.&nbsp;<\/p>\n\n\n\n<p><strong>\u00bfHay alg\u00fan compa\u00f1ero de trabajo que te haya influenciado especialmente?<\/strong>&nbsp;<\/p>\n\n\n\n<p>Todos ellos me han influido para hacer cada d\u00eda mejor mi trabajo. Me han ayudado mucho el director, Jos\u00e9 Antonio, Roc\u00edo, la jefa de estudios (con la que coincid\u00ed en Bermillo de Sayago), y Ra\u00fal, el secretario.&nbsp;<\/p>\n\n\n\n<p><strong>Haciendo un resumen de tu trayectoria como profesor, \u00bfqu\u00e9 ha sido lo m\u00e1s satisfactorio de tu t<\/strong><strong>r<\/strong><strong>abajo? \u00bfY lo m\u00e1s ingrato?<\/strong>&nbsp;<\/p>\n\n\n\n<p>Lo m\u00e1s satisfactorio es cuando te saludan por la calle, a\u00f1os despu\u00e9s, y te reconocen c\u00f3mo les influenciaste en su formaci\u00f3n. Lo m\u00e1s ingrato ha sido cuando alg\u00fan alumno se me ha encarado de manera grosera.&nbsp;<\/p>\n\n\n\n<p><strong>Si tuvieses que elegir un momento relevante en el IES Senara, \u00bfcu\u00e1<\/strong><strong>l <\/strong><strong>ser\u00eda?<\/strong>&nbsp;<\/p>\n\n\n\n<p>Apenas he tenido tiempo para darme cuenta, pues s\u00f3lo han sido dos a\u00f1os, pero recordar\u00e9 siempre las charlas en cafeter\u00eda, tanto con Mariola como con otros profesores y alumnos.&nbsp;<\/p>\n\n\n\n<p><strong>\u00bfQu\u00e9 consejos dar\u00edas a tus compa\u00f1eros de profesi\u00f3n y a tus a<\/strong><strong>l<\/strong><strong>umnos?<\/strong>&nbsp;<\/p>\n\n\n\n<p>A los compa\u00f1eros, que no se desanimen y sigan teniendo paciencia. A los alumnos, volver a repetirles que estos a\u00f1os les marcar\u00e1n para siempre, espero que para bien.&nbsp;<\/p>\n\n\n\n<p><strong>Inicias una etapa muy especial de tu vida, \u00bfqu\u00e9 vas a echar de menos de tu trabajo?<\/strong>&nbsp;<\/p>\n\n\n\n<p>Claro que voy a echar de menos mi trabajo. Mi consuelo es que espero estar muy atareado para pensarlo menos.&nbsp;<\/p>\n\n\n\n<p><strong>\u00bfQu\u00e9 planes o proyectos tienes preparados para esta nueva etapa de tu vida?<\/strong>&nbsp;<\/p>\n\n\n\n<p>&nbsp;Pues voy a seguir montando mi propio taller de mec\u00e1nica del autom\u00f3vil para restaurar veh\u00edculos antiguos. Y seguir haciendo tandas de velocidad en circuitos mientras el cuerpo aguante.<\/p>\n\n\n\n<figure class=\"wp-block-image size-large\"><a href=\"http:\/\/www.iessenara.es\/Revista\/wp-content\/uploads\/2024\/06\/1718616942028-scaled.jpg\"><img decoding=\"async\" loading=\"lazy\" width=\"1024\" height=\"768\" src=\"http:\/\/www.iessenara.es\/Revista\/wp-content\/uploads\/2024\/06\/1718616942028-1024x768.jpg\" alt=\"\" class=\"wp-image-4856\" srcset=\"https:\/\/www.iessenara.es\/Revista\/wp-content\/uploads\/2024\/06\/1718616942028-1024x768.jpg 1024w, https:\/\/www.iessenara.es\/Revista\/wp-content\/uploads\/2024\/06\/1718616942028-300x225.jpg 300w, https:\/\/www.iessenara.es\/Revista\/wp-content\/uploads\/2024\/06\/1718616942028-768x576.jpg 768w, https:\/\/www.iessenara.es\/Revista\/wp-content\/uploads\/2024\/06\/1718616942028-1536x1152.jpg 1536w, https:\/\/www.iessenara.es\/Revista\/wp-content\/uploads\/2024\/06\/1718616942028-2048x1536.jpg 2048w\" sizes=\"(max-width: 1024px) 100vw, 1024px\" \/><\/a><figcaption class=\"wp-element-caption\">jub<\/figcaption><\/figure>\n","protected":false},"excerpt":{"rendered":"<p>Leandro L\u00f3pez Valdivia, profesor del \u00c1mbito Cient\u00edfico y Matem\u00e1tico, adscrito al Dpto. de Orientaci\u00f3n, con destino definitivo en el IES Senara desde el curso 2022\/2023, se jubila despu\u00e9s de veinticinco a\u00f1os dedicado a la&#46;&#46;&#46;<\/p>\n","protected":false},"author":3,"featured_media":4857,"comment_status":"open","ping_status":"open","sticky":false,"template":"","format":"standard","meta":{"jetpack_post_was_ever_published":false,"jetpack_publicize_message":"","jetpack_is_tweetstorm":false,"jetpack_publicize_feature_enabled":true,"jetpack_social_options":[]},"categories":[9],"tags":[232,151,397],"jetpack_publicize_connections":[],"jetpack_featured_media_url":"https:\/\/www.iessenara.es\/Revista\/wp-content\/uploads\/2024\/06\/Jubilacion-Leandro-Lopez-16_9-scaled.jpg","jetpack_sharing_enabled":true,"jetpack_shortlink":"https:\/\/wp.me\/p5mbkp-1gh","_links":{"self":[{"href":"https:\/\/www.iessenara.es\/Revista\/index.php?rest_route=\/wp\/v2\/posts\/4853"}],"collection":[{"href":"https:\/\/www.iessenara.es\/Revista\/index.php?rest_route=\/wp\/v2\/posts"}],"about":[{"href":"https:\/\/www.iessenara.es\/Revista\/index.php?rest_route=\/wp\/v2\/types\/post"}],"author":[{"embeddable":true,"href":"https:\/\/www.iessenara.es\/Revista\/index.php?rest_route=\/wp\/v2\/users\/3"}],"replies":[{"embeddable":true,"href":"https:\/\/www.iessenara.es\/Revista\/index.php?rest_route=%2Fwp%2Fv2%2Fcomments&post=4853"}],"version-history":[{"count":5,"href":"https:\/\/www.iessenara.es\/Revista\/index.php?rest_route=\/wp\/v2\/posts\/4853\/revisions"}],"predecessor-version":[{"id":4864,"href":"https:\/\/www.iessenara.es\/Revista\/index.php?rest_route=\/wp\/v2\/posts\/4853\/revisions\/4864"}],"wp:featuredmedia":[{"embeddable":true,"href":"https:\/\/www.iessenara.es\/Revista\/index.php?rest_route=\/wp\/v2\/media\/4857"}],"wp:attachment":[{"href":"https:\/\/www.iessenara.es\/Revista\/index.php?rest_route=%2Fwp%2Fv2%2Fmedia&parent=4853"}],"wp:term":[{"taxonomy":"category","embeddable":true,"href":"https:\/\/www.iessenara.es\/Revista\/index.php?rest_route=%2Fwp%2Fv2%2Fcategories&post=4853"},{"taxonomy":"post_tag","embeddable":true,"href":"https:\/\/www.iessenara.es\/Revista\/index.php?rest_route=%2Fwp%2Fv2%2Ftags&post=4853"}],"curies":[{"name":"wp","href":"https:\/\/api.w.org\/{rel}","templated":true}]}}