{"id":4861,"date":"2024-06-17T21:02:56","date_gmt":"2024-06-17T20:02:56","guid":{"rendered":"http:\/\/www.iessenara.es\/Revista\/?p=4861"},"modified":"2024-06-17T21:02:56","modified_gmt":"2024-06-17T20:02:56","slug":"entrevista-a-rocio-marco-munoz","status":"publish","type":"post","link":"https:\/\/www.iessenara.es\/Revista\/?p=4861","title":{"rendered":"Entrevista a Roc\u00edo Marco Mu\u00f1oz"},"content":{"rendered":"\n<p><em>Roc\u00edo Marco Mu\u00f1oz, profesora y jefa del departamento de M\u00fasica, con destino definitivo en el IES Senara desde el curso 2018\/2019, se jubila despu\u00e9s de treinta y nueve a\u00f1os dedicada a la ense\u00f1anza. La Revista Cosas del Senara le ha hecho una entrevista en la que nos revela c\u00f3mo surgi\u00f3 su pasi\u00f3n por la m\u00fasica y su visi\u00f3n de la asignatura de M\u00fasica en la ESO, entre otras cosas.<\/em>\u00a0<\/p>\n\n\n\n<figure class=\"wp-block-image size-large\"><a href=\"http:\/\/www.iessenara.es\/Revista\/wp-content\/uploads\/2024\/06\/1718018998987-scaled.jpg\"><img decoding=\"async\" loading=\"lazy\" width=\"1024\" height=\"768\" src=\"http:\/\/www.iessenara.es\/Revista\/wp-content\/uploads\/2024\/06\/1718018998987-1024x768.jpg\" alt=\"\" class=\"wp-image-4865\" srcset=\"https:\/\/www.iessenara.es\/Revista\/wp-content\/uploads\/2024\/06\/1718018998987-1024x768.jpg 1024w, https:\/\/www.iessenara.es\/Revista\/wp-content\/uploads\/2024\/06\/1718018998987-300x225.jpg 300w, https:\/\/www.iessenara.es\/Revista\/wp-content\/uploads\/2024\/06\/1718018998987-768x576.jpg 768w, https:\/\/www.iessenara.es\/Revista\/wp-content\/uploads\/2024\/06\/1718018998987-1536x1152.jpg 1536w, https:\/\/www.iessenara.es\/Revista\/wp-content\/uploads\/2024\/06\/1718018998987-2048x1536.jpg 2048w\" sizes=\"(max-width: 1024px) 100vw, 1024px\" \/><\/a><\/figure>\n\n\n\n<p><\/p>\n\n\n\n<p><strong>Empezando por tu formaci\u00f3n, \u00bfc\u00f3mo y cu\u00e1ndo surge tu pasi\u00f3n por la m\u00fasica?<\/strong>&nbsp;<\/p>\n\n\n\n<p>Cuando ten\u00eda siete a\u00f1os mi hermana y yo inventamos una canci\u00f3n con voz y guitarra, fue entonces cuando mi madre nos mand\u00f3 con una profesora de m\u00fasica.&nbsp;<\/p>\n\n\n\n<p><strong>\u00bfD\u00f3nde recibiste tu formaci\u00f3n musical? \u00bfEn qu\u00e9 consisti\u00f3?<\/strong>&nbsp;<\/p>\n\n\n\n<p>Desde los siete a\u00f1os hasta los diecis\u00e9is estuve con la misma profesora estudiando lenguaje musical y piano, realizando los ex\u00e1menes libres en los conservatorios de Salamanca y Valladolid. Cuando termin\u00e9 mis estudios profesionales a los diecisiete a\u00f1os, con los ocho cursos de piano, empec\u00e9 los estudios superiores en el Conservatorio Superior de Salamanca, otros tres a\u00f1os m\u00e1s.&nbsp;<\/p>\n\n\n\n<p><strong>\u00bfLa ense\u00f1anza fue siempre tu vocaci\u00f3n? \u00bfNo pensaste nunca en dedicarte a la interpretaci\u00f3n musical?<\/strong>&nbsp;<\/p>\n\n\n\n<p>La ense\u00f1anza ha sido mi pasi\u00f3n siempre, ser concertista tambi\u00e9n me hubiera encantado.&nbsp;<\/p>\n\n\n\n<p><strong>De no haber sido profesora, \u00bfen qu\u00e9 otra profesi\u00f3n te habr\u00edas visto realizada?<\/strong>&nbsp;<\/p>\n\n\n\n<p>La verdad es que nunca me he planteado ninguna otra.&nbsp;<\/p>\n\n\n\n<p><strong>\u00bfHas tenido alg\u00fan profesor que te haya influido especialmente cuando eras estudiante?<\/strong>&nbsp;<\/p>\n\n\n\n<p>Mi primera profesora de piano me marc\u00f3 mucho y despu\u00e9s en la carrera he tenido muchos profesores que mostraron mucha pasi\u00f3n y eso siempre contagia.<\/p>\n\n\n\n<figure class=\"wp-block-image size-large\"><a href=\"http:\/\/www.iessenara.es\/Revista\/wp-content\/uploads\/2024\/06\/1718018998915-scaled.jpg\"><img decoding=\"async\" loading=\"lazy\" width=\"1024\" height=\"768\" src=\"http:\/\/www.iessenara.es\/Revista\/wp-content\/uploads\/2024\/06\/1718018998915-1024x768.jpg\" alt=\"\" class=\"wp-image-4867\" srcset=\"https:\/\/www.iessenara.es\/Revista\/wp-content\/uploads\/2024\/06\/1718018998915-1024x768.jpg 1024w, https:\/\/www.iessenara.es\/Revista\/wp-content\/uploads\/2024\/06\/1718018998915-300x225.jpg 300w, https:\/\/www.iessenara.es\/Revista\/wp-content\/uploads\/2024\/06\/1718018998915-768x576.jpg 768w, https:\/\/www.iessenara.es\/Revista\/wp-content\/uploads\/2024\/06\/1718018998915-1536x1152.jpg 1536w, https:\/\/www.iessenara.es\/Revista\/wp-content\/uploads\/2024\/06\/1718018998915-2048x1536.jpg 2048w\" sizes=\"(max-width: 1024px) 100vw, 1024px\" \/><\/a><\/figure>\n\n\n\n<p><\/p>\n\n\n\n<p><strong>\u00bfTe parece importante que los alumnos se formen musicalmente fuera de los institutos? \u00bfEs compatible esa formaci\u00f3n con la ESO y el Bachillerato?<\/strong>&nbsp;<\/p>\n\n\n\n<p>S\u00ed, es importante que los alumnos se puedan formar en los conservatorios y las escuelas de m\u00fasica y es totalmente compatible.&nbsp;<\/p>\n\n\n\n<p><strong>\u00bfQu\u00e9 visi\u00f3n crees que se tiene de la m\u00fasica como asignatura obligatoria en la ESO?<\/strong>&nbsp;<\/p>\n\n\n\n<p>Es una asignatura muy importante; la formaci\u00f3n musical es muy buena para la formaci\u00f3n integral de los alumnos y deber\u00edan tener muchas m\u00e1s horas de m\u00fasica en colegios e institutos para su formaci\u00f3n b\u00e1sica.&nbsp;&nbsp;<\/p>\n\n\n\n<p><strong>En cuanto a tu trayectoria profesional, antes de llegar al lES Senara, \u00bfqu\u00e9 otros destinos han marcado tu camino?<\/strong>&nbsp;<\/p>\n\n\n\n<p>He pasado por pocos institutos en mi vida profesional, todos han marcado mi camino. La mayor\u00eda han sido rurales y muy cercanos.&nbsp;<\/p>\n\n\n\n<p><strong>Cuando llegaste al Senara, \u00bfqu\u00e9 es lo que m\u00e1s te llam\u00f3 la atenci\u00f3n del instituto? \u00bfC\u00f3mo lo caracterizar\u00edas? \u00bfC\u00f3mo definir\u00edas a sus alumnos?<\/strong>&nbsp;<\/p>\n\n\n\n<p>El edificio redondo, te pierdes los primeros meses.&nbsp;<\/p>\n\n\n\n<p>Es un instituto muy familiar, llevo s\u00f3lo siete a\u00f1os en el Senara, pero puedo asegurar que nunca me he sentido mejor en ning\u00fan otro instituto, todo ello gracias a su equipo directivo y orientadores, que nos tratan siempre con mucho respeto y trabajan muy bien para solucionar cualquier problema que surge, al resto de compa\u00f1eros que siempre te apoyan y animan, los conserjes que te facilitan mucho el trabajo siempre con una sonrisa y los alumnos que son con los que pasamos largas horas a lo largo del curso, \u00a1muy buena gente!&nbsp;<\/p>\n\n\n\n<figure class=\"wp-block-image size-large\"><a href=\"http:\/\/www.iessenara.es\/Revista\/wp-content\/uploads\/2024\/06\/1718018998941-scaled.jpg\"><img decoding=\"async\" loading=\"lazy\" width=\"1024\" height=\"768\" src=\"http:\/\/www.iessenara.es\/Revista\/wp-content\/uploads\/2024\/06\/1718018998941-1024x768.jpg\" alt=\"\" class=\"wp-image-4869\" srcset=\"https:\/\/www.iessenara.es\/Revista\/wp-content\/uploads\/2024\/06\/1718018998941-1024x768.jpg 1024w, https:\/\/www.iessenara.es\/Revista\/wp-content\/uploads\/2024\/06\/1718018998941-300x225.jpg 300w, https:\/\/www.iessenara.es\/Revista\/wp-content\/uploads\/2024\/06\/1718018998941-768x576.jpg 768w, https:\/\/www.iessenara.es\/Revista\/wp-content\/uploads\/2024\/06\/1718018998941-1536x1152.jpg 1536w, https:\/\/www.iessenara.es\/Revista\/wp-content\/uploads\/2024\/06\/1718018998941-2048x1536.jpg 2048w\" sizes=\"(max-width: 1024px) 100vw, 1024px\" \/><\/a><\/figure>\n\n\n\n<p><\/p>\n\n\n\n<p><strong>\u00bfHay alg\u00fan compa\u00f1ero de trabajo que te haya influenciado especialmente?<\/strong>&nbsp;<\/p>\n\n\n\n<p>No sabr\u00eda especificar, creo que todos en general te influyen a lo largo de los cursos&nbsp;<\/p>\n\n\n\n<p><strong>Haciendo un resumen de tu trayectoria como profesora, \u00bfqu\u00e9 ha sido lo m\u00e1s satisfactorio de tu t<\/strong><strong>r<\/strong><strong>abajo? \u00bfY lo m\u00e1s ingrato?<\/strong>&nbsp;<\/p>\n\n\n\n<p>Lo m\u00e1s satisfactorio lo encuentras en las clases cuando consigues que se apasionen, que disfruten de la m\u00fasica al escucharla, interpretarla o conocerla. Lo m\u00e1s ingrato lo encuentras cuando algunos alumnos no tienen comportamientos adecuados y tienes que buscar la manera de corregirlo para poder continuar las clases con normalidad.&nbsp;<\/p>\n\n\n\n<p><strong>Si tuvieses que elegir un momento relevante en el IES Senara, \u00bfcu\u00e1<\/strong><strong>l <\/strong><strong>ser\u00eda?<\/strong>&nbsp;<\/p>\n\n\n\n<p>Las salidas extraescolares a Madrid para ver los musicales, lo hemos pasado muy bien.&nbsp;<\/p>\n\n\n\n<p><strong>\u00bfQu\u00e9 consejos dar\u00edas a tus compa\u00f1eros de profesi\u00f3n y a tus a<\/strong><strong>l<\/strong><strong>umnos?<\/strong>&nbsp;<\/p>\n\n\n\n<p>A los profesores, mucha paciencia y entusiasmo. A los alumnos, respeto y que puedan aprovechar todo lo que se les ofrece a lo largo de los a\u00f1os en el instituto.&nbsp;<\/p>\n\n\n\n<p><strong>Adem\u00e1s de profesora de M\u00fasica, nos consta que tienes aficiones relacionadas con las artes, \u00bfes as\u00ed?<\/strong>&nbsp;<\/p>\n\n\n\n<p>Aparte de tocar el piano, cocinar, el jard\u00edn y la costura.&nbsp;<\/p>\n\n\n\n<p><strong>Inicias una etapa muy especial de tu vida, \u00bfqu\u00e9 vas a echar de menos de tu trabajo?<\/strong>&nbsp;<\/p>\n\n\n\n<p>Todo: las clases, a los alumnos, a los compa\u00f1eros, la cafeter\u00eda de Mariola\u2026.&nbsp;<\/p>\n\n\n\n<p><strong>\u00bfQu\u00e9 planes o proyectos tienes preparados para esta nueva etapa de tu vida?<\/strong>&nbsp;<\/p>\n\n\n\n<p>Viajar, cuidar el jard\u00edn, tocar el piano, coser y tener tiempo para la familia y los amigos.&nbsp;<\/p>\n\n\n\n<div class=\"wp-block-jetpack-slideshow aligncenter\" data-effect=\"slide\"><div class=\"wp-block-jetpack-slideshow_container swiper-container\"><ul class=\"wp-block-jetpack-slideshow_swiper-wrapper swiper-wrapper\"><li class=\"wp-block-jetpack-slideshow_slide swiper-slide\"><figure><img decoding=\"async\" loading=\"lazy\" width=\"1024\" height=\"768\" alt=\"\" class=\"wp-block-jetpack-slideshow_image wp-image-4872\" data-id=\"4872\" src=\"http:\/\/www.iessenara.es\/Revista\/wp-content\/uploads\/2024\/06\/Anastasia-musical-2019-1024x768.png\" srcset=\"https:\/\/www.iessenara.es\/Revista\/wp-content\/uploads\/2024\/06\/Anastasia-musical-2019-1024x768.png 1024w, https:\/\/www.iessenara.es\/Revista\/wp-content\/uploads\/2024\/06\/Anastasia-musical-2019-300x225.png 300w, https:\/\/www.iessenara.es\/Revista\/wp-content\/uploads\/2024\/06\/Anastasia-musical-2019-768x576.png 768w, https:\/\/www.iessenara.es\/Revista\/wp-content\/uploads\/2024\/06\/Anastasia-musical-2019-1536x1152.png 1536w, https:\/\/www.iessenara.es\/Revista\/wp-content\/uploads\/2024\/06\/Anastasia-musical-2019.png 1600w\" sizes=\"(max-width: 1024px) 100vw, 1024px\" \/><\/figure><\/li><li class=\"wp-block-jetpack-slideshow_slide swiper-slide\"><figure><img decoding=\"async\" loading=\"lazy\" width=\"1024\" height=\"768\" alt=\"\" class=\"wp-block-jetpack-slideshow_image wp-image-4873\" data-id=\"4873\" src=\"http:\/\/www.iessenara.es\/Revista\/wp-content\/uploads\/2024\/06\/Foto-4.jpeg\" srcset=\"https:\/\/www.iessenara.es\/Revista\/wp-content\/uploads\/2024\/06\/Foto-4.jpeg 1024w, https:\/\/www.iessenara.es\/Revista\/wp-content\/uploads\/2024\/06\/Foto-4-300x225.jpeg 300w, https:\/\/www.iessenara.es\/Revista\/wp-content\/uploads\/2024\/06\/Foto-4-768x576.jpeg 768w\" sizes=\"(max-width: 1024px) 100vw, 1024px\" \/><\/figure><\/li><li class=\"wp-block-jetpack-slideshow_slide swiper-slide\"><figure><img decoding=\"async\" loading=\"lazy\" width=\"640\" height=\"480\" alt=\"\" class=\"wp-block-jetpack-slideshow_image wp-image-4874\" data-id=\"4874\" src=\"http:\/\/www.iessenara.es\/Revista\/wp-content\/uploads\/2024\/06\/Taller-instrumentos-musicales-rotated.jpg\" srcset=\"https:\/\/www.iessenara.es\/Revista\/wp-content\/uploads\/2024\/06\/Taller-instrumentos-musicales-rotated.jpg 640w, https:\/\/www.iessenara.es\/Revista\/wp-content\/uploads\/2024\/06\/Taller-instrumentos-musicales-300x225.jpg 300w\" sizes=\"(max-width: 640px) 100vw, 640px\" \/><\/figure><\/li><\/ul><a class=\"wp-block-jetpack-slideshow_button-prev swiper-button-prev swiper-button-white\" role=\"button\"><\/a><a class=\"wp-block-jetpack-slideshow_button-next swiper-button-next swiper-button-white\" role=\"button\"><\/a><a aria-label=\"Pause Slideshow\" class=\"wp-block-jetpack-slideshow_button-pause\" role=\"button\"><\/a><div class=\"wp-block-jetpack-slideshow_pagination swiper-pagination swiper-pagination-white\"><\/div><\/div><\/div>\n","protected":false},"excerpt":{"rendered":"<p>Roc\u00edo Marco Mu\u00f1oz, profesora y jefa del departamento de M\u00fasica, con destino definitivo en el IES Senara desde el curso 2018\/2019, se jubila despu\u00e9s de treinta y nueve a\u00f1os dedicada a la ense\u00f1anza. La&#46;&#46;&#46;<\/p>\n","protected":false},"author":3,"featured_media":4866,"comment_status":"open","ping_status":"open","sticky":false,"template":"","format":"standard","meta":{"jetpack_post_was_ever_published":false,"jetpack_publicize_message":"","jetpack_is_tweetstorm":false,"jetpack_publicize_feature_enabled":true,"jetpack_social_options":[]},"categories":[9],"tags":[232,151,95],"jetpack_publicize_connections":[],"jetpack_featured_media_url":"https:\/\/www.iessenara.es\/Revista\/wp-content\/uploads\/2024\/06\/Jubilacion-Rocio-Marco-16_9-scaled.jpg","jetpack_sharing_enabled":true,"jetpack_shortlink":"https:\/\/wp.me\/p5mbkp-1gp","_links":{"self":[{"href":"https:\/\/www.iessenara.es\/Revista\/index.php?rest_route=\/wp\/v2\/posts\/4861"}],"collection":[{"href":"https:\/\/www.iessenara.es\/Revista\/index.php?rest_route=\/wp\/v2\/posts"}],"about":[{"href":"https:\/\/www.iessenara.es\/Revista\/index.php?rest_route=\/wp\/v2\/types\/post"}],"author":[{"embeddable":true,"href":"https:\/\/www.iessenara.es\/Revista\/index.php?rest_route=\/wp\/v2\/users\/3"}],"replies":[{"embeddable":true,"href":"https:\/\/www.iessenara.es\/Revista\/index.php?rest_route=%2Fwp%2Fv2%2Fcomments&post=4861"}],"version-history":[{"count":7,"href":"https:\/\/www.iessenara.es\/Revista\/index.php?rest_route=\/wp\/v2\/posts\/4861\/revisions"}],"predecessor-version":[{"id":4877,"href":"https:\/\/www.iessenara.es\/Revista\/index.php?rest_route=\/wp\/v2\/posts\/4861\/revisions\/4877"}],"wp:featuredmedia":[{"embeddable":true,"href":"https:\/\/www.iessenara.es\/Revista\/index.php?rest_route=\/wp\/v2\/media\/4866"}],"wp:attachment":[{"href":"https:\/\/www.iessenara.es\/Revista\/index.php?rest_route=%2Fwp%2Fv2%2Fmedia&parent=4861"}],"wp:term":[{"taxonomy":"category","embeddable":true,"href":"https:\/\/www.iessenara.es\/Revista\/index.php?rest_route=%2Fwp%2Fv2%2Fcategories&post=4861"},{"taxonomy":"post_tag","embeddable":true,"href":"https:\/\/www.iessenara.es\/Revista\/index.php?rest_route=%2Fwp%2Fv2%2Ftags&post=4861"}],"curies":[{"name":"wp","href":"https:\/\/api.w.org\/{rel}","templated":true}]}}