{"id":488,"date":"2015-05-05T16:59:43","date_gmt":"2015-05-05T16:59:43","guid":{"rendered":"http:\/\/www.iessenara.es\/Revista\/?p=488"},"modified":"2015-05-05T16:59:43","modified_gmt":"2015-05-05T16:59:43","slug":"cien-anos-del-genocidio-armenio","status":"publish","type":"post","link":"https:\/\/www.iessenara.es\/Revista\/?p=488","title":{"rendered":"Cien a\u00f1os del genocidio armenio"},"content":{"rendered":"<p>&nbsp;<\/p>\n<p><span style=\"color: #000000\">El genocidio armenio fue una matanza sistem\u00e1tica por parte del imperio turco sobre los habitantes de Armenia, regi\u00f3n integrante de dicho imperio. Se estima que 1.200.000 armenios fueron asesinados.<\/span><\/p>\n<p><a href=\"http:\/\/www.iessenara.es\/Revista\/wp-content\/uploads\/2015\/04\/Mapa-Armenia.jpg\"><img decoding=\"async\" loading=\"lazy\" class=\"aligncenter wp-image-501\" src=\"http:\/\/www.iessenara.es\/Revista\/wp-content\/uploads\/2015\/04\/Mapa-Armenia-300x270.jpg\" alt=\"Mapa Armenia\" width=\"354\" height=\"320\" srcset=\"https:\/\/www.iessenara.es\/Revista\/wp-content\/uploads\/2015\/04\/Mapa-Armenia-300x270.jpg 300w, https:\/\/www.iessenara.es\/Revista\/wp-content\/uploads\/2015\/04\/Mapa-Armenia.jpg 640w\" sizes=\"(max-width: 354px) 100vw, 354px\" \/><\/a><\/p>\n<p>&nbsp;<\/p>\n<p><span style=\"color: #000000\">Esta matanza comenz\u00f3 en el a\u00f1o 1909, promovida por Abdul Hamid II, debido a que una parte de los j\u00f3venes turcos pretend\u00edan, por un lado, crear un nuevo pa\u00eds unificado donde no cab\u00edan minor\u00edas \u00e9tnicas o religiosas y, por otro lado, la matanza se hizo a causa del odio racial.<\/span><\/p>\n<p><span style=\"color: #000000\">Junto a \u00e9ste, el sentimiento de humillaci\u00f3n por la derrota turca en la guerra de los Balcanes tambi\u00e9n estuvo presente en la masacre. Tras esa derrota, se desat\u00f3 el odio en el imperio turco. La mayor\u00eda de las personas asesinadas eran mayores de 50 a\u00f1os (normalmente varones); se permiti\u00f3 vivir a los m\u00e1s j\u00f3venes para despu\u00e9s islamizarlos.\u00a0<\/span><\/p>\n<p>&nbsp;<\/p>\n<div id=\"attachment_491\" style=\"width: 580px\" class=\"wp-caption aligncenter\"><a href=\"http:\/\/www.iessenara.es\/Revista\/wp-content\/uploads\/2015\/04\/Mapa-Genocidio-armenio.png\"><img aria-describedby=\"caption-attachment-491\" decoding=\"async\" loading=\"lazy\" class=\"wp-image-491\" src=\"http:\/\/www.iessenara.es\/Revista\/wp-content\/uploads\/2015\/04\/Mapa-Genocidio-armenio-1024x502.png\" alt=\"Mapa del genocidio armenio\" width=\"570\" height=\"280\" srcset=\"https:\/\/www.iessenara.es\/Revista\/wp-content\/uploads\/2015\/04\/Mapa-Genocidio-armenio-1024x502.png 1024w, https:\/\/www.iessenara.es\/Revista\/wp-content\/uploads\/2015\/04\/Mapa-Genocidio-armenio-300x147.png 300w, https:\/\/www.iessenara.es\/Revista\/wp-content\/uploads\/2015\/04\/Mapa-Genocidio-armenio.png 2000w\" sizes=\"(max-width: 570px) 100vw, 570px\" \/><\/a><p id=\"caption-attachment-491\" class=\"wp-caption-text\">Mapa del genocidio armenio<\/p><\/div>\n<p>&nbsp;<\/p>\n<p><span style=\"color: #000000\">En la actualidad, Estambul niega estos asesinatos sistem\u00e1ticos hacia los armenios. Sin embargo, las pruebas son irrefutables porque, entre\u00a0otras muchas, existe la que los ingleses encontraron en 1918: un dec\u00e1logo de medidas emitido por las autoridades turcas para asesinar a los armenios, con la consigna de que empezara eliminando a intelectuales y maestros, para evitar que encabezaran alg\u00fan tipo de rebeli\u00f3n.<\/span><\/p>\n<p><span style=\"color: #000000\">Se puede considerar que este genocidio constituy\u00f3 una traici\u00f3n de los turcos hacia los armenios, puesto que aquellos eran los encargados de defenderlos. <\/span><\/p>\n<p><span style=\"color: #000000\">El d\u00eda 24 de abril de 2015 se conmemora el centenario de dicho genocidio.<\/span><\/p>\n<p><span style=\"color: #000000\">\u00a0<\/span><\/p>\n<p style=\"text-align: right\"><span style=\"color: #800000\"><strong>Alumnos de 1\u00ba de Bachillerato HCS<\/strong><\/span><\/p>\n<p>&nbsp;<\/p>\n<div id=\"attachment_494\" style=\"width: 228px\" class=\"wp-caption aligncenter\"><a style=\"color: #000000\" href=\"http:\/\/www.iessenara.es\/Revista\/wp-content\/uploads\/2015\/04\/cabezas-e-armenios.jpg\"><img aria-describedby=\"caption-attachment-494\" decoding=\"async\" loading=\"lazy\" class=\"wp-image-494\" src=\"http:\/\/www.iessenara.es\/Revista\/wp-content\/uploads\/2015\/04\/cabezas-e-armenios-198x300.jpg\" alt=\"Cabezas de intelectuales asesinados\" width=\"218\" height=\"330\" srcset=\"https:\/\/www.iessenara.es\/Revista\/wp-content\/uploads\/2015\/04\/cabezas-e-armenios-198x300.jpg 198w, https:\/\/www.iessenara.es\/Revista\/wp-content\/uploads\/2015\/04\/cabezas-e-armenios.jpg 378w\" sizes=\"(max-width: 218px) 100vw, 218px\" \/><\/a><p id=\"caption-attachment-494\" class=\"wp-caption-text\">Cabezas de intelectuales asesinados<\/p><\/div>\n<p>&nbsp;<\/p>\n<div id=\"attachment_495\" style=\"width: 382px\" class=\"wp-caption aligncenter\"><a href=\"http:\/\/www.iessenara.es\/Revista\/wp-content\/uploads\/2015\/04\/images.jpg\"><img aria-describedby=\"caption-attachment-495\" decoding=\"async\" loading=\"lazy\" class=\"wp-image-495\" src=\"http:\/\/www.iessenara.es\/Revista\/wp-content\/uploads\/2015\/04\/images.jpg\" alt=\"Ahorcamientos\" width=\"372\" height=\"250\" \/><\/a><p id=\"caption-attachment-495\" class=\"wp-caption-text\">Ahorcamientos<\/p><\/div>\n<p>&nbsp;<\/p>\n<div id=\"attachment_507\" style=\"width: 460px\" class=\"wp-caption aligncenter\"><a href=\"http:\/\/www.iessenara.es\/Revista\/wp-content\/uploads\/2015\/04\/Memorial-genocidio-armenio_02.jpg\"><img aria-describedby=\"caption-attachment-507\" decoding=\"async\" loading=\"lazy\" class=\"wp-image-507\" src=\"http:\/\/www.iessenara.es\/Revista\/wp-content\/uploads\/2015\/04\/Memorial-genocidio-armenio_02-300x199.jpg\" alt=\"Memorial del genocidio armenio (exterior)\" width=\"450\" height=\"300\" srcset=\"https:\/\/www.iessenara.es\/Revista\/wp-content\/uploads\/2015\/04\/Memorial-genocidio-armenio_02-300x199.jpg 300w, https:\/\/www.iessenara.es\/Revista\/wp-content\/uploads\/2015\/04\/Memorial-genocidio-armenio_02-1024x682.jpg 1024w, https:\/\/www.iessenara.es\/Revista\/wp-content\/uploads\/2015\/04\/Memorial-genocidio-armenio_02.jpg 1772w\" sizes=\"(max-width: 450px) 100vw, 450px\" \/><\/a><p id=\"caption-attachment-507\" class=\"wp-caption-text\">Memorial del genocidio armenio (exterior). Foto de Juan J. Vicente<\/p><\/div>\n<p>&nbsp;<\/p>\n<div id=\"attachment_511\" style=\"width: 460px\" class=\"wp-caption aligncenter\"><a href=\"http:\/\/www.iessenara.es\/Revista\/wp-content\/uploads\/2015\/04\/Memorial-genocidio-armenio_03.jpg\"><img aria-describedby=\"caption-attachment-511\" decoding=\"async\" loading=\"lazy\" class=\"wp-image-511\" src=\"http:\/\/www.iessenara.es\/Revista\/wp-content\/uploads\/2015\/04\/Memorial-genocidio-armenio_03-300x199.jpg\" alt=\"Memorial del genocidio armenio (interior)\" width=\"450\" height=\"300\" srcset=\"https:\/\/www.iessenara.es\/Revista\/wp-content\/uploads\/2015\/04\/Memorial-genocidio-armenio_03-300x199.jpg 300w, https:\/\/www.iessenara.es\/Revista\/wp-content\/uploads\/2015\/04\/Memorial-genocidio-armenio_03-1024x682.jpg 1024w, https:\/\/www.iessenara.es\/Revista\/wp-content\/uploads\/2015\/04\/Memorial-genocidio-armenio_03.jpg 1772w\" sizes=\"(max-width: 450px) 100vw, 450px\" \/><\/a><p id=\"caption-attachment-511\" class=\"wp-caption-text\">Memorial del genocidio armenio (interior).\u00a0Foto de Juan J. Vicente<\/p><\/div>\n<p>&nbsp;<\/p>\n<p><span style=\"color: #000000\">La sombra del genocidio permanece indeleble entre los sucesores de los que lo vivieron, como puede comprobarse en este fragmento de la carta que recientemente (abril de 2015) \u00a0nos ha remitido un amigo armenio nacido en Jerusal\u00e9n (Israel). Se reproduce respetando la graf\u00eda original:<\/span><\/p>\n<p>&nbsp;<\/p>\n<p><a href=\"http:\/\/www.iessenara.es\/Revista\/wp-content\/uploads\/2015\/05\/Carta-Tony.bmp\"><img decoding=\"async\" loading=\"lazy\" class=\"aligncenter wp-image-527\" src=\"http:\/\/www.iessenara.es\/Revista\/wp-content\/uploads\/2015\/05\/Carta-Tony.bmp\" alt=\"Carta Tony\" width=\"521\" height=\"800\" \/><\/a><\/p>\n<p>&nbsp;<\/p>\n<p style=\"text-align: right\"><span style=\"color: #800000\"><strong>\u00a0Clara I. L\u00f3pez (Dpto. de Geograf\u00eda e Historia)<\/strong><\/span><\/p>\n","protected":false},"excerpt":{"rendered":"<p>&nbsp; El genocidio armenio fue una matanza sistem\u00e1tica por parte del imperio turco sobre los habitantes de Armenia, regi\u00f3n integrante de dicho imperio. Se estima que 1.200.000 armenios fueron asesinados. &nbsp; Esta matanza comenz\u00f3&#46;&#46;&#46;<\/p>\n","protected":false},"author":3,"featured_media":507,"comment_status":"open","ping_status":"open","sticky":false,"template":"","format":"standard","meta":{"jetpack_post_was_ever_published":false,"jetpack_publicize_message":"","jetpack_is_tweetstorm":false,"jetpack_publicize_feature_enabled":true,"jetpack_social_options":[]},"categories":[8],"tags":[22,19,33],"jetpack_publicize_connections":[],"jetpack_featured_media_url":"https:\/\/www.iessenara.es\/Revista\/wp-content\/uploads\/2015\/04\/Memorial-genocidio-armenio_02.jpg","jetpack_sharing_enabled":true,"jetpack_shortlink":"https:\/\/wp.me\/p5mbkp-7S","_links":{"self":[{"href":"https:\/\/www.iessenara.es\/Revista\/index.php?rest_route=\/wp\/v2\/posts\/488"}],"collection":[{"href":"https:\/\/www.iessenara.es\/Revista\/index.php?rest_route=\/wp\/v2\/posts"}],"about":[{"href":"https:\/\/www.iessenara.es\/Revista\/index.php?rest_route=\/wp\/v2\/types\/post"}],"author":[{"embeddable":true,"href":"https:\/\/www.iessenara.es\/Revista\/index.php?rest_route=\/wp\/v2\/users\/3"}],"replies":[{"embeddable":true,"href":"https:\/\/www.iessenara.es\/Revista\/index.php?rest_route=%2Fwp%2Fv2%2Fcomments&post=488"}],"version-history":[{"count":31,"href":"https:\/\/www.iessenara.es\/Revista\/index.php?rest_route=\/wp\/v2\/posts\/488\/revisions"}],"predecessor-version":[{"id":533,"href":"https:\/\/www.iessenara.es\/Revista\/index.php?rest_route=\/wp\/v2\/posts\/488\/revisions\/533"}],"wp:featuredmedia":[{"embeddable":true,"href":"https:\/\/www.iessenara.es\/Revista\/index.php?rest_route=\/wp\/v2\/media\/507"}],"wp:attachment":[{"href":"https:\/\/www.iessenara.es\/Revista\/index.php?rest_route=%2Fwp%2Fv2%2Fmedia&parent=488"}],"wp:term":[{"taxonomy":"category","embeddable":true,"href":"https:\/\/www.iessenara.es\/Revista\/index.php?rest_route=%2Fwp%2Fv2%2Fcategories&post=488"},{"taxonomy":"post_tag","embeddable":true,"href":"https:\/\/www.iessenara.es\/Revista\/index.php?rest_route=%2Fwp%2Fv2%2Ftags&post=488"}],"curies":[{"name":"wp","href":"https:\/\/api.w.org\/{rel}","templated":true}]}}