{"id":4979,"date":"2024-11-25T22:09:25","date_gmt":"2024-11-25T21:09:25","guid":{"rendered":"http:\/\/www.iessenara.es\/Revista\/?p=4979"},"modified":"2024-11-25T22:12:24","modified_gmt":"2024-11-25T21:12:24","slug":"dia-internacional-por-la-eliminacion-de-la-violencia-contra-las-mujeres","status":"publish","type":"post","link":"https:\/\/www.iessenara.es\/Revista\/?p=4979","title":{"rendered":"D\u00eda Internacional por la Eliminaci\u00f3n de la Violencia Contra las Mujeres"},"content":{"rendered":"\n<p>AUTORA: Mar\u00eda Roc\u00edo Rodr\u00edguez Hern\u00e1ndez (Jefa de Estudios)<\/p>\n\n\n\n<p><\/p>\n\n\n\n<p>A\u00f1o tras a\u00f1o, en el IES Senara trabajamos distintos temas desde las tutor\u00edas, actividades de centro, etc.\u00a0<\/p>\n\n\n\n<p>Este a\u00f1o, para trabajar el 25 de noviembre, fecha en que se conmemora el D\u00eda Internacional de la Eliminaci\u00f3n de la Violencia Contra las Mujeres, hemos desarrollado actividades a lo largo de dos semanas.&nbsp;<\/p>\n\n\n\n<p>La primera semana hemos visualizado distintos v\u00eddeos (seg\u00fan las edades) que generar\u00e1n debate y reflexi\u00f3n en el aula.&nbsp;<\/p>\n\n\n\n<p>La segunda semana hemos elaborado, entre todos, el <strong>\u201c\u00c1RBOL DE LAS MARIPOSAS\u201d, <\/strong>cuya historia contamos a continuaci\u00f3n:&nbsp;<\/p>\n\n\n\n<p><em>El origen del D\u00eda Internacional de la Eliminaci\u00f3n de la Violencia se remonta a la tr\u00e1gica historia de las hermanas Mirabal: Patria, Minerva y Mar\u00eda Teresa Mirabal.<\/em>&nbsp;<\/p>\n\n\n\n<p><em>Cada 25 de noviembre se reivindica el\u202f<\/em><strong><em>D\u00eda Internacional de la Eliminaci\u00f3n de la Violencia contra las Mujeres<\/em><\/strong><em>. Cabe resaltar que un claro s\u00edmbolo de esta efem\u00e9ride son <\/em><strong><em>las mariposas<\/em><\/strong><em>.<\/em>&nbsp;<\/p>\n\n\n\n<p><em>El origen del D\u00eda Internacional de la Eliminaci\u00f3n de la Violencia se remonta a la tr\u00e1gica historia de <\/em><strong><em>las hermanas Mirabal<\/em><\/strong><em>, tres mujeres dominicanas:\u202fPatria, Minerva y Mar\u00eda Teresa Mirabal, que reivindicaron los derechos humanos y\u202fdesafiaron al dictador Rafael Le\u00f3nidas Trujillo (1930-1961), cost\u00e1ndoles su vida.&nbsp;<\/em>&nbsp;<\/p>\n\n\n\n<p><em>Las tres hermanas tambi\u00e9n eran conocidas como\u202f&#8217;Las Mariposas&#8217;\u202fy su lucha y asesinato se convirtieron en un s\u00edmbolo de la lucha frente a la violencia contras las mujeres. El apodo &#8216;Las Mariposas&#8217; procede del nombre secreto que empleaba Minerva\u202fen sus\u202factividades pol\u00edticas\u202fcontra el r\u00e9gimen.<\/em>&nbsp;<\/p>\n\n\n\n<p><em>En su juventud, Minerva, Mar\u00eda Teresa y Patria ejercieron un\u202ffuerte papel activista contra la represi\u00f3n del dictador Trujillo,\u202fhasta tal punto que eran conocidas en todo el pa\u00eds y eran un gran referente para la poblaci\u00f3n. Minerva, la primera mujer dominicana en obtener la Licenciatura de Derecho, cre\u00f3 junto a su marido, Manolo Tav\u00e1rez,el \u202fmovimiento revolucionario del 14 de junio de 1959, una agrupaci\u00f3n pol\u00edtica que se enfrentaba a la dictadura.<\/em>&nbsp;<\/p>\n\n\n\n<p><em>Un a\u00f1o despu\u00e9s del Movimiento del 14 de junio, concretamente el\u202f25 de noviembre de 1960,\u202fPatria, Minerva y Mar\u00eda Teresa fueron capturadas. &#8216;Las Mariposas&#8217; fueron asesinadas violentamente y, adem\u00e1s, este triple asesinado qued\u00f3 impune, aunque precipit\u00f3 la ca\u00edda del dictador, asesinado seis meses despu\u00e9s<\/em>&nbsp;<\/p>\n\n\n\n<p><em>En 1981, se realiz\u00f3 el primer\u202fEncuentro Feminista Latinoamericano y del Caribe\u202fen Bogot\u00e1 y se propuso establecer el 25 de noviembre como el D\u00eda de Lucha Contra La Violencia hacia las Mujeres.<\/em>&nbsp;<\/p>\n\n\n\n<p><em>En 1999, Naciones Unidas instituy\u00f3 el 25 de noviembre como el D\u00eda Internacional de la Eliminaci\u00f3n de la Violencia contra la Mujer.<\/em>&nbsp;<\/p>\n\n\n\n<p>Desde el IES Senara deseamos que no necesitemos seguir celebrando esta fecha, pero mientras siga existiendo la violencia contra la mujer, por el solo hecho de ser mujer, desde el centro seguiremos trabajando para que nuestros alumnos y alumnas puedan tener la oportunidad de vivir en un mundo con mayor igualdad.&nbsp;<\/p>\n\n\n\n<p>Agradecemos la colaboraci\u00f3n de toda la comunidad educativa para poder desarrollar estas actividades.&nbsp;<\/p>\n\n\n\n<div class=\"wp-block-jetpack-slideshow aligncenter\" data-effect=\"slide\"><div class=\"wp-block-jetpack-slideshow_container swiper-container\"><ul class=\"wp-block-jetpack-slideshow_swiper-wrapper swiper-wrapper\"><li class=\"wp-block-jetpack-slideshow_slide swiper-slide\"><figure><img decoding=\"async\" loading=\"lazy\" width=\"576\" height=\"1024\" alt=\"\" class=\"wp-block-jetpack-slideshow_image wp-image-4983\" data-id=\"4983\" src=\"http:\/\/www.iessenara.es\/Revista\/wp-content\/uploads\/2024\/11\/WhatsApp-Image-2024-11-25-at-21.54.42-576x1024.jpeg\" srcset=\"https:\/\/www.iessenara.es\/Revista\/wp-content\/uploads\/2024\/11\/WhatsApp-Image-2024-11-25-at-21.54.42-576x1024.jpeg 576w, https:\/\/www.iessenara.es\/Revista\/wp-content\/uploads\/2024\/11\/WhatsApp-Image-2024-11-25-at-21.54.42-169x300.jpeg 169w, https:\/\/www.iessenara.es\/Revista\/wp-content\/uploads\/2024\/11\/WhatsApp-Image-2024-11-25-at-21.54.42-768x1365.jpeg 768w, https:\/\/www.iessenara.es\/Revista\/wp-content\/uploads\/2024\/11\/WhatsApp-Image-2024-11-25-at-21.54.42-864x1536.jpeg 864w, https:\/\/www.iessenara.es\/Revista\/wp-content\/uploads\/2024\/11\/WhatsApp-Image-2024-11-25-at-21.54.42.jpeg 1148w\" sizes=\"(max-width: 576px) 100vw, 576px\" \/><\/figure><\/li><li class=\"wp-block-jetpack-slideshow_slide swiper-slide\"><figure><img decoding=\"async\" loading=\"lazy\" width=\"576\" height=\"1024\" alt=\"\" class=\"wp-block-jetpack-slideshow_image wp-image-4984\" data-id=\"4984\" src=\"http:\/\/www.iessenara.es\/Revista\/wp-content\/uploads\/2024\/11\/WhatsApp-Image-2024-11-25-at-21.54.52-576x1024.jpeg\" srcset=\"https:\/\/www.iessenara.es\/Revista\/wp-content\/uploads\/2024\/11\/WhatsApp-Image-2024-11-25-at-21.54.52-576x1024.jpeg 576w, https:\/\/www.iessenara.es\/Revista\/wp-content\/uploads\/2024\/11\/WhatsApp-Image-2024-11-25-at-21.54.52-169x300.jpeg 169w, https:\/\/www.iessenara.es\/Revista\/wp-content\/uploads\/2024\/11\/WhatsApp-Image-2024-11-25-at-21.54.52-768x1365.jpeg 768w, https:\/\/www.iessenara.es\/Revista\/wp-content\/uploads\/2024\/11\/WhatsApp-Image-2024-11-25-at-21.54.52-864x1536.jpeg 864w, https:\/\/www.iessenara.es\/Revista\/wp-content\/uploads\/2024\/11\/WhatsApp-Image-2024-11-25-at-21.54.52.jpeg 1148w\" sizes=\"(max-width: 576px) 100vw, 576px\" \/><\/figure><\/li><li class=\"wp-block-jetpack-slideshow_slide swiper-slide\"><figure><img decoding=\"async\" loading=\"lazy\" width=\"576\" height=\"1024\" alt=\"\" class=\"wp-block-jetpack-slideshow_image wp-image-4985\" data-id=\"4985\" src=\"http:\/\/www.iessenara.es\/Revista\/wp-content\/uploads\/2024\/11\/WhatsApp-Image-2024-11-25-at-21.57.25-576x1024.jpeg\" srcset=\"https:\/\/www.iessenara.es\/Revista\/wp-content\/uploads\/2024\/11\/WhatsApp-Image-2024-11-25-at-21.57.25-576x1024.jpeg 576w, https:\/\/www.iessenara.es\/Revista\/wp-content\/uploads\/2024\/11\/WhatsApp-Image-2024-11-25-at-21.57.25-169x300.jpeg 169w, https:\/\/www.iessenara.es\/Revista\/wp-content\/uploads\/2024\/11\/WhatsApp-Image-2024-11-25-at-21.57.25-768x1365.jpeg 768w, https:\/\/www.iessenara.es\/Revista\/wp-content\/uploads\/2024\/11\/WhatsApp-Image-2024-11-25-at-21.57.25-864x1536.jpeg 864w, https:\/\/www.iessenara.es\/Revista\/wp-content\/uploads\/2024\/11\/WhatsApp-Image-2024-11-25-at-21.57.25.jpeg 1148w\" sizes=\"(max-width: 576px) 100vw, 576px\" \/><\/figure><\/li><li class=\"wp-block-jetpack-slideshow_slide swiper-slide\"><figure><img decoding=\"async\" loading=\"lazy\" width=\"576\" height=\"1024\" alt=\"\" class=\"wp-block-jetpack-slideshow_image wp-image-4982\" data-id=\"4982\" src=\"http:\/\/www.iessenara.es\/Revista\/wp-content\/uploads\/2024\/11\/WhatsApp-Image-2024-11-19-at-09.58.46-576x1024.jpeg\" srcset=\"https:\/\/www.iessenara.es\/Revista\/wp-content\/uploads\/2024\/11\/WhatsApp-Image-2024-11-19-at-09.58.46-576x1024.jpeg 576w, https:\/\/www.iessenara.es\/Revista\/wp-content\/uploads\/2024\/11\/WhatsApp-Image-2024-11-19-at-09.58.46-169x300.jpeg 169w, https:\/\/www.iessenara.es\/Revista\/wp-content\/uploads\/2024\/11\/WhatsApp-Image-2024-11-19-at-09.58.46-768x1365.jpeg 768w, https:\/\/www.iessenara.es\/Revista\/wp-content\/uploads\/2024\/11\/WhatsApp-Image-2024-11-19-at-09.58.46-864x1536.jpeg 864w, https:\/\/www.iessenara.es\/Revista\/wp-content\/uploads\/2024\/11\/WhatsApp-Image-2024-11-19-at-09.58.46.jpeg 1148w\" sizes=\"(max-width: 576px) 100vw, 576px\" \/><\/figure><\/li><\/ul><a class=\"wp-block-jetpack-slideshow_button-prev swiper-button-prev swiper-button-white\" role=\"button\"><\/a><a class=\"wp-block-jetpack-slideshow_button-next swiper-button-next swiper-button-white\" role=\"button\"><\/a><a aria-label=\"Pause Slideshow\" class=\"wp-block-jetpack-slideshow_button-pause\" role=\"button\"><\/a><div class=\"wp-block-jetpack-slideshow_pagination swiper-pagination swiper-pagination-white\"><\/div><\/div><\/div>\n","protected":false},"excerpt":{"rendered":"<p>AUTORA: Mar\u00eda Roc\u00edo Rodr\u00edguez Hern\u00e1ndez (Jefa de Estudios) A\u00f1o tras a\u00f1o, en el IES Senara trabajamos distintos temas desde las tutor\u00edas, actividades de centro, etc.\u00a0 Este a\u00f1o, para trabajar el 25 de noviembre, fecha&#46;&#46;&#46;<\/p>\n","protected":false},"author":3,"featured_media":4981,"comment_status":"open","ping_status":"open","sticky":false,"template":"","format":"standard","meta":{"jetpack_post_was_ever_published":false,"jetpack_publicize_message":"","jetpack_is_tweetstorm":false,"jetpack_publicize_feature_enabled":true,"jetpack_social_options":[]},"categories":[10,8],"tags":[242,478],"jetpack_publicize_connections":[],"jetpack_featured_media_url":"https:\/\/www.iessenara.es\/Revista\/wp-content\/uploads\/2024\/11\/25N_16_9.jpg","jetpack_sharing_enabled":true,"jetpack_shortlink":"https:\/\/wp.me\/p5mbkp-1ij","_links":{"self":[{"href":"https:\/\/www.iessenara.es\/Revista\/index.php?rest_route=\/wp\/v2\/posts\/4979"}],"collection":[{"href":"https:\/\/www.iessenara.es\/Revista\/index.php?rest_route=\/wp\/v2\/posts"}],"about":[{"href":"https:\/\/www.iessenara.es\/Revista\/index.php?rest_route=\/wp\/v2\/types\/post"}],"author":[{"embeddable":true,"href":"https:\/\/www.iessenara.es\/Revista\/index.php?rest_route=\/wp\/v2\/users\/3"}],"replies":[{"embeddable":true,"href":"https:\/\/www.iessenara.es\/Revista\/index.php?rest_route=%2Fwp%2Fv2%2Fcomments&post=4979"}],"version-history":[{"count":5,"href":"https:\/\/www.iessenara.es\/Revista\/index.php?rest_route=\/wp\/v2\/posts\/4979\/revisions"}],"predecessor-version":[{"id":4991,"href":"https:\/\/www.iessenara.es\/Revista\/index.php?rest_route=\/wp\/v2\/posts\/4979\/revisions\/4991"}],"wp:featuredmedia":[{"embeddable":true,"href":"https:\/\/www.iessenara.es\/Revista\/index.php?rest_route=\/wp\/v2\/media\/4981"}],"wp:attachment":[{"href":"https:\/\/www.iessenara.es\/Revista\/index.php?rest_route=%2Fwp%2Fv2%2Fmedia&parent=4979"}],"wp:term":[{"taxonomy":"category","embeddable":true,"href":"https:\/\/www.iessenara.es\/Revista\/index.php?rest_route=%2Fwp%2Fv2%2Fcategories&post=4979"},{"taxonomy":"post_tag","embeddable":true,"href":"https:\/\/www.iessenara.es\/Revista\/index.php?rest_route=%2Fwp%2Fv2%2Ftags&post=4979"}],"curies":[{"name":"wp","href":"https:\/\/api.w.org\/{rel}","templated":true}]}}