{"id":4992,"date":"2024-11-28T10:50:06","date_gmt":"2024-11-28T09:50:06","guid":{"rendered":"http:\/\/www.iessenara.es\/Revista\/?p=4992"},"modified":"2024-11-28T10:50:07","modified_gmt":"2024-11-28T09:50:07","slug":"celebracion-halloween-2024","status":"publish","type":"post","link":"https:\/\/www.iessenara.es\/Revista\/?p=4992","title":{"rendered":"Celebraci\u00f3n Halloween 2024"},"content":{"rendered":"\n<p><\/p>\n\n\n\n<p>Este a\u00f1o los alumnos de la secci\u00f3n biling\u00fce volvieron a celebrar la festividad de&nbsp;Halloween, como marcaba el calendario. Nos adelantamos al viernes 25 de&nbsp;octubre para conmemorarlo, ya que este curso eliminamos la s\u00e9ptima hora&nbsp;biling\u00fce de los martes y, en su lugar, los cuatro grupos de la ESO disponen de una&nbsp;hora con asignaturas biling\u00fces los viernes. &nbsp;<\/p>\n\n\n\n<p>La actividad gir\u00f3 en torno a la canci\u00f3n \u201c<em>The Citizens of Halloween<\/em>\u201d, compuesta por&nbsp;Danny Elfman para la pel\u00edcula de Walt Disney \u201c<em>Nightmare before Christmas\u201d.&nbsp;<\/em>En&nbsp;esta ocasi\u00f3n los alumnos deb\u00edan hacer dos pruebas: primero escucharon la&nbsp;canci\u00f3n y completaron la letra de forma digital y despu\u00e9s crearon e interpretaron&nbsp;una coreograf\u00eda con la misma canci\u00f3n. &nbsp;<\/p>\n\n\n\n<p>Y como una imagen vale m\u00e1s que mil palabras, en el siguiente v\u00eddeo os&nbsp;mostramos lo que hicimos este a\u00f1o. &nbsp;<\/p>\n\n\n\n<p>\u00a1Esperamos que os guste!<\/p>\n\n\n\n<figure class=\"wp-block-image size-large\"><a href=\"http:\/\/www.iessenara.es\/Revista\/wp-content\/uploads\/2024\/11\/Halloween-2024-video.jpg\"><img decoding=\"async\" loading=\"lazy\" width=\"1024\" height=\"576\" src=\"http:\/\/www.iessenara.es\/Revista\/wp-content\/uploads\/2024\/11\/Halloween-2024-video-1024x576.jpg\" alt=\"\" class=\"wp-image-4999\" srcset=\"https:\/\/www.iessenara.es\/Revista\/wp-content\/uploads\/2024\/11\/Halloween-2024-video-1024x576.jpg 1024w, https:\/\/www.iessenara.es\/Revista\/wp-content\/uploads\/2024\/11\/Halloween-2024-video-300x169.jpg 300w, https:\/\/www.iessenara.es\/Revista\/wp-content\/uploads\/2024\/11\/Halloween-2024-video-768x432.jpg 768w, https:\/\/www.iessenara.es\/Revista\/wp-content\/uploads\/2024\/11\/Halloween-2024-video.jpg 1082w\" sizes=\"(max-width: 1024px) 100vw, 1024px\" \/><\/a><figcaption class=\"wp-element-caption\"><em><a href=\"https:\/\/www.canva.com\/design\/DAGWYKdb7ME\/nSS1ySjhH_9ztnEBrBNZpQ\/watch?utm_content=DAGWYKdb7ME&amp;utm_campaign=designshare&amp;utm_medium=link&amp;utm_source=editor\">Ver v\u00eddeo Halloween 2024<\/a><\/em><\/figcaption><\/figure>\n","protected":false},"excerpt":{"rendered":"<p>Este a\u00f1o los alumnos de la secci\u00f3n biling\u00fce volvieron a celebrar la festividad de&nbsp;Halloween, como marcaba el calendario. Nos adelantamos al viernes 25 de&nbsp;octubre para conmemorarlo, ya que este curso eliminamos la s\u00e9ptima hora&nbsp;biling\u00fce&#46;&#46;&#46;<\/p>\n","protected":false},"author":3,"featured_media":4997,"comment_status":"open","ping_status":"open","sticky":false,"template":"","format":"standard","meta":{"jetpack_post_was_ever_published":false,"jetpack_publicize_message":"","jetpack_is_tweetstorm":false,"jetpack_publicize_feature_enabled":true,"jetpack_social_options":[]},"categories":[8],"tags":[239,42,407],"jetpack_publicize_connections":[],"jetpack_featured_media_url":"https:\/\/www.iessenara.es\/Revista\/wp-content\/uploads\/2024\/11\/Halloween-2024_16_9.jpg","jetpack_sharing_enabled":true,"jetpack_shortlink":"https:\/\/wp.me\/p5mbkp-1iw","_links":{"self":[{"href":"https:\/\/www.iessenara.es\/Revista\/index.php?rest_route=\/wp\/v2\/posts\/4992"}],"collection":[{"href":"https:\/\/www.iessenara.es\/Revista\/index.php?rest_route=\/wp\/v2\/posts"}],"about":[{"href":"https:\/\/www.iessenara.es\/Revista\/index.php?rest_route=\/wp\/v2\/types\/post"}],"author":[{"embeddable":true,"href":"https:\/\/www.iessenara.es\/Revista\/index.php?rest_route=\/wp\/v2\/users\/3"}],"replies":[{"embeddable":true,"href":"https:\/\/www.iessenara.es\/Revista\/index.php?rest_route=%2Fwp%2Fv2%2Fcomments&post=4992"}],"version-history":[{"count":7,"href":"https:\/\/www.iessenara.es\/Revista\/index.php?rest_route=\/wp\/v2\/posts\/4992\/revisions"}],"predecessor-version":[{"id":5001,"href":"https:\/\/www.iessenara.es\/Revista\/index.php?rest_route=\/wp\/v2\/posts\/4992\/revisions\/5001"}],"wp:featuredmedia":[{"embeddable":true,"href":"https:\/\/www.iessenara.es\/Revista\/index.php?rest_route=\/wp\/v2\/media\/4997"}],"wp:attachment":[{"href":"https:\/\/www.iessenara.es\/Revista\/index.php?rest_route=%2Fwp%2Fv2%2Fmedia&parent=4992"}],"wp:term":[{"taxonomy":"category","embeddable":true,"href":"https:\/\/www.iessenara.es\/Revista\/index.php?rest_route=%2Fwp%2Fv2%2Fcategories&post=4992"},{"taxonomy":"post_tag","embeddable":true,"href":"https:\/\/www.iessenara.es\/Revista\/index.php?rest_route=%2Fwp%2Fv2%2Ftags&post=4992"}],"curies":[{"name":"wp","href":"https:\/\/api.w.org\/{rel}","templated":true}]}}