{"id":5008,"date":"2024-12-10T22:17:10","date_gmt":"2024-12-10T21:17:10","guid":{"rendered":"http:\/\/www.iessenara.es\/Revista\/?p=5008"},"modified":"2024-12-10T22:17:11","modified_gmt":"2024-12-10T21:17:11","slug":"visita-a-las-torres-de-la-catedral-de-salamanca","status":"publish","type":"post","link":"https:\/\/www.iessenara.es\/Revista\/?p=5008","title":{"rendered":"Visita a las torres de la Catedral de Salamanca"},"content":{"rendered":"\n<p>AUTOR: Hiram Garc\u00eda Dom\u00ednguez (2.\u00ba de Bachillerato)<\/p>\n\n\n\n<p>El pasado 29 de octubre visitamos los grupos de m\u00fasica de 3.\u00ba de la ESO y 2.\u00ba de Bachillerato la ciudad de Salamanca con el objetivo de hacer la visita<em> Ieronimus <\/em>para subir a la torre de la Catedral de Salamanca. Fue una visita muy interesante de la que nos quedar\u00e1 el recuerdo de las impresionantes panor\u00e1micas que vimos del centro hist\u00f3rico de la ciudad con sus principales monumentos, en especial, de la Universidad.&nbsp;&nbsp;<\/p>\n\n\n\n<p>Pudimos ver tambi\u00e9n desde una perspectiva \u00fanica la nave principal de la catedral Vieja de Salamanca, desde la que se apreciaba mejor todo su conjunto y las coloridas pinturas del altar mayor. Pudimos ver, adem\u00e1s, gran parte de la catedral Nueva, tambi\u00e9n desde un plano elevado desde el que se ve\u00edan las grietas ocasionadas por el terremoto de Lisboa de 1755 y otros detalles como inscripciones que, de otra manera, no se podr\u00edan apreciar. No solamente vimos arquitectura, sino que hab\u00eda diversas salas, una de ellas dedicada al ya mencionado terremoto. Una de las salas m\u00e1s llamativas fue la dedicada a la m\u00fasica, en la cual estaban expuestos curiosos instrumentos antiguos.&nbsp;<\/p>\n\n\n\n<p>La sala principal estaba dedicada a las distintas remodelaciones que la torre de la Catedral ha sufrido a lo largo de los siglos. En esta sala me llam\u00f3 especialmente la atenci\u00f3n los documentos y algunas piezas como varios manuscritos medievales originales, el m\u00e1s antiguo fechado en el siglo XII, que se encontraban en un perfecto estado de conservaci\u00f3n. La pieza m\u00e1s llamativa fue el cristo pectoral del Cid Campeador, tra\u00eddo a Salamanca por el fundador de la catedral, el obispo Jer\u00f3nimo de Perigord, del que toma nombre la visita.&nbsp;<\/p>\n\n\n\n<div class=\"wp-block-jetpack-tiled-gallery aligncenter is-style-rectangular\"><div class=\"tiled-gallery__gallery\"><div class=\"tiled-gallery__row\"><div class=\"tiled-gallery__col\" style=\"flex-basis:75.87325%\"><figure class=\"tiled-gallery__item\"><img decoding=\"async\" srcset=\"https:\/\/i1.wp.com\/www.iessenara.es\/Revista\/wp-content\/uploads\/2024\/12\/1000091346-1024x576.jpg?strip=info&#038;w=600 600w,https:\/\/i1.wp.com\/www.iessenara.es\/Revista\/wp-content\/uploads\/2024\/12\/1000091346-1024x576.jpg?strip=info&#038;w=900 900w,https:\/\/i1.wp.com\/www.iessenara.es\/Revista\/wp-content\/uploads\/2024\/12\/1000091346-1024x576.jpg?strip=info&#038;w=1200 1200w,https:\/\/i1.wp.com\/www.iessenara.es\/Revista\/wp-content\/uploads\/2024\/12\/1000091346-1024x576.jpg?strip=info&#038;w=1500 1500w,https:\/\/i1.wp.com\/www.iessenara.es\/Revista\/wp-content\/uploads\/2024\/12\/1000091346-1024x576.jpg?strip=info&#038;w=1800 1800w,https:\/\/i1.wp.com\/www.iessenara.es\/Revista\/wp-content\/uploads\/2024\/12\/1000091346-1024x576.jpg?strip=info&#038;w=2000 2000w\" alt=\"\" data-height=\"1441\" data-id=\"5011\" data-link=\"http:\/\/www.iessenara.es\/Revista\/?attachment_id=5011\" data-url=\"http:\/\/www.iessenara.es\/Revista\/wp-content\/uploads\/2024\/12\/1000091346-1024x576.jpg\" data-width=\"2560\" src=\"https:\/\/i1.wp.com\/www.iessenara.es\/Revista\/wp-content\/uploads\/2024\/12\/1000091346-1024x576.jpg\" data-amp-layout=\"responsive\" \/><\/figure><\/div><div class=\"tiled-gallery__col\" style=\"flex-basis:24.12675%\"><figure class=\"tiled-gallery__item\"><img decoding=\"async\" srcset=\"https:\/\/i0.wp.com\/www.iessenara.es\/Revista\/wp-content\/uploads\/2024\/12\/1000091343-576x1024.jpg?strip=info&#038;w=600 600w,https:\/\/i0.wp.com\/www.iessenara.es\/Revista\/wp-content\/uploads\/2024\/12\/1000091343-576x1024.jpg?strip=info&#038;w=900 900w,https:\/\/i0.wp.com\/www.iessenara.es\/Revista\/wp-content\/uploads\/2024\/12\/1000091343-576x1024.jpg?strip=info&#038;w=1200 1200w,https:\/\/i0.wp.com\/www.iessenara.es\/Revista\/wp-content\/uploads\/2024\/12\/1000091343-576x1024.jpg?strip=info&#038;w=1441 1441w\" alt=\"\" data-height=\"2560\" data-id=\"5010\" data-link=\"http:\/\/www.iessenara.es\/Revista\/?attachment_id=5010\" data-url=\"http:\/\/www.iessenara.es\/Revista\/wp-content\/uploads\/2024\/12\/1000091343-576x1024.jpg\" data-width=\"1441\" src=\"https:\/\/i0.wp.com\/www.iessenara.es\/Revista\/wp-content\/uploads\/2024\/12\/1000091343-576x1024.jpg\" data-amp-layout=\"responsive\" \/><\/figure><\/div><\/div><div class=\"tiled-gallery__row\"><div class=\"tiled-gallery__col\" style=\"flex-basis:37.89318%\"><figure class=\"tiled-gallery__item\"><img decoding=\"async\" srcset=\"https:\/\/i0.wp.com\/www.iessenara.es\/Revista\/wp-content\/uploads\/2024\/12\/1000091340-1024x576.jpg?strip=info&#038;w=600 600w,https:\/\/i0.wp.com\/www.iessenara.es\/Revista\/wp-content\/uploads\/2024\/12\/1000091340-1024x576.jpg?strip=info&#038;w=900 900w,https:\/\/i0.wp.com\/www.iessenara.es\/Revista\/wp-content\/uploads\/2024\/12\/1000091340-1024x576.jpg?strip=info&#038;w=1200 1200w,https:\/\/i0.wp.com\/www.iessenara.es\/Revista\/wp-content\/uploads\/2024\/12\/1000091340-1024x576.jpg?strip=info&#038;w=1500 1500w,https:\/\/i0.wp.com\/www.iessenara.es\/Revista\/wp-content\/uploads\/2024\/12\/1000091340-1024x576.jpg?strip=info&#038;w=1800 1800w,https:\/\/i0.wp.com\/www.iessenara.es\/Revista\/wp-content\/uploads\/2024\/12\/1000091340-1024x576.jpg?strip=info&#038;w=2000 2000w\" alt=\"\" data-height=\"1441\" data-id=\"5009\" data-link=\"http:\/\/www.iessenara.es\/Revista\/?attachment_id=5009\" data-url=\"http:\/\/www.iessenara.es\/Revista\/wp-content\/uploads\/2024\/12\/1000091340-1024x576.jpg\" data-width=\"2560\" src=\"https:\/\/i0.wp.com\/www.iessenara.es\/Revista\/wp-content\/uploads\/2024\/12\/1000091340-1024x576.jpg\" data-amp-layout=\"responsive\" \/><\/figure><\/div><div class=\"tiled-gallery__col\" style=\"flex-basis:12.09370%\"><figure class=\"tiled-gallery__item\"><img decoding=\"async\" srcset=\"https:\/\/i2.wp.com\/www.iessenara.es\/Revista\/wp-content\/uploads\/2024\/12\/1000091353-576x1024.jpg?strip=info&#038;w=600 600w,https:\/\/i2.wp.com\/www.iessenara.es\/Revista\/wp-content\/uploads\/2024\/12\/1000091353-576x1024.jpg?strip=info&#038;w=900 900w,https:\/\/i2.wp.com\/www.iessenara.es\/Revista\/wp-content\/uploads\/2024\/12\/1000091353-576x1024.jpg?strip=info&#038;w=1200 1200w,https:\/\/i2.wp.com\/www.iessenara.es\/Revista\/wp-content\/uploads\/2024\/12\/1000091353-576x1024.jpg?strip=info&#038;w=1441 1441w\" alt=\"\" data-height=\"2560\" data-id=\"5012\" data-link=\"http:\/\/www.iessenara.es\/Revista\/?attachment_id=5012\" data-url=\"http:\/\/www.iessenara.es\/Revista\/wp-content\/uploads\/2024\/12\/1000091353-576x1024.jpg\" data-width=\"1441\" src=\"https:\/\/i2.wp.com\/www.iessenara.es\/Revista\/wp-content\/uploads\/2024\/12\/1000091353-576x1024.jpg\" data-amp-layout=\"responsive\" \/><\/figure><\/div><div class=\"tiled-gallery__col\" style=\"flex-basis:12.09370%\"><figure class=\"tiled-gallery__item\"><img decoding=\"async\" srcset=\"https:\/\/i2.wp.com\/www.iessenara.es\/Revista\/wp-content\/uploads\/2024\/12\/1000091354-576x1024.jpg?strip=info&#038;w=600 600w,https:\/\/i2.wp.com\/www.iessenara.es\/Revista\/wp-content\/uploads\/2024\/12\/1000091354-576x1024.jpg?strip=info&#038;w=900 900w,https:\/\/i2.wp.com\/www.iessenara.es\/Revista\/wp-content\/uploads\/2024\/12\/1000091354-576x1024.jpg?strip=info&#038;w=1200 1200w,https:\/\/i2.wp.com\/www.iessenara.es\/Revista\/wp-content\/uploads\/2024\/12\/1000091354-576x1024.jpg?strip=info&#038;w=1441 1441w\" alt=\"\" data-height=\"2560\" data-id=\"5013\" data-link=\"http:\/\/www.iessenara.es\/Revista\/?attachment_id=5013\" data-url=\"http:\/\/www.iessenara.es\/Revista\/wp-content\/uploads\/2024\/12\/1000091354-576x1024.jpg\" data-width=\"1441\" src=\"https:\/\/i2.wp.com\/www.iessenara.es\/Revista\/wp-content\/uploads\/2024\/12\/1000091354-576x1024.jpg\" data-amp-layout=\"responsive\" \/><\/figure><\/div><div class=\"tiled-gallery__col\" style=\"flex-basis:37.91941%\"><figure class=\"tiled-gallery__item\"><img decoding=\"async\" srcset=\"https:\/\/i1.wp.com\/www.iessenara.es\/Revista\/wp-content\/uploads\/2024\/12\/IMG-20241029-WA0016-1024x576.jpg?strip=info&#038;w=600 600w,https:\/\/i1.wp.com\/www.iessenara.es\/Revista\/wp-content\/uploads\/2024\/12\/IMG-20241029-WA0016-1024x576.jpg?strip=info&#038;w=900 900w,https:\/\/i1.wp.com\/www.iessenara.es\/Revista\/wp-content\/uploads\/2024\/12\/IMG-20241029-WA0016-1024x576.jpg?strip=info&#038;w=1200 1200w,https:\/\/i1.wp.com\/www.iessenara.es\/Revista\/wp-content\/uploads\/2024\/12\/IMG-20241029-WA0016-1024x576.jpg?strip=info&#038;w=1500 1500w,https:\/\/i1.wp.com\/www.iessenara.es\/Revista\/wp-content\/uploads\/2024\/12\/IMG-20241029-WA0016-1024x576.jpg?strip=info&#038;w=1600 1600w\" alt=\"\" data-height=\"900\" data-id=\"5014\" data-link=\"http:\/\/www.iessenara.es\/Revista\/?attachment_id=5014\" data-url=\"http:\/\/www.iessenara.es\/Revista\/wp-content\/uploads\/2024\/12\/IMG-20241029-WA0016-1024x576.jpg\" data-width=\"1600\" src=\"https:\/\/i1.wp.com\/www.iessenara.es\/Revista\/wp-content\/uploads\/2024\/12\/IMG-20241029-WA0016-1024x576.jpg\" data-amp-layout=\"responsive\" \/><\/figure><\/div><\/div><\/div><\/div>\n\n\n\n<p>Pudimos subir y ver el cimborrio de la catedral Vieja en todo su esplendor, la llamada \u201cTorre del Gallo\u201d, sin duda la parte m\u00e1s bella de la visita. Tambi\u00e9n ascendimos hasta la sala de las campanas por unas largu\u00edsimas y estrech\u00edsimas escaleras de caracol. En esta sala vimos inscripciones hechas en la roca de todos los a\u00f1os imaginables.&nbsp;<\/p>\n\n\n\n<p>Finalmente, tras bajar de nuevo todo el conjunto de peligrosas escaleras de piedra, tuvimos un rato de sosiego antes de volver a los autobuses.&nbsp;<\/p>\n\n\n\n<p>Sin duda, una visita muy did\u00e1ctica y con vistas impresionantes de esta ciudad patrimonio de la humanidad.&nbsp;<\/p>\n","protected":false},"excerpt":{"rendered":"<p>AUTOR: Hiram Garc\u00eda Dom\u00ednguez (2.\u00ba de Bachillerato) El pasado 29 de octubre visitamos los grupos de m\u00fasica de 3.\u00ba de la ESO y 2.\u00ba de Bachillerato la ciudad de Salamanca con el objetivo de&#46;&#46;&#46;<\/p>\n","protected":false},"author":3,"featured_media":5015,"comment_status":"open","ping_status":"open","sticky":false,"template":"","format":"standard","meta":{"jetpack_post_was_ever_published":false,"jetpack_publicize_message":"","jetpack_is_tweetstorm":false,"jetpack_publicize_feature_enabled":true,"jetpack_social_options":[]},"categories":[6],"tags":[101,481,95],"jetpack_publicize_connections":[],"jetpack_featured_media_url":"https:\/\/www.iessenara.es\/Revista\/wp-content\/uploads\/2024\/12\/Visita-Ieronimus-2024-scaled.jpg","jetpack_sharing_enabled":true,"jetpack_shortlink":"https:\/\/wp.me\/p5mbkp-1iM","_links":{"self":[{"href":"https:\/\/www.iessenara.es\/Revista\/index.php?rest_route=\/wp\/v2\/posts\/5008"}],"collection":[{"href":"https:\/\/www.iessenara.es\/Revista\/index.php?rest_route=\/wp\/v2\/posts"}],"about":[{"href":"https:\/\/www.iessenara.es\/Revista\/index.php?rest_route=\/wp\/v2\/types\/post"}],"author":[{"embeddable":true,"href":"https:\/\/www.iessenara.es\/Revista\/index.php?rest_route=\/wp\/v2\/users\/3"}],"replies":[{"embeddable":true,"href":"https:\/\/www.iessenara.es\/Revista\/index.php?rest_route=%2Fwp%2Fv2%2Fcomments&post=5008"}],"version-history":[{"count":2,"href":"https:\/\/www.iessenara.es\/Revista\/index.php?rest_route=\/wp\/v2\/posts\/5008\/revisions"}],"predecessor-version":[{"id":5017,"href":"https:\/\/www.iessenara.es\/Revista\/index.php?rest_route=\/wp\/v2\/posts\/5008\/revisions\/5017"}],"wp:featuredmedia":[{"embeddable":true,"href":"https:\/\/www.iessenara.es\/Revista\/index.php?rest_route=\/wp\/v2\/media\/5015"}],"wp:attachment":[{"href":"https:\/\/www.iessenara.es\/Revista\/index.php?rest_route=%2Fwp%2Fv2%2Fmedia&parent=5008"}],"wp:term":[{"taxonomy":"category","embeddable":true,"href":"https:\/\/www.iessenara.es\/Revista\/index.php?rest_route=%2Fwp%2Fv2%2Fcategories&post=5008"},{"taxonomy":"post_tag","embeddable":true,"href":"https:\/\/www.iessenara.es\/Revista\/index.php?rest_route=%2Fwp%2Fv2%2Ftags&post=5008"}],"curies":[{"name":"wp","href":"https:\/\/api.w.org\/{rel}","templated":true}]}}