{"id":5019,"date":"2024-12-26T09:56:15","date_gmt":"2024-12-26T08:56:15","guid":{"rendered":"http:\/\/www.iessenara.es\/Revista\/?p=5019"},"modified":"2024-12-26T09:56:16","modified_gmt":"2024-12-26T08:56:16","slug":"concierto-navideno-en-la-residencia-de-personas-mayores-de-babilafuente","status":"publish","type":"post","link":"https:\/\/www.iessenara.es\/Revista\/?p=5019","title":{"rendered":"Concierto navide\u00f1o en la residencia de personas mayores de Babilafuente\u00a0"},"content":{"rendered":"\n<p>El pasado 19 de diciembre, nuestros alumnos de 3.\u00ba ESO acudieron a la residencia de personas mayores Babilafuente a ofrecer un concierto navide\u00f1o con sus xil\u00f3fonos. Se trata de un acontecimiento que se repite de cuando en cuando, en el cual se crea un clima de convivencia realmente entra\u00f1able, m\u00e1s si cabe a\u00fan en estas fechas, entre distintas generaciones.&nbsp;<\/p>\n\n\n\n<p>Los alumnos del IES Senara deleitaron a los asistentes a dicho concierto con la interpretaci\u00f3n de las canciones \u00abCampanitas\u00bb, \u00bb Jingle bells\u00bb, \u00bb Jingle Bells Rock\u00bb, y \u00abNoche de Paz\u00bb.&nbsp;<\/p>\n\n\n\n<p>El momento de convivencia entre adolescentes y mayores fue muy emocionante, un punto de encuentro intergeneracional, tan enriquecedor para unos, como para otros.&nbsp;<\/p>\n\n\n\n<p>Todos los all\u00ed reunidos aprovecharon el momento para intercambiar el siguiente mensaje: \u00a1feliz Navidad!&nbsp;<\/p>\n\n\n\n<div class=\"wp-block-jetpack-slideshow aligncenter\" data-effect=\"slide\"><div class=\"wp-block-jetpack-slideshow_container swiper-container\"><ul class=\"wp-block-jetpack-slideshow_swiper-wrapper swiper-wrapper\"><li class=\"wp-block-jetpack-slideshow_slide swiper-slide\"><figure><img decoding=\"async\" loading=\"lazy\" width=\"1024\" height=\"768\" alt=\"\" class=\"wp-block-jetpack-slideshow_image wp-image-5022\" data-id=\"5022\" src=\"http:\/\/www.iessenara.es\/Revista\/wp-content\/uploads\/2024\/12\/IMG20241219114006-1024x768.jpg\" srcset=\"https:\/\/www.iessenara.es\/Revista\/wp-content\/uploads\/2024\/12\/IMG20241219114006-1024x768.jpg 1024w, https:\/\/www.iessenara.es\/Revista\/wp-content\/uploads\/2024\/12\/IMG20241219114006-300x225.jpg 300w, https:\/\/www.iessenara.es\/Revista\/wp-content\/uploads\/2024\/12\/IMG20241219114006-768x576.jpg 768w, https:\/\/www.iessenara.es\/Revista\/wp-content\/uploads\/2024\/12\/IMG20241219114006-1536x1152.jpg 1536w, https:\/\/www.iessenara.es\/Revista\/wp-content\/uploads\/2024\/12\/IMG20241219114006-2048x1536.jpg 2048w\" sizes=\"(max-width: 1024px) 100vw, 1024px\" \/><\/figure><\/li><li class=\"wp-block-jetpack-slideshow_slide swiper-slide\"><figure><img decoding=\"async\" loading=\"lazy\" width=\"768\" height=\"1024\" alt=\"\" class=\"wp-block-jetpack-slideshow_image wp-image-5021\" data-id=\"5021\" src=\"http:\/\/www.iessenara.es\/Revista\/wp-content\/uploads\/2024\/12\/IMG20241219113533-768x1024.jpg\" srcset=\"https:\/\/www.iessenara.es\/Revista\/wp-content\/uploads\/2024\/12\/IMG20241219113533-768x1024.jpg 768w, https:\/\/www.iessenara.es\/Revista\/wp-content\/uploads\/2024\/12\/IMG20241219113533-225x300.jpg 225w, https:\/\/www.iessenara.es\/Revista\/wp-content\/uploads\/2024\/12\/IMG20241219113533-1152x1536.jpg 1152w, https:\/\/www.iessenara.es\/Revista\/wp-content\/uploads\/2024\/12\/IMG20241219113533-1536x2048.jpg 1536w, https:\/\/www.iessenara.es\/Revista\/wp-content\/uploads\/2024\/12\/IMG20241219113533-scaled.jpg 1920w\" sizes=\"(max-width: 768px) 100vw, 768px\" \/><\/figure><\/li><li class=\"wp-block-jetpack-slideshow_slide swiper-slide\"><figure><img decoding=\"async\" loading=\"lazy\" width=\"1024\" height=\"768\" alt=\"\" class=\"wp-block-jetpack-slideshow_image wp-image-5023\" data-id=\"5023\" src=\"http:\/\/www.iessenara.es\/Revista\/wp-content\/uploads\/2024\/12\/IMG20241219114435-1024x768.jpg\" srcset=\"https:\/\/www.iessenara.es\/Revista\/wp-content\/uploads\/2024\/12\/IMG20241219114435-1024x768.jpg 1024w, https:\/\/www.iessenara.es\/Revista\/wp-content\/uploads\/2024\/12\/IMG20241219114435-300x225.jpg 300w, https:\/\/www.iessenara.es\/Revista\/wp-content\/uploads\/2024\/12\/IMG20241219114435-768x576.jpg 768w, https:\/\/www.iessenara.es\/Revista\/wp-content\/uploads\/2024\/12\/IMG20241219114435-1536x1152.jpg 1536w, https:\/\/www.iessenara.es\/Revista\/wp-content\/uploads\/2024\/12\/IMG20241219114435-2048x1536.jpg 2048w\" sizes=\"(max-width: 1024px) 100vw, 1024px\" \/><\/figure><\/li><li class=\"wp-block-jetpack-slideshow_slide swiper-slide\"><figure><img decoding=\"async\" loading=\"lazy\" width=\"768\" height=\"1024\" alt=\"\" class=\"wp-block-jetpack-slideshow_image wp-image-5020\" data-id=\"5020\" src=\"http:\/\/www.iessenara.es\/Revista\/wp-content\/uploads\/2024\/12\/IMG20241219113451-768x1024.jpg\" srcset=\"https:\/\/www.iessenara.es\/Revista\/wp-content\/uploads\/2024\/12\/IMG20241219113451-768x1024.jpg 768w, https:\/\/www.iessenara.es\/Revista\/wp-content\/uploads\/2024\/12\/IMG20241219113451-225x300.jpg 225w, https:\/\/www.iessenara.es\/Revista\/wp-content\/uploads\/2024\/12\/IMG20241219113451-1152x1536.jpg 1152w, https:\/\/www.iessenara.es\/Revista\/wp-content\/uploads\/2024\/12\/IMG20241219113451-1536x2048.jpg 1536w, https:\/\/www.iessenara.es\/Revista\/wp-content\/uploads\/2024\/12\/IMG20241219113451-scaled.jpg 1920w\" sizes=\"(max-width: 768px) 100vw, 768px\" \/><\/figure><\/li><\/ul><a class=\"wp-block-jetpack-slideshow_button-prev swiper-button-prev swiper-button-white\" role=\"button\"><\/a><a class=\"wp-block-jetpack-slideshow_button-next swiper-button-next swiper-button-white\" role=\"button\"><\/a><a aria-label=\"Pause Slideshow\" class=\"wp-block-jetpack-slideshow_button-pause\" role=\"button\"><\/a><div class=\"wp-block-jetpack-slideshow_pagination swiper-pagination swiper-pagination-white\"><\/div><\/div><\/div>\n","protected":false},"excerpt":{"rendered":"<p>El pasado 19 de diciembre, nuestros alumnos de 3.\u00ba ESO acudieron a la residencia de personas mayores Babilafuente a ofrecer un concierto navide\u00f1o con sus xil\u00f3fonos. Se trata de un acontecimiento que se repite&#46;&#46;&#46;<\/p>\n","protected":false},"author":3,"featured_media":5025,"comment_status":"open","ping_status":"open","sticky":false,"template":"","format":"standard","meta":{"jetpack_post_was_ever_published":false,"jetpack_publicize_message":"","jetpack_is_tweetstorm":false,"jetpack_publicize_feature_enabled":true,"jetpack_social_options":[]},"categories":[6,7],"tags":[483,95,247,484],"jetpack_publicize_connections":[],"jetpack_featured_media_url":"https:\/\/www.iessenara.es\/Revista\/wp-content\/uploads\/2024\/12\/Concierto-2024-16_9-scaled.jpg","jetpack_sharing_enabled":true,"jetpack_shortlink":"https:\/\/wp.me\/p5mbkp-1iX","_links":{"self":[{"href":"https:\/\/www.iessenara.es\/Revista\/index.php?rest_route=\/wp\/v2\/posts\/5019"}],"collection":[{"href":"https:\/\/www.iessenara.es\/Revista\/index.php?rest_route=\/wp\/v2\/posts"}],"about":[{"href":"https:\/\/www.iessenara.es\/Revista\/index.php?rest_route=\/wp\/v2\/types\/post"}],"author":[{"embeddable":true,"href":"https:\/\/www.iessenara.es\/Revista\/index.php?rest_route=\/wp\/v2\/users\/3"}],"replies":[{"embeddable":true,"href":"https:\/\/www.iessenara.es\/Revista\/index.php?rest_route=%2Fwp%2Fv2%2Fcomments&post=5019"}],"version-history":[{"count":2,"href":"https:\/\/www.iessenara.es\/Revista\/index.php?rest_route=\/wp\/v2\/posts\/5019\/revisions"}],"predecessor-version":[{"id":5026,"href":"https:\/\/www.iessenara.es\/Revista\/index.php?rest_route=\/wp\/v2\/posts\/5019\/revisions\/5026"}],"wp:featuredmedia":[{"embeddable":true,"href":"https:\/\/www.iessenara.es\/Revista\/index.php?rest_route=\/wp\/v2\/media\/5025"}],"wp:attachment":[{"href":"https:\/\/www.iessenara.es\/Revista\/index.php?rest_route=%2Fwp%2Fv2%2Fmedia&parent=5019"}],"wp:term":[{"taxonomy":"category","embeddable":true,"href":"https:\/\/www.iessenara.es\/Revista\/index.php?rest_route=%2Fwp%2Fv2%2Fcategories&post=5019"},{"taxonomy":"post_tag","embeddable":true,"href":"https:\/\/www.iessenara.es\/Revista\/index.php?rest_route=%2Fwp%2Fv2%2Ftags&post=5019"}],"curies":[{"name":"wp","href":"https:\/\/api.w.org\/{rel}","templated":true}]}}