{"id":5062,"date":"2025-01-13T23:25:06","date_gmt":"2025-01-13T22:25:06","guid":{"rendered":"http:\/\/www.iessenara.es\/Revista\/?p=5062"},"modified":"2025-01-13T23:25:06","modified_gmt":"2025-01-13T22:25:06","slug":"entrevista-a-jesus-bernabe-ruano","status":"publish","type":"post","link":"https:\/\/www.iessenara.es\/Revista\/?p=5062","title":{"rendered":"Entrevista a Jes\u00fas Bernab\u00e9 Ruano"},"content":{"rendered":"\n<p class=\"has-drop-cap\">Jes\u00fas Bernab\u00e9 Ruano<em>,<\/em> profesor y jefe del departamento de Educaci\u00f3n Pl\u00e1stica y Visual, con destino definitivo en el IES Senara desde el curso 2006\/2007, se jubila despu\u00e9s de m\u00e1s de treinta y cinco a\u00f1os dedicado a la ense\u00f1anza, los dieciocho \u00faltimos en nuestro centro. La Revista Cosas del Senara le ha hecho una entrevista en la que nos revela c\u00f3mo ha sido su trayectoria profesional y la pasi\u00f3n y la ilusi\u00f3n con la que la ha vivido.<\/p>\n\n\n\n<figure class=\"wp-block-image size-large\"><a href=\"http:\/\/www.iessenara.es\/Revista\/wp-content\/uploads\/2025\/01\/En-el-aula.jpg\"><img decoding=\"async\" loading=\"lazy\" width=\"1024\" height=\"665\" src=\"http:\/\/www.iessenara.es\/Revista\/wp-content\/uploads\/2025\/01\/En-el-aula-1024x665.jpg\" alt=\"\" class=\"wp-image-5064\" srcset=\"https:\/\/www.iessenara.es\/Revista\/wp-content\/uploads\/2025\/01\/En-el-aula-1024x665.jpg 1024w, https:\/\/www.iessenara.es\/Revista\/wp-content\/uploads\/2025\/01\/En-el-aula-300x195.jpg 300w, https:\/\/www.iessenara.es\/Revista\/wp-content\/uploads\/2025\/01\/En-el-aula-768x498.jpg 768w, https:\/\/www.iessenara.es\/Revista\/wp-content\/uploads\/2025\/01\/En-el-aula-1536x997.jpg 1536w, https:\/\/www.iessenara.es\/Revista\/wp-content\/uploads\/2025\/01\/En-el-aula.jpg 1664w\" sizes=\"(max-width: 1024px) 100vw, 1024px\" \/><\/a><\/figure>\n\n\n\n<p><\/p>\n\n\n\n<p><strong>Empezando por tu formaci\u00f3n, \u00bfde d\u00f3nde surge tu pasi\u00f3n por el dibujo y las artes pl\u00e1sticas?<\/strong>&nbsp;<\/p>\n\n\n\n<p>Hice el bachillerato de ciencias y, en aquellos a\u00f1os, mi intenci\u00f3n era estudiar Geolog\u00eda, que me gustaba bastante. Al terminar COU, se acababa de inaugurar la facultad de Bellas Artes en Salamanca. Se me daba bien dibujar y decid\u00ed presentarme al examen de ingreso. Consegu\u00ed superar las pruebas, lo que despert\u00f3 en m\u00ed nuevos intereses. Entonces, me olvid\u00e9 de la Geolog\u00eda y me matricul\u00e9 en Bellas Artes.&nbsp;<\/p>\n\n\n\n<p><strong>\u00bfEn qu\u00e9 momento supiste que la ense\u00f1anza era tu vocaci\u00f3n? De no haber sido profesor, \u00bfen qu\u00e9 otra profesi\u00f3n te habr\u00edas visto realizado?<\/strong>&nbsp;<\/p>\n\n\n\n<p>En los \u00faltimos a\u00f1os de carrera, curs\u00e9 optativas relacionadas con la did\u00e1ctica del Dibujo. En una de ellas, la profesora que la impart\u00eda, Lidon Beltr\u00e1n, consigui\u00f3 que empezase a considerar como opci\u00f3n posible la ense\u00f1anza. Creo que su influencia fue determinante en mi posterior elecci\u00f3n.&nbsp;<\/p>\n\n\n\n<p>Mi primer contacto con la escuela fue en un taller de pl\u00e1stica dirigido a ni\u00f1os de pueblo, durante un verano. All\u00ed puse en pr\u00e1ctica algunos recursos que aprend\u00ed de los profesores de Dibujo \u00c1lvaro Rend\u00f3n y Salvador Garc\u00eda, que en aquel tiempo manejaban en clase procedimientos novedosos. Esa primera experiencia como profesor fue muy positiva y acab\u00f3 orientando definitivamente mi camino profesional. Un a\u00f1o m\u00e1s tarde empec\u00e9 a trabajar en la privada y ya me qued\u00e9 en esta profesi\u00f3n.&nbsp;<\/p>\n\n\n\n<p>De no haber seguido este camino, imagino que me hubiera dedicado al dise\u00f1o gr\u00e1fico, la ilustraci\u00f3n. O quiz\u00e1s hubiera seguido estudiando otra especialidad, no s\u00e9.&nbsp;<\/p>\n\n\n\n<p><strong>\u00bfHas tenido alg\u00fan profesor que te haya influido especialmente?<\/strong>&nbsp;<\/p>\n\n\n\n<p>Aparte de estos profesores en los \u00faltimos a\u00f1os de la carrera, recuerdo con cari\u00f1o a muchos de los que me dieron clase en bachillerato. Nos inculcaron entusiasmo por saber, necesario en cualquier aprendizaje. Algunos de los m\u00e9todos de aquellos profesores los acab\u00e9 incorporando a mis clases.&nbsp;<\/p>\n\n\n\n<p><strong>De tus compa\u00f1eros de trabajo, \u00bfde qui\u00e9n has aprendido m\u00e1s?<\/strong>&nbsp;<\/p>\n\n\n\n<p>En el IES Isabel de Castilla, de \u00c1vila, coincid\u00ed en el departamento de Dibujo con Jos\u00e9 Antonio Elvira, escultor adem\u00e1s de profesor de Dibujo. Estuvimos pocos cursos juntos, pero nos influimos mutuamente. Recuerdo que de vez en cuando entraba en su clase, me gustaba verle dibujar en medio de sus alumnos, que intentaban seguirle en sus cuadernos. Ese recurso, que siempre funciona en el aula, lo aprend\u00ed de \u00e9l.&nbsp;<\/p>\n\n\n\n<p><strong>En cuanto a tu trayectoria profesional, antes de llegar al lES Senara, \u00bfqu\u00e9 otros destinos han marcado tu camino?<\/strong>&nbsp;<\/p>\n\n\n\n<p>Empec\u00e9 a trabajar en los colegios Maristas y Filipenses de Palencia, estuve all\u00ed dos cursos. Luego las oposiciones y un a\u00f1o como profesor en pr\u00e1cticas en el instituto de bachillerato Delicias II de Valladolid, hoy IES Arca Real. Enseguida me dieron la definitiva en \u00c1vila capital, en el IES Isabel de Castilla, donde estuve 14 a\u00f1os. En el 2006 llegu\u00e9 al IES Senara de Babilafuente y aqu\u00ed he permanecido hasta hoy. En total, 35 a\u00f1os y 3 meses en la ense\u00f1anza.&nbsp;<\/p>\n\n\n\n<p><strong>Cuando llegaste al Senara, \u00bfqu\u00e9 es lo que m\u00e1s te llam\u00f3 la atenci\u00f3n del instituto? \u00bfC\u00f3mo lo caracterizar\u00edas? \u00bfC\u00f3mo definir\u00edas a sus alumnos?<\/strong>&nbsp;<\/p>\n\n\n\n<p>Al entrar por primera vez en el instituto me sorprendi\u00f3 el silencio que reinaba, se pod\u00eda escuchar el canto de los p\u00e1jaros. Ven\u00eda de un instituto de capital m\u00e1s bullicioso, grande, con muchos alumnos y profesores. Pens\u00e9 que el cambio que se avecinaba pod\u00eda ser importante.&nbsp;&nbsp;<\/p>\n\n\n\n<p>Aqu\u00ed me encontr\u00e9 con un alumnado respetuoso, poco conflictivo, cercano en el trato, pero en general muy desmotivado.&nbsp;&nbsp;<\/p>\n\n\n\n<p>Con poco m\u00e1s de cuarenta a\u00f1os, ya ten\u00eda sobrada experiencia y estaba muy confiado en mis m\u00e9todos, pero r\u00e1pido me di cuenta de que deb\u00eda cambiar algunas cosas para adaptarme al nuevo destino.&nbsp;<\/p>\n\n\n\n<p><strong>Durante tu estancia en el centro has desarrollado muchos proyectos y exposiciones, y has promovido la participaci\u00f3n de los alumnos en todos ellos. \u00bfHay alguno de ellos del que guardes un recuerdo especial?<\/strong>&nbsp;<\/p>\n\n\n\n<p>La desmotivaci\u00f3n es el mayor obst\u00e1culo en el aprendizaje. Este ha sido el problema que he intentado resolver con m\u00e1s empe\u00f1o. Para ello, he investigado en la did\u00e1ctica del Dibujo, he compartido experiencias con compa\u00f1eros y compa\u00f1eras de gran talla profesional y he procurado trabajar m\u00e1s cerca de los alumnos. Mi af\u00e1n por motivarlos y mi inter\u00e9s por poner en pr\u00e1ctica nuevas estrategias est\u00e1n en el origen de todos los proyectos y actividades colaborativas que hemos desarrollado durante muchos cursos. B\u00e1sicamente, el plan que se sigui\u00f3 en este tipo de proyectos consisti\u00f3 en pedir al alumno un trabajo individual, que despu\u00e9s se sumaba al de sus compa\u00f1eros en la obra final. Es indudable la capacidad motivadora que tiene una propuesta cuando se involucra a un conjunto de alumnos en un objetivo com\u00fan.&nbsp;<\/p>\n\n\n\n<p>-En el curso 2015-16, la fotograf\u00eda ya se hab\u00eda popularizado con las c\u00e1maras digitales y los m\u00f3viles. Las herramientas inform\u00e1ticas permit\u00edan mejores resultados a trav\u00e9s del retoque fotogr\u00e1fico y la elaboraci\u00f3n de dise\u00f1os m\u00e1s complejos. Entonces, nos planteamos una actividad muy ambiciosa, de car\u00e1cter colaborativo, en la que implicamos a gran n\u00famero de alumnos de todos los cursos. Se buscaba retratar el entorno a trav\u00e9s de DETALLES, utilizando la fotograf\u00eda como lenguaje y el color como inspiraci\u00f3n. Con la masiva participaci\u00f3n del alumnado result\u00f3 un enorme archivo de im\u00e1genes con sus pies de fotos, lo que permiti\u00f3 dise\u00f1ar un c\u00edrculo crom\u00e1tico de grandes dimensiones, donde exponer los resultados. Las ideas y puntos de vista individuales se sumaron en c\u00edrculo, para ofrecer una perspectiva m\u00e1s amplia de los lugares en los que viv\u00edan aquellos alumnos y las cosas que les rodeaban.&nbsp;<\/p>\n\n\n\n<div class=\"wp-block-jetpack-slideshow aligncenter\" data-effect=\"slide\"><div class=\"wp-block-jetpack-slideshow_container swiper-container\"><ul class=\"wp-block-jetpack-slideshow_swiper-wrapper swiper-wrapper\"><li class=\"wp-block-jetpack-slideshow_slide swiper-slide\"><figure><img decoding=\"async\" loading=\"lazy\" width=\"1024\" height=\"607\" alt=\"\" class=\"wp-block-jetpack-slideshow_image wp-image-5091\" data-id=\"5091\" src=\"http:\/\/www.iessenara.es\/Revista\/wp-content\/uploads\/2025\/01\/Circulo-cromatico-cafeteria-1024x607.jpg\" srcset=\"https:\/\/www.iessenara.es\/Revista\/wp-content\/uploads\/2025\/01\/Circulo-cromatico-cafeteria-1024x607.jpg 1024w, https:\/\/www.iessenara.es\/Revista\/wp-content\/uploads\/2025\/01\/Circulo-cromatico-cafeteria-300x178.jpg 300w, https:\/\/www.iessenara.es\/Revista\/wp-content\/uploads\/2025\/01\/Circulo-cromatico-cafeteria-768x455.jpg 768w, https:\/\/www.iessenara.es\/Revista\/wp-content\/uploads\/2025\/01\/Circulo-cromatico-cafeteria-1536x911.jpg 1536w, https:\/\/www.iessenara.es\/Revista\/wp-content\/uploads\/2025\/01\/Circulo-cromatico-cafeteria-2048x1214.jpg 2048w\" sizes=\"(max-width: 1024px) 100vw, 1024px\" \/><\/figure><\/li><li class=\"wp-block-jetpack-slideshow_slide swiper-slide\"><figure><img decoding=\"async\" loading=\"lazy\" width=\"1024\" height=\"768\" alt=\"\" class=\"wp-block-jetpack-slideshow_image wp-image-5090\" data-id=\"5090\" src=\"http:\/\/www.iessenara.es\/Revista\/wp-content\/uploads\/2025\/01\/1736331057149-1024x768.jpg\" srcset=\"https:\/\/www.iessenara.es\/Revista\/wp-content\/uploads\/2025\/01\/1736331057149-1024x768.jpg 1024w, https:\/\/www.iessenara.es\/Revista\/wp-content\/uploads\/2025\/01\/1736331057149-300x225.jpg 300w, https:\/\/www.iessenara.es\/Revista\/wp-content\/uploads\/2025\/01\/1736331057149-768x576.jpg 768w, https:\/\/www.iessenara.es\/Revista\/wp-content\/uploads\/2025\/01\/1736331057149-1536x1152.jpg 1536w, https:\/\/www.iessenara.es\/Revista\/wp-content\/uploads\/2025\/01\/1736331057149-2048x1536.jpg 2048w\" sizes=\"(max-width: 1024px) 100vw, 1024px\" \/><\/figure><\/li><li class=\"wp-block-jetpack-slideshow_slide swiper-slide\"><figure><img decoding=\"async\" loading=\"lazy\" width=\"1024\" height=\"705\" alt=\"\" class=\"wp-block-jetpack-slideshow_image wp-image-5092\" data-id=\"5092\" src=\"http:\/\/www.iessenara.es\/Revista\/wp-content\/uploads\/2025\/01\/Circulo-cromatico-1024x705.jpg\" srcset=\"https:\/\/www.iessenara.es\/Revista\/wp-content\/uploads\/2025\/01\/Circulo-cromatico-1024x705.jpg 1024w, https:\/\/www.iessenara.es\/Revista\/wp-content\/uploads\/2025\/01\/Circulo-cromatico-300x206.jpg 300w, https:\/\/www.iessenara.es\/Revista\/wp-content\/uploads\/2025\/01\/Circulo-cromatico-768x529.jpg 768w, https:\/\/www.iessenara.es\/Revista\/wp-content\/uploads\/2025\/01\/Circulo-cromatico.jpg 1395w\" sizes=\"(max-width: 1024px) 100vw, 1024px\" \/><\/figure><\/li><\/ul><a class=\"wp-block-jetpack-slideshow_button-prev swiper-button-prev swiper-button-white\" role=\"button\"><\/a><a class=\"wp-block-jetpack-slideshow_button-next swiper-button-next swiper-button-white\" role=\"button\"><\/a><a aria-label=\"Pause Slideshow\" class=\"wp-block-jetpack-slideshow_button-pause\" role=\"button\"><\/a><div class=\"wp-block-jetpack-slideshow_pagination swiper-pagination swiper-pagination-white\"><\/div><\/div><\/div>\n\n\n\n<p>-ING lanz\u00f3 una campa\u00f1a publicitaria utilizando el Pop Art como reclamo, lo que me dio la idea para \u201cLa Mujer m\u00e1s Bella del Renacimiento\u201d. Los paralelismos entre Simonetta, modelo en el Nacimiento de Venus, y Marilyn, protagonista en los trabajos de Warhol fueron las l\u00edneas maestras de una actividad en la que se planteaba mirar el Arte desde los personajes del cuadro, vivir un poco en la propia obra, comprenderla desde dentro y relacionarla con nosotros mismos. As\u00ed, el Pop Art facilit\u00f3 la aproximaci\u00f3n a este cuadro de Botticelli y ayud\u00f3 a relacionar \u00e9pocas; y el selfi permiti\u00f3 a los alumnos proyectarse en sus personajes.<\/p>\n\n\n\n<p><\/p>\n\n\n\n<figure class=\"wp-block-image size-large\"><a href=\"http:\/\/www.iessenara.es\/Revista\/wp-content\/uploads\/2025\/01\/1736328836121-scaled.jpg\"><img decoding=\"async\" loading=\"lazy\" width=\"1024\" height=\"768\" src=\"http:\/\/www.iessenara.es\/Revista\/wp-content\/uploads\/2025\/01\/1736328836121-1024x768.jpg\" alt=\"\" class=\"wp-image-5082\" srcset=\"https:\/\/www.iessenara.es\/Revista\/wp-content\/uploads\/2025\/01\/1736328836121-1024x768.jpg 1024w, https:\/\/www.iessenara.es\/Revista\/wp-content\/uploads\/2025\/01\/1736328836121-300x225.jpg 300w, https:\/\/www.iessenara.es\/Revista\/wp-content\/uploads\/2025\/01\/1736328836121-768x576.jpg 768w, https:\/\/www.iessenara.es\/Revista\/wp-content\/uploads\/2025\/01\/1736328836121-1536x1152.jpg 1536w, https:\/\/www.iessenara.es\/Revista\/wp-content\/uploads\/2025\/01\/1736328836121-2048x1536.jpg 2048w\" sizes=\"(max-width: 1024px) 100vw, 1024px\" \/><\/a><\/figure>\n\n\n\n<p>&nbsp;<\/p>\n\n\n\n<p>-Los \u00e1rboles de Navidad, \u201cLa F\u00f3rmula de Escher\u201d o \u201cEl Tetris\u201d, cumpl\u00edan una funci\u00f3n decorativa y fueron un buen pretexto, a trav\u00e9s del cual desarrollar trabajos colaborativos.&nbsp;<\/p>\n\n\n\n<p>Las consecuencias del cambio clim\u00e1tico y el uso desmedido de recursos naturales advierten de la necesidad de concienciar a la sociedad en la protecci\u00f3n y conservaci\u00f3n del medio ambiente. Esto motiv\u00f3 una actividad en la que para promocionar el reciclaje se vinculaba este a una tarea art\u00edstica, por medio de figuras (tortugas) que cerraban el plano y formaban la silueta de un \u00e1rbol, imitando los procedimientos pict\u00f3ricos de Escher. Tambi\u00e9n se expresaba la analog\u00eda del reciclaje con una metamorfosis: dando nueva utilidad a una caja de cart\u00f3n para prolongar su vida, transformando un cuadrado en tortuga o, m\u00e1s tarde, en la segunda parte de la actividad (\u201cMetamorfosis\u201d), una tortuga en un p\u00e1jaro o un \u00e1rbol de Navidad en una encina.&nbsp;<\/p>\n\n\n\n<div class=\"wp-block-jetpack-slideshow aligncenter\" data-effect=\"slide\"><div class=\"wp-block-jetpack-slideshow_container swiper-container\"><ul class=\"wp-block-jetpack-slideshow_swiper-wrapper swiper-wrapper\"><li class=\"wp-block-jetpack-slideshow_slide swiper-slide\"><figure><img decoding=\"async\" loading=\"lazy\" width=\"1024\" height=\"683\" alt=\"\" class=\"wp-block-jetpack-slideshow_image wp-image-5102\" data-id=\"5102\" src=\"http:\/\/www.iessenara.es\/Revista\/wp-content\/uploads\/2025\/01\/Metamorfosis-1024x683.jpg\" srcset=\"https:\/\/www.iessenara.es\/Revista\/wp-content\/uploads\/2025\/01\/Metamorfosis-1024x683.jpg 1024w, https:\/\/www.iessenara.es\/Revista\/wp-content\/uploads\/2025\/01\/Metamorfosis-300x200.jpg 300w, https:\/\/www.iessenara.es\/Revista\/wp-content\/uploads\/2025\/01\/Metamorfosis-768x512.jpg 768w, https:\/\/www.iessenara.es\/Revista\/wp-content\/uploads\/2025\/01\/Metamorfosis-1536x1024.jpg 1536w, https:\/\/www.iessenara.es\/Revista\/wp-content\/uploads\/2025\/01\/Metamorfosis-2048x1365.jpg 2048w\" sizes=\"(max-width: 1024px) 100vw, 1024px\" \/><\/figure><\/li><li class=\"wp-block-jetpack-slideshow_slide swiper-slide\"><figure><img decoding=\"async\" loading=\"lazy\" width=\"1024\" height=\"683\" alt=\"\" class=\"wp-block-jetpack-slideshow_image wp-image-5103\" data-id=\"5103\" src=\"http:\/\/www.iessenara.es\/Revista\/wp-content\/uploads\/2025\/01\/Montaje-Metamorfosis-1024x683.jpg\" srcset=\"https:\/\/www.iessenara.es\/Revista\/wp-content\/uploads\/2025\/01\/Montaje-Metamorfosis-1024x683.jpg 1024w, https:\/\/www.iessenara.es\/Revista\/wp-content\/uploads\/2025\/01\/Montaje-Metamorfosis-300x200.jpg 300w, https:\/\/www.iessenara.es\/Revista\/wp-content\/uploads\/2025\/01\/Montaje-Metamorfosis-768x512.jpg 768w, https:\/\/www.iessenara.es\/Revista\/wp-content\/uploads\/2025\/01\/Montaje-Metamorfosis-1536x1024.jpg 1536w, https:\/\/www.iessenara.es\/Revista\/wp-content\/uploads\/2025\/01\/Montaje-Metamorfosis-2048x1365.jpg 2048w\" sizes=\"(max-width: 1024px) 100vw, 1024px\" \/><\/figure><\/li><li class=\"wp-block-jetpack-slideshow_slide swiper-slide\"><figure><img decoding=\"async\" loading=\"lazy\" width=\"1024\" height=\"576\" alt=\"\" class=\"wp-block-jetpack-slideshow_image wp-image-5099\" data-id=\"5099\" src=\"http:\/\/www.iessenara.es\/Revista\/wp-content\/uploads\/2025\/01\/Encina-1-1024x576.jpg\" srcset=\"https:\/\/www.iessenara.es\/Revista\/wp-content\/uploads\/2025\/01\/Encina-1-1024x576.jpg 1024w, https:\/\/www.iessenara.es\/Revista\/wp-content\/uploads\/2025\/01\/Encina-1-300x169.jpg 300w, https:\/\/www.iessenara.es\/Revista\/wp-content\/uploads\/2025\/01\/Encina-1-768x432.jpg 768w, https:\/\/www.iessenara.es\/Revista\/wp-content\/uploads\/2025\/01\/Encina-1-1536x864.jpg 1536w, https:\/\/www.iessenara.es\/Revista\/wp-content\/uploads\/2025\/01\/Encina-1.jpg 1920w\" sizes=\"(max-width: 1024px) 100vw, 1024px\" \/><\/figure><\/li><li class=\"wp-block-jetpack-slideshow_slide swiper-slide\"><figure><img decoding=\"async\" loading=\"lazy\" width=\"1024\" height=\"576\" alt=\"\" class=\"wp-block-jetpack-slideshow_image wp-image-5100\" data-id=\"5100\" src=\"http:\/\/www.iessenara.es\/Revista\/wp-content\/uploads\/2025\/01\/Encina-2-1024x576.jpg\" srcset=\"https:\/\/www.iessenara.es\/Revista\/wp-content\/uploads\/2025\/01\/Encina-2-1024x576.jpg 1024w, https:\/\/www.iessenara.es\/Revista\/wp-content\/uploads\/2025\/01\/Encina-2-300x169.jpg 300w, https:\/\/www.iessenara.es\/Revista\/wp-content\/uploads\/2025\/01\/Encina-2-768x432.jpg 768w, https:\/\/www.iessenara.es\/Revista\/wp-content\/uploads\/2025\/01\/Encina-2-1536x864.jpg 1536w, https:\/\/www.iessenara.es\/Revista\/wp-content\/uploads\/2025\/01\/Encina-2.jpg 1920w\" sizes=\"(max-width: 1024px) 100vw, 1024px\" \/><\/figure><\/li><li class=\"wp-block-jetpack-slideshow_slide swiper-slide\"><figure><img decoding=\"async\" loading=\"lazy\" width=\"1024\" height=\"577\" alt=\"\" class=\"wp-block-jetpack-slideshow_image wp-image-5101\" data-id=\"5101\" src=\"http:\/\/www.iessenara.es\/Revista\/wp-content\/uploads\/2025\/01\/Encina-4-1024x577.jpg\" srcset=\"https:\/\/www.iessenara.es\/Revista\/wp-content\/uploads\/2025\/01\/Encina-4-1024x577.jpg 1024w, https:\/\/www.iessenara.es\/Revista\/wp-content\/uploads\/2025\/01\/Encina-4-300x169.jpg 300w, https:\/\/www.iessenara.es\/Revista\/wp-content\/uploads\/2025\/01\/Encina-4-768x432.jpg 768w, https:\/\/www.iessenara.es\/Revista\/wp-content\/uploads\/2025\/01\/Encina-4-1536x865.jpg 1536w, https:\/\/www.iessenara.es\/Revista\/wp-content\/uploads\/2025\/01\/Encina-4-2048x1153.jpg 2048w\" sizes=\"(max-width: 1024px) 100vw, 1024px\" \/><\/figure><\/li><li class=\"wp-block-jetpack-slideshow_slide swiper-slide\"><figure><img decoding=\"async\" loading=\"lazy\" width=\"1024\" height=\"768\" alt=\"\" class=\"wp-block-jetpack-slideshow_image wp-image-5098\" data-id=\"5098\" src=\"http:\/\/www.iessenara.es\/Revista\/wp-content\/uploads\/2025\/01\/1736328836148-1024x768.jpg\" srcset=\"https:\/\/www.iessenara.es\/Revista\/wp-content\/uploads\/2025\/01\/1736328836148-1024x768.jpg 1024w, https:\/\/www.iessenara.es\/Revista\/wp-content\/uploads\/2025\/01\/1736328836148-300x225.jpg 300w, https:\/\/www.iessenara.es\/Revista\/wp-content\/uploads\/2025\/01\/1736328836148-768x576.jpg 768w, https:\/\/www.iessenara.es\/Revista\/wp-content\/uploads\/2025\/01\/1736328836148-1536x1152.jpg 1536w, https:\/\/www.iessenara.es\/Revista\/wp-content\/uploads\/2025\/01\/1736328836148-2048x1536.jpg 2048w\" sizes=\"(max-width: 1024px) 100vw, 1024px\" \/><\/figure><\/li><li class=\"wp-block-jetpack-slideshow_slide swiper-slide\"><figure><img decoding=\"async\" loading=\"lazy\" width=\"1024\" height=\"577\" alt=\"\" class=\"wp-block-jetpack-slideshow_image wp-image-5107\" data-id=\"5107\" src=\"http:\/\/www.iessenara.es\/Revista\/wp-content\/uploads\/2025\/01\/Mural-tortugas-4-1024x577.jpg\" srcset=\"https:\/\/www.iessenara.es\/Revista\/wp-content\/uploads\/2025\/01\/Mural-tortugas-4-1024x577.jpg 1024w, https:\/\/www.iessenara.es\/Revista\/wp-content\/uploads\/2025\/01\/Mural-tortugas-4-300x169.jpg 300w, https:\/\/www.iessenara.es\/Revista\/wp-content\/uploads\/2025\/01\/Mural-tortugas-4-768x432.jpg 768w, https:\/\/www.iessenara.es\/Revista\/wp-content\/uploads\/2025\/01\/Mural-tortugas-4-1536x865.jpg 1536w, https:\/\/www.iessenara.es\/Revista\/wp-content\/uploads\/2025\/01\/Mural-tortugas-4-2048x1153.jpg 2048w\" sizes=\"(max-width: 1024px) 100vw, 1024px\" \/><\/figure><\/li><li class=\"wp-block-jetpack-slideshow_slide swiper-slide\"><figure><img decoding=\"async\" loading=\"lazy\" width=\"1024\" height=\"577\" alt=\"\" class=\"wp-block-jetpack-slideshow_image wp-image-5104\" data-id=\"5104\" src=\"http:\/\/www.iessenara.es\/Revista\/wp-content\/uploads\/2025\/01\/Mural-tortugas-1-1024x577.jpg\" srcset=\"https:\/\/www.iessenara.es\/Revista\/wp-content\/uploads\/2025\/01\/Mural-tortugas-1-1024x577.jpg 1024w, https:\/\/www.iessenara.es\/Revista\/wp-content\/uploads\/2025\/01\/Mural-tortugas-1-300x169.jpg 300w, https:\/\/www.iessenara.es\/Revista\/wp-content\/uploads\/2025\/01\/Mural-tortugas-1-768x432.jpg 768w, https:\/\/www.iessenara.es\/Revista\/wp-content\/uploads\/2025\/01\/Mural-tortugas-1-1536x865.jpg 1536w, https:\/\/www.iessenara.es\/Revista\/wp-content\/uploads\/2025\/01\/Mural-tortugas-1-2048x1153.jpg 2048w\" sizes=\"(max-width: 1024px) 100vw, 1024px\" \/><\/figure><\/li><li class=\"wp-block-jetpack-slideshow_slide swiper-slide\"><figure><img decoding=\"async\" loading=\"lazy\" width=\"1024\" height=\"577\" alt=\"\" class=\"wp-block-jetpack-slideshow_image wp-image-5105\" data-id=\"5105\" src=\"http:\/\/www.iessenara.es\/Revista\/wp-content\/uploads\/2025\/01\/Mural-tortugas-2-1024x577.jpg\" srcset=\"https:\/\/www.iessenara.es\/Revista\/wp-content\/uploads\/2025\/01\/Mural-tortugas-2-1024x577.jpg 1024w, https:\/\/www.iessenara.es\/Revista\/wp-content\/uploads\/2025\/01\/Mural-tortugas-2-300x169.jpg 300w, https:\/\/www.iessenara.es\/Revista\/wp-content\/uploads\/2025\/01\/Mural-tortugas-2-768x432.jpg 768w, https:\/\/www.iessenara.es\/Revista\/wp-content\/uploads\/2025\/01\/Mural-tortugas-2-1536x865.jpg 1536w, https:\/\/www.iessenara.es\/Revista\/wp-content\/uploads\/2025\/01\/Mural-tortugas-2-2048x1153.jpg 2048w\" sizes=\"(max-width: 1024px) 100vw, 1024px\" \/><\/figure><\/li><li class=\"wp-block-jetpack-slideshow_slide swiper-slide\"><figure><img decoding=\"async\" loading=\"lazy\" width=\"1024\" height=\"577\" alt=\"\" class=\"wp-block-jetpack-slideshow_image wp-image-5106\" data-id=\"5106\" src=\"http:\/\/www.iessenara.es\/Revista\/wp-content\/uploads\/2025\/01\/Mural-tortugas-3-1024x577.jpg\" srcset=\"https:\/\/www.iessenara.es\/Revista\/wp-content\/uploads\/2025\/01\/Mural-tortugas-3-1024x577.jpg 1024w, https:\/\/www.iessenara.es\/Revista\/wp-content\/uploads\/2025\/01\/Mural-tortugas-3-300x169.jpg 300w, https:\/\/www.iessenara.es\/Revista\/wp-content\/uploads\/2025\/01\/Mural-tortugas-3-768x432.jpg 768w, https:\/\/www.iessenara.es\/Revista\/wp-content\/uploads\/2025\/01\/Mural-tortugas-3-1536x865.jpg 1536w, https:\/\/www.iessenara.es\/Revista\/wp-content\/uploads\/2025\/01\/Mural-tortugas-3-2048x1153.jpg 2048w\" sizes=\"(max-width: 1024px) 100vw, 1024px\" \/><\/figure><\/li><\/ul><a class=\"wp-block-jetpack-slideshow_button-prev swiper-button-prev swiper-button-white\" role=\"button\"><\/a><a class=\"wp-block-jetpack-slideshow_button-next swiper-button-next swiper-button-white\" role=\"button\"><\/a><a aria-label=\"Pause Slideshow\" class=\"wp-block-jetpack-slideshow_button-pause\" role=\"button\"><\/a><div class=\"wp-block-jetpack-slideshow_pagination swiper-pagination swiper-pagination-white\"><\/div><\/div><\/div>\n\n\n\n<p>Con el Tetris, un juego de l\u00f3gica en el que se necesitan habilidades espaciales, quer\u00edamos contrarrestar la influencia de los videojuegos violentos que mantienen a los j\u00f3venes atados a sus consolas. Tras la apariencia colorista del \u00e1rbol, se representaba una partida del juego casi perdida. Con esto tambi\u00e9n quer\u00edamos expresar el pesimismo que nos invad\u00eda, por el repunte del coronavirus en aquellos meses.&nbsp;<\/p>\n\n\n\n<div class=\"wp-block-jetpack-slideshow aligncenter\" data-effect=\"slide\"><div class=\"wp-block-jetpack-slideshow_container swiper-container\"><ul class=\"wp-block-jetpack-slideshow_swiper-wrapper swiper-wrapper\"><li class=\"wp-block-jetpack-slideshow_slide swiper-slide\"><figure><img decoding=\"async\" loading=\"lazy\" width=\"1024\" height=\"683\" alt=\"\" class=\"wp-block-jetpack-slideshow_image wp-image-5093\" data-id=\"5093\" src=\"http:\/\/www.iessenara.es\/Revista\/wp-content\/uploads\/2025\/01\/Artistas-1-Tetris-1024x683.jpg\" srcset=\"https:\/\/www.iessenara.es\/Revista\/wp-content\/uploads\/2025\/01\/Artistas-1-Tetris-1024x683.jpg 1024w, https:\/\/www.iessenara.es\/Revista\/wp-content\/uploads\/2025\/01\/Artistas-1-Tetris-300x200.jpg 300w, https:\/\/www.iessenara.es\/Revista\/wp-content\/uploads\/2025\/01\/Artistas-1-Tetris-768x512.jpg 768w, https:\/\/www.iessenara.es\/Revista\/wp-content\/uploads\/2025\/01\/Artistas-1-Tetris.jpg 1500w\" sizes=\"(max-width: 1024px) 100vw, 1024px\" \/><\/figure><\/li><li class=\"wp-block-jetpack-slideshow_slide swiper-slide\"><figure><img decoding=\"async\" loading=\"lazy\" width=\"1024\" height=\"683\" alt=\"\" class=\"wp-block-jetpack-slideshow_image wp-image-5094\" data-id=\"5094\" src=\"http:\/\/www.iessenara.es\/Revista\/wp-content\/uploads\/2025\/01\/Montaje-1-Tetris-1024x683.jpg\" srcset=\"https:\/\/www.iessenara.es\/Revista\/wp-content\/uploads\/2025\/01\/Montaje-1-Tetris-1024x683.jpg 1024w, https:\/\/www.iessenara.es\/Revista\/wp-content\/uploads\/2025\/01\/Montaje-1-Tetris-300x200.jpg 300w, https:\/\/www.iessenara.es\/Revista\/wp-content\/uploads\/2025\/01\/Montaje-1-Tetris-768x512.jpg 768w, https:\/\/www.iessenara.es\/Revista\/wp-content\/uploads\/2025\/01\/Montaje-1-Tetris.jpg 1500w\" sizes=\"(max-width: 1024px) 100vw, 1024px\" \/><\/figure><\/li><li class=\"wp-block-jetpack-slideshow_slide swiper-slide\"><figure><img decoding=\"async\" loading=\"lazy\" width=\"1024\" height=\"683\" alt=\"\" class=\"wp-block-jetpack-slideshow_image wp-image-5095\" data-id=\"5095\" src=\"http:\/\/www.iessenara.es\/Revista\/wp-content\/uploads\/2025\/01\/Montaje-2-Tetris-1024x683.jpg\" srcset=\"https:\/\/www.iessenara.es\/Revista\/wp-content\/uploads\/2025\/01\/Montaje-2-Tetris-1024x683.jpg 1024w, https:\/\/www.iessenara.es\/Revista\/wp-content\/uploads\/2025\/01\/Montaje-2-Tetris-300x200.jpg 300w, https:\/\/www.iessenara.es\/Revista\/wp-content\/uploads\/2025\/01\/Montaje-2-Tetris-768x512.jpg 768w, https:\/\/www.iessenara.es\/Revista\/wp-content\/uploads\/2025\/01\/Montaje-2-Tetris.jpg 1500w\" sizes=\"(max-width: 1024px) 100vw, 1024px\" \/><\/figure><\/li><li class=\"wp-block-jetpack-slideshow_slide swiper-slide\"><figure><img decoding=\"async\" loading=\"lazy\" width=\"1024\" height=\"768\" alt=\"\" class=\"wp-block-jetpack-slideshow_image wp-image-5096\" data-id=\"5096\" src=\"http:\/\/www.iessenara.es\/Revista\/wp-content\/uploads\/2025\/01\/Formula-de-Escher-1024x768.jpg\" srcset=\"https:\/\/www.iessenara.es\/Revista\/wp-content\/uploads\/2025\/01\/Formula-de-Escher-1024x768.jpg 1024w, https:\/\/www.iessenara.es\/Revista\/wp-content\/uploads\/2025\/01\/Formula-de-Escher-300x225.jpg 300w, https:\/\/www.iessenara.es\/Revista\/wp-content\/uploads\/2025\/01\/Formula-de-Escher-768x576.jpg 768w, https:\/\/www.iessenara.es\/Revista\/wp-content\/uploads\/2025\/01\/Formula-de-Escher-1536x1152.jpg 1536w, https:\/\/www.iessenara.es\/Revista\/wp-content\/uploads\/2025\/01\/Formula-de-Escher-2048x1536.jpg 2048w\" sizes=\"(max-width: 1024px) 100vw, 1024px\" \/><\/figure><\/li><li class=\"wp-block-jetpack-slideshow_slide swiper-slide\"><figure><img decoding=\"async\" loading=\"lazy\" width=\"768\" height=\"1024\" alt=\"\" class=\"wp-block-jetpack-slideshow_image wp-image-5097\" data-id=\"5097\" src=\"http:\/\/www.iessenara.es\/Revista\/wp-content\/uploads\/2025\/01\/Montaje-Formula-de-Escher-768x1024.jpg\" srcset=\"https:\/\/www.iessenara.es\/Revista\/wp-content\/uploads\/2025\/01\/Montaje-Formula-de-Escher-768x1024.jpg 768w, https:\/\/www.iessenara.es\/Revista\/wp-content\/uploads\/2025\/01\/Montaje-Formula-de-Escher-225x300.jpg 225w, https:\/\/www.iessenara.es\/Revista\/wp-content\/uploads\/2025\/01\/Montaje-Formula-de-Escher-1152x1536.jpg 1152w, https:\/\/www.iessenara.es\/Revista\/wp-content\/uploads\/2025\/01\/Montaje-Formula-de-Escher-1536x2048.jpg 1536w, https:\/\/www.iessenara.es\/Revista\/wp-content\/uploads\/2025\/01\/Montaje-Formula-de-Escher-scaled.jpg 1920w\" sizes=\"(max-width: 768px) 100vw, 768px\" \/><\/figure><\/li><\/ul><a class=\"wp-block-jetpack-slideshow_button-prev swiper-button-prev swiper-button-white\" role=\"button\"><\/a><a class=\"wp-block-jetpack-slideshow_button-next swiper-button-next swiper-button-white\" role=\"button\"><\/a><a aria-label=\"Pause Slideshow\" class=\"wp-block-jetpack-slideshow_button-pause\" role=\"button\"><\/a><div class=\"wp-block-jetpack-slideshow_pagination swiper-pagination swiper-pagination-white\"><\/div><\/div><\/div>\n\n\n\n<p>-La pandemia tambi\u00e9n fue el contexto en el que se crearon los murales Pop. Retomando los recursos de \u201cLa Mujer m\u00e1s Bella del Renacimiento\u201d, los alumnos de 1\u00ba y 3\u00ba ESO se retrataron buscando referencias al covid-19. Las medidas para protegernos de la enfermedad impusieron la separaci\u00f3n entre pupitres. En el mural se romp\u00eda esa distancia al juntar todos los retratos.<\/p>\n\n\n\n<p><\/p>\n\n\n\n<div class=\"wp-block-jetpack-slideshow aligncenter\" data-effect=\"slide\"><div class=\"wp-block-jetpack-slideshow_container swiper-container\"><ul class=\"wp-block-jetpack-slideshow_swiper-wrapper swiper-wrapper\"><li class=\"wp-block-jetpack-slideshow_slide swiper-slide\"><figure><img decoding=\"async\" loading=\"lazy\" width=\"1024\" height=\"768\" alt=\"\" class=\"wp-block-jetpack-slideshow_image wp-image-5066\" data-id=\"5066\" src=\"http:\/\/www.iessenara.es\/Revista\/wp-content\/uploads\/2025\/01\/1736328836178-1024x768.jpg\" srcset=\"https:\/\/www.iessenara.es\/Revista\/wp-content\/uploads\/2025\/01\/1736328836178-1024x768.jpg 1024w, https:\/\/www.iessenara.es\/Revista\/wp-content\/uploads\/2025\/01\/1736328836178-300x225.jpg 300w, https:\/\/www.iessenara.es\/Revista\/wp-content\/uploads\/2025\/01\/1736328836178-768x576.jpg 768w, https:\/\/www.iessenara.es\/Revista\/wp-content\/uploads\/2025\/01\/1736328836178-1536x1152.jpg 1536w, https:\/\/www.iessenara.es\/Revista\/wp-content\/uploads\/2025\/01\/1736328836178-2048x1536.jpg 2048w\" sizes=\"(max-width: 1024px) 100vw, 1024px\" \/><\/figure><\/li><li class=\"wp-block-jetpack-slideshow_slide swiper-slide\"><figure><img decoding=\"async\" loading=\"lazy\" width=\"1024\" height=\"683\" alt=\"\" class=\"wp-block-jetpack-slideshow_image wp-image-5067\" data-id=\"5067\" src=\"http:\/\/www.iessenara.es\/Revista\/wp-content\/uploads\/2025\/01\/Artistas-del-Mural-Pop-1024x683.jpg\" srcset=\"https:\/\/www.iessenara.es\/Revista\/wp-content\/uploads\/2025\/01\/Artistas-del-Mural-Pop-1024x683.jpg 1024w, https:\/\/www.iessenara.es\/Revista\/wp-content\/uploads\/2025\/01\/Artistas-del-Mural-Pop-300x200.jpg 300w, https:\/\/www.iessenara.es\/Revista\/wp-content\/uploads\/2025\/01\/Artistas-del-Mural-Pop-768x512.jpg 768w, https:\/\/www.iessenara.es\/Revista\/wp-content\/uploads\/2025\/01\/Artistas-del-Mural-Pop-1536x1024.jpg 1536w, https:\/\/www.iessenara.es\/Revista\/wp-content\/uploads\/2025\/01\/Artistas-del-Mural-Pop-2048x1365.jpg 2048w\" sizes=\"(max-width: 1024px) 100vw, 1024px\" \/><\/figure><\/li><li class=\"wp-block-jetpack-slideshow_slide swiper-slide\"><figure><img decoding=\"async\" loading=\"lazy\" width=\"1024\" height=\"683\" alt=\"\" class=\"wp-block-jetpack-slideshow_image wp-image-5068\" data-id=\"5068\" src=\"http:\/\/www.iessenara.es\/Revista\/wp-content\/uploads\/2025\/01\/Artistas2del-Mural-Pop-1024x683.jpg\" srcset=\"https:\/\/www.iessenara.es\/Revista\/wp-content\/uploads\/2025\/01\/Artistas2del-Mural-Pop-1024x683.jpg 1024w, https:\/\/www.iessenara.es\/Revista\/wp-content\/uploads\/2025\/01\/Artistas2del-Mural-Pop-300x200.jpg 300w, https:\/\/www.iessenara.es\/Revista\/wp-content\/uploads\/2025\/01\/Artistas2del-Mural-Pop-768x512.jpg 768w, https:\/\/www.iessenara.es\/Revista\/wp-content\/uploads\/2025\/01\/Artistas2del-Mural-Pop-1536x1024.jpg 1536w, https:\/\/www.iessenara.es\/Revista\/wp-content\/uploads\/2025\/01\/Artistas2del-Mural-Pop-2048x1365.jpg 2048w\" sizes=\"(max-width: 1024px) 100vw, 1024px\" \/><\/figure><\/li><li class=\"wp-block-jetpack-slideshow_slide swiper-slide\"><figure><img decoding=\"async\" loading=\"lazy\" width=\"1024\" height=\"381\" alt=\"\" class=\"wp-block-jetpack-slideshow_image wp-image-5069\" data-id=\"5069\" src=\"http:\/\/www.iessenara.es\/Revista\/wp-content\/uploads\/2025\/01\/Mural-Pop-1024x381.jpg\" srcset=\"https:\/\/www.iessenara.es\/Revista\/wp-content\/uploads\/2025\/01\/Mural-Pop-1024x381.jpg 1024w, https:\/\/www.iessenara.es\/Revista\/wp-content\/uploads\/2025\/01\/Mural-Pop-300x112.jpg 300w, https:\/\/www.iessenara.es\/Revista\/wp-content\/uploads\/2025\/01\/Mural-Pop-768x286.jpg 768w, https:\/\/www.iessenara.es\/Revista\/wp-content\/uploads\/2025\/01\/Mural-Pop-1536x572.jpg 1536w, https:\/\/www.iessenara.es\/Revista\/wp-content\/uploads\/2025\/01\/Mural-Pop-2048x762.jpg 2048w\" sizes=\"(max-width: 1024px) 100vw, 1024px\" \/><\/figure><\/li><\/ul><a class=\"wp-block-jetpack-slideshow_button-prev swiper-button-prev swiper-button-white\" role=\"button\"><\/a><a class=\"wp-block-jetpack-slideshow_button-next swiper-button-next swiper-button-white\" role=\"button\"><\/a><a aria-label=\"Pause Slideshow\" class=\"wp-block-jetpack-slideshow_button-pause\" role=\"button\"><\/a><div class=\"wp-block-jetpack-slideshow_pagination swiper-pagination swiper-pagination-white\"><\/div><\/div><\/div>\n\n\n\n<p>-Los murales, \u201cObjetivos de Desarrollo\u201d, \u201cD\u00eda del Medio Ambiente\u201d y \u201cLogo\u201d, promovidos por el profesor Jos\u00e9 \u00c1ngel Trilla Mata, con quien he tenido la suerte de trabajar, han sido experiencias muy edificantes. Con ellas construimos modelos de trabajo para nuestros alumnos, a trav\u00e9s de los cuales transmitirles procedimientos de trabajo y valores. Las t\u00e9cnicas de representaci\u00f3n se basaron en el manejo de m\u00e1scaras, imitando el retoque fotogr\u00e1fico. El esfuerzo, la paciencia, el amor por el trabajo bien hecho, habilidad para encontrar la diversi\u00f3n en lo que se hace, la coordinaci\u00f3n en el trabajo de equipo, la cooperaci\u00f3n entre disciplinas, la protecci\u00f3n de la naturaleza y del medio ambiente. Todos ellos son valores asociados a estas obras.&nbsp;<\/p>\n\n\n\n<p><\/p>\n\n\n\n<div class=\"wp-block-jetpack-slideshow aligncenter\" data-effect=\"slide\"><div class=\"wp-block-jetpack-slideshow_container swiper-container\"><ul class=\"wp-block-jetpack-slideshow_swiper-wrapper swiper-wrapper\"><li class=\"wp-block-jetpack-slideshow_slide swiper-slide\"><figure><img decoding=\"async\" loading=\"lazy\" width=\"1024\" height=\"768\" alt=\"\" class=\"wp-block-jetpack-slideshow_image wp-image-5071\" data-id=\"5071\" src=\"http:\/\/www.iessenara.es\/Revista\/wp-content\/uploads\/2025\/01\/017-1024x768.jpg\" srcset=\"https:\/\/www.iessenara.es\/Revista\/wp-content\/uploads\/2025\/01\/017-1024x768.jpg 1024w, https:\/\/www.iessenara.es\/Revista\/wp-content\/uploads\/2025\/01\/017-300x225.jpg 300w, https:\/\/www.iessenara.es\/Revista\/wp-content\/uploads\/2025\/01\/017-768x576.jpg 768w, https:\/\/www.iessenara.es\/Revista\/wp-content\/uploads\/2025\/01\/017-1536x1152.jpg 1536w, https:\/\/www.iessenara.es\/Revista\/wp-content\/uploads\/2025\/01\/017-2048x1536.jpg 2048w\" sizes=\"(max-width: 1024px) 100vw, 1024px\" \/><\/figure><\/li><li class=\"wp-block-jetpack-slideshow_slide swiper-slide\"><figure><img decoding=\"async\" loading=\"lazy\" width=\"1024\" height=\"577\" alt=\"\" class=\"wp-block-jetpack-slideshow_image wp-image-5081\" data-id=\"5081\" src=\"http:\/\/www.iessenara.es\/Revista\/wp-content\/uploads\/2025\/01\/Objetivos-desarrollo-1-1024x577.jpg\" srcset=\"https:\/\/www.iessenara.es\/Revista\/wp-content\/uploads\/2025\/01\/Objetivos-desarrollo-1-1024x577.jpg 1024w, https:\/\/www.iessenara.es\/Revista\/wp-content\/uploads\/2025\/01\/Objetivos-desarrollo-1-300x169.jpg 300w, https:\/\/www.iessenara.es\/Revista\/wp-content\/uploads\/2025\/01\/Objetivos-desarrollo-1-768x432.jpg 768w, https:\/\/www.iessenara.es\/Revista\/wp-content\/uploads\/2025\/01\/Objetivos-desarrollo-1-1536x865.jpg 1536w, https:\/\/www.iessenara.es\/Revista\/wp-content\/uploads\/2025\/01\/Objetivos-desarrollo-1-2048x1153.jpg 2048w\" sizes=\"(max-width: 1024px) 100vw, 1024px\" \/><\/figure><\/li><li class=\"wp-block-jetpack-slideshow_slide swiper-slide\"><figure><img decoding=\"async\" loading=\"lazy\" width=\"1024\" height=\"768\" alt=\"\" class=\"wp-block-jetpack-slideshow_image wp-image-5074\" data-id=\"5074\" src=\"http:\/\/www.iessenara.es\/Revista\/wp-content\/uploads\/2025\/01\/IMG_20240605_122932-1024x768.jpg\" srcset=\"https:\/\/www.iessenara.es\/Revista\/wp-content\/uploads\/2025\/01\/IMG_20240605_122932-1024x768.jpg 1024w, https:\/\/www.iessenara.es\/Revista\/wp-content\/uploads\/2025\/01\/IMG_20240605_122932-300x225.jpg 300w, https:\/\/www.iessenara.es\/Revista\/wp-content\/uploads\/2025\/01\/IMG_20240605_122932-768x576.jpg 768w, https:\/\/www.iessenara.es\/Revista\/wp-content\/uploads\/2025\/01\/IMG_20240605_122932-1536x1152.jpg 1536w, https:\/\/www.iessenara.es\/Revista\/wp-content\/uploads\/2025\/01\/IMG_20240605_122932-2048x1536.jpg 2048w\" sizes=\"(max-width: 1024px) 100vw, 1024px\" \/><\/figure><\/li><li class=\"wp-block-jetpack-slideshow_slide swiper-slide\"><figure><img decoding=\"async\" loading=\"lazy\" width=\"1024\" height=\"577\" alt=\"\" class=\"wp-block-jetpack-slideshow_image wp-image-5075\" data-id=\"5075\" src=\"http:\/\/www.iessenara.es\/Revista\/wp-content\/uploads\/2025\/01\/Medio-ambiente-1-1024x577.jpg\" srcset=\"https:\/\/www.iessenara.es\/Revista\/wp-content\/uploads\/2025\/01\/Medio-ambiente-1-1024x577.jpg 1024w, https:\/\/www.iessenara.es\/Revista\/wp-content\/uploads\/2025\/01\/Medio-ambiente-1-300x169.jpg 300w, https:\/\/www.iessenara.es\/Revista\/wp-content\/uploads\/2025\/01\/Medio-ambiente-1-768x432.jpg 768w, https:\/\/www.iessenara.es\/Revista\/wp-content\/uploads\/2025\/01\/Medio-ambiente-1-1536x865.jpg 1536w, https:\/\/www.iessenara.es\/Revista\/wp-content\/uploads\/2025\/01\/Medio-ambiente-1-2048x1153.jpg 2048w\" sizes=\"(max-width: 1024px) 100vw, 1024px\" \/><\/figure><\/li><li class=\"wp-block-jetpack-slideshow_slide swiper-slide\"><figure><img decoding=\"async\" loading=\"lazy\" width=\"1024\" height=\"577\" alt=\"\" class=\"wp-block-jetpack-slideshow_image wp-image-5076\" data-id=\"5076\" src=\"http:\/\/www.iessenara.es\/Revista\/wp-content\/uploads\/2025\/01\/Medio-ambiente-3-1024x577.jpg\" srcset=\"https:\/\/www.iessenara.es\/Revista\/wp-content\/uploads\/2025\/01\/Medio-ambiente-3-1024x577.jpg 1024w, https:\/\/www.iessenara.es\/Revista\/wp-content\/uploads\/2025\/01\/Medio-ambiente-3-300x169.jpg 300w, https:\/\/www.iessenara.es\/Revista\/wp-content\/uploads\/2025\/01\/Medio-ambiente-3-768x432.jpg 768w, https:\/\/www.iessenara.es\/Revista\/wp-content\/uploads\/2025\/01\/Medio-ambiente-3-1536x865.jpg 1536w, https:\/\/www.iessenara.es\/Revista\/wp-content\/uploads\/2025\/01\/Medio-ambiente-3-2048x1153.jpg 2048w\" sizes=\"(max-width: 1024px) 100vw, 1024px\" \/><\/figure><\/li><li class=\"wp-block-jetpack-slideshow_slide swiper-slide\"><figure><img decoding=\"async\" loading=\"lazy\" width=\"1024\" height=\"577\" alt=\"\" class=\"wp-block-jetpack-slideshow_image wp-image-5077\" data-id=\"5077\" src=\"http:\/\/www.iessenara.es\/Revista\/wp-content\/uploads\/2025\/01\/Medio-ambiente-4-1024x577.jpg\" srcset=\"https:\/\/www.iessenara.es\/Revista\/wp-content\/uploads\/2025\/01\/Medio-ambiente-4-1024x577.jpg 1024w, https:\/\/www.iessenara.es\/Revista\/wp-content\/uploads\/2025\/01\/Medio-ambiente-4-300x169.jpg 300w, https:\/\/www.iessenara.es\/Revista\/wp-content\/uploads\/2025\/01\/Medio-ambiente-4-768x432.jpg 768w, https:\/\/www.iessenara.es\/Revista\/wp-content\/uploads\/2025\/01\/Medio-ambiente-4-1536x865.jpg 1536w, https:\/\/www.iessenara.es\/Revista\/wp-content\/uploads\/2025\/01\/Medio-ambiente-4-2048x1153.jpg 2048w\" sizes=\"(max-width: 1024px) 100vw, 1024px\" \/><\/figure><\/li><li class=\"wp-block-jetpack-slideshow_slide swiper-slide\"><figure><img decoding=\"async\" loading=\"lazy\" width=\"1024\" height=\"577\" alt=\"\" class=\"wp-block-jetpack-slideshow_image wp-image-5078\" data-id=\"5078\" src=\"http:\/\/www.iessenara.es\/Revista\/wp-content\/uploads\/2025\/01\/Medio-ambiente-5-1024x577.jpg\" srcset=\"https:\/\/www.iessenara.es\/Revista\/wp-content\/uploads\/2025\/01\/Medio-ambiente-5-1024x577.jpg 1024w, https:\/\/www.iessenara.es\/Revista\/wp-content\/uploads\/2025\/01\/Medio-ambiente-5-300x169.jpg 300w, https:\/\/www.iessenara.es\/Revista\/wp-content\/uploads\/2025\/01\/Medio-ambiente-5-768x432.jpg 768w, https:\/\/www.iessenara.es\/Revista\/wp-content\/uploads\/2025\/01\/Medio-ambiente-5-1536x865.jpg 1536w, https:\/\/www.iessenara.es\/Revista\/wp-content\/uploads\/2025\/01\/Medio-ambiente-5-2048x1153.jpg 2048w\" sizes=\"(max-width: 1024px) 100vw, 1024px\" \/><\/figure><\/li><li class=\"wp-block-jetpack-slideshow_slide swiper-slide\"><figure><img decoding=\"async\" loading=\"lazy\" width=\"1024\" height=\"768\" alt=\"\" class=\"wp-block-jetpack-slideshow_image wp-image-5072\" data-id=\"5072\" src=\"http:\/\/www.iessenara.es\/Revista\/wp-content\/uploads\/2025\/01\/1729326210669-1024x768.jpg\" srcset=\"https:\/\/www.iessenara.es\/Revista\/wp-content\/uploads\/2025\/01\/1729326210669-1024x768.jpg 1024w, https:\/\/www.iessenara.es\/Revista\/wp-content\/uploads\/2025\/01\/1729326210669-300x225.jpg 300w, https:\/\/www.iessenara.es\/Revista\/wp-content\/uploads\/2025\/01\/1729326210669-768x576.jpg 768w, https:\/\/www.iessenara.es\/Revista\/wp-content\/uploads\/2025\/01\/1729326210669-1536x1152.jpg 1536w, https:\/\/www.iessenara.es\/Revista\/wp-content\/uploads\/2025\/01\/1729326210669-2048x1536.jpg 2048w\" sizes=\"(max-width: 1024px) 100vw, 1024px\" \/><\/figure><\/li><li class=\"wp-block-jetpack-slideshow_slide swiper-slide\"><figure><img decoding=\"async\" loading=\"lazy\" width=\"1024\" height=\"768\" alt=\"\" class=\"wp-block-jetpack-slideshow_image wp-image-5079\" data-id=\"5079\" src=\"http:\/\/www.iessenara.es\/Revista\/wp-content\/uploads\/2025\/01\/Mural-Logo-1-1024x768.jpg\" srcset=\"https:\/\/www.iessenara.es\/Revista\/wp-content\/uploads\/2025\/01\/Mural-Logo-1-1024x768.jpg 1024w, https:\/\/www.iessenara.es\/Revista\/wp-content\/uploads\/2025\/01\/Mural-Logo-1-300x225.jpg 300w, https:\/\/www.iessenara.es\/Revista\/wp-content\/uploads\/2025\/01\/Mural-Logo-1-768x576.jpg 768w, https:\/\/www.iessenara.es\/Revista\/wp-content\/uploads\/2025\/01\/Mural-Logo-1-1536x1152.jpg 1536w, https:\/\/www.iessenara.es\/Revista\/wp-content\/uploads\/2025\/01\/Mural-Logo-1-2048x1536.jpg 2048w\" sizes=\"(max-width: 1024px) 100vw, 1024px\" \/><\/figure><\/li><li class=\"wp-block-jetpack-slideshow_slide swiper-slide\"><figure><img decoding=\"async\" loading=\"lazy\" width=\"1024\" height=\"768\" alt=\"\" class=\"wp-block-jetpack-slideshow_image wp-image-5080\" data-id=\"5080\" src=\"http:\/\/www.iessenara.es\/Revista\/wp-content\/uploads\/2025\/01\/Mural-Logo-3-1024x768.jpg\" srcset=\"https:\/\/www.iessenara.es\/Revista\/wp-content\/uploads\/2025\/01\/Mural-Logo-3-1024x768.jpg 1024w, https:\/\/www.iessenara.es\/Revista\/wp-content\/uploads\/2025\/01\/Mural-Logo-3-300x225.jpg 300w, https:\/\/www.iessenara.es\/Revista\/wp-content\/uploads\/2025\/01\/Mural-Logo-3-768x576.jpg 768w, https:\/\/www.iessenara.es\/Revista\/wp-content\/uploads\/2025\/01\/Mural-Logo-3-1536x1152.jpg 1536w, https:\/\/www.iessenara.es\/Revista\/wp-content\/uploads\/2025\/01\/Mural-Logo-3-2048x1536.jpg 2048w\" sizes=\"(max-width: 1024px) 100vw, 1024px\" \/><\/figure><\/li><\/ul><a class=\"wp-block-jetpack-slideshow_button-prev swiper-button-prev swiper-button-white\" role=\"button\"><\/a><a class=\"wp-block-jetpack-slideshow_button-next swiper-button-next swiper-button-white\" role=\"button\"><\/a><a aria-label=\"Pause Slideshow\" class=\"wp-block-jetpack-slideshow_button-pause\" role=\"button\"><\/a><div class=\"wp-block-jetpack-slideshow_pagination swiper-pagination swiper-pagination-white\"><\/div><\/div><\/div>\n\n\n\n<p>Los trabajos de dise\u00f1o que he hecho para el centro (revistas, carteles, portadas, logos o v\u00eddeos) son inseparables de mi labor docente. Con cada uno de ellos he prolongado mi ense\u00f1anza sobre los contenidos de las materias. Por ejemplo, el dise\u00f1o del logotipo IES SENARA constituy\u00f3 un modelo de trabajo en la lectura de la imagen (al contener varias realidades en la misma representaci\u00f3n, como los spots que los alumnos interpretaban en clase), y en el proceso de dise\u00f1o (al crear un objeto 3D virtual, que el alumno utiliz\u00f3 como gu\u00eda en su trabajo de dise\u00f1o de un roset\u00f3n, tambi\u00e9n 3D). O el cartel para el 25 Aniversario, cuya composici\u00f3n la gobierna una espiral logar\u00edtmica, como la que ten\u00edan que representar los alumnos de Dibujo T\u00e9cnico.&nbsp;<\/p>\n\n\n\n<div class=\"wp-block-jetpack-slideshow aligncenter\" data-effect=\"slide\"><div class=\"wp-block-jetpack-slideshow_container swiper-container\"><ul class=\"wp-block-jetpack-slideshow_swiper-wrapper swiper-wrapper\"><li class=\"wp-block-jetpack-slideshow_slide swiper-slide\"><figure><img decoding=\"async\" loading=\"lazy\" width=\"1024\" height=\"686\" alt=\"\" class=\"wp-block-jetpack-slideshow_image wp-image-5109\" data-id=\"5109\" src=\"http:\/\/www.iessenara.es\/Revista\/wp-content\/uploads\/2025\/01\/IES-Senara-25-montaje-cartel_0071-1024x686.jpg\" srcset=\"https:\/\/www.iessenara.es\/Revista\/wp-content\/uploads\/2025\/01\/IES-Senara-25-montaje-cartel_0071-1024x686.jpg 1024w, https:\/\/www.iessenara.es\/Revista\/wp-content\/uploads\/2025\/01\/IES-Senara-25-montaje-cartel_0071-300x201.jpg 300w, https:\/\/www.iessenara.es\/Revista\/wp-content\/uploads\/2025\/01\/IES-Senara-25-montaje-cartel_0071-768x514.jpg 768w, https:\/\/www.iessenara.es\/Revista\/wp-content\/uploads\/2025\/01\/IES-Senara-25-montaje-cartel_0071-1536x1028.jpg 1536w, https:\/\/www.iessenara.es\/Revista\/wp-content\/uploads\/2025\/01\/IES-Senara-25-montaje-cartel_0071-2048x1371.jpg 2048w\" sizes=\"(max-width: 1024px) 100vw, 1024px\" \/><\/figure><\/li><li class=\"wp-block-jetpack-slideshow_slide swiper-slide\"><figure><img decoding=\"async\" loading=\"lazy\" width=\"1024\" height=\"683\" alt=\"\" class=\"wp-block-jetpack-slideshow_image wp-image-5110\" data-id=\"5110\" src=\"http:\/\/www.iessenara.es\/Revista\/wp-content\/uploads\/2025\/01\/IES-Senara-25-montaje-cartel1-1024x683.jpg\" srcset=\"https:\/\/www.iessenara.es\/Revista\/wp-content\/uploads\/2025\/01\/IES-Senara-25-montaje-cartel1-1024x683.jpg 1024w, https:\/\/www.iessenara.es\/Revista\/wp-content\/uploads\/2025\/01\/IES-Senara-25-montaje-cartel1-300x200.jpg 300w, https:\/\/www.iessenara.es\/Revista\/wp-content\/uploads\/2025\/01\/IES-Senara-25-montaje-cartel1-768x512.jpg 768w, https:\/\/www.iessenara.es\/Revista\/wp-content\/uploads\/2025\/01\/IES-Senara-25-montaje-cartel1.jpg 1500w\" sizes=\"(max-width: 1024px) 100vw, 1024px\" \/><\/figure><\/li><li class=\"wp-block-jetpack-slideshow_slide swiper-slide\"><figure><img decoding=\"async\" loading=\"lazy\" width=\"673\" height=\"1024\" alt=\"\" class=\"wp-block-jetpack-slideshow_image wp-image-5111\" data-id=\"5111\" src=\"http:\/\/www.iessenara.es\/Revista\/wp-content\/uploads\/2025\/01\/IES-Senara-25-montaje-cartel2-673x1024.jpg\" srcset=\"https:\/\/www.iessenara.es\/Revista\/wp-content\/uploads\/2025\/01\/IES-Senara-25-montaje-cartel2-673x1024.jpg 673w, https:\/\/www.iessenara.es\/Revista\/wp-content\/uploads\/2025\/01\/IES-Senara-25-montaje-cartel2-197x300.jpg 197w, https:\/\/www.iessenara.es\/Revista\/wp-content\/uploads\/2025\/01\/IES-Senara-25-montaje-cartel2-768x1168.jpg 768w, https:\/\/www.iessenara.es\/Revista\/wp-content\/uploads\/2025\/01\/IES-Senara-25-montaje-cartel2-1010x1536.jpg 1010w, https:\/\/www.iessenara.es\/Revista\/wp-content\/uploads\/2025\/01\/IES-Senara-25-montaje-cartel2-1347x2048.jpg 1347w, https:\/\/www.iessenara.es\/Revista\/wp-content\/uploads\/2025\/01\/IES-Senara-25-montaje-cartel2.jpg 1500w\" sizes=\"(max-width: 673px) 100vw, 673px\" \/><\/figure><\/li><li class=\"wp-block-jetpack-slideshow_slide swiper-slide\"><figure><img decoding=\"async\" loading=\"lazy\" width=\"1024\" height=\"661\" alt=\"\" class=\"wp-block-jetpack-slideshow_image wp-image-5112\" data-id=\"5112\" src=\"http:\/\/www.iessenara.es\/Revista\/wp-content\/uploads\/2025\/01\/IES-Senara-25-montaje-cartel3-1024x661.jpg\" srcset=\"https:\/\/www.iessenara.es\/Revista\/wp-content\/uploads\/2025\/01\/IES-Senara-25-montaje-cartel3-1024x661.jpg 1024w, https:\/\/www.iessenara.es\/Revista\/wp-content\/uploads\/2025\/01\/IES-Senara-25-montaje-cartel3-300x194.jpg 300w, https:\/\/www.iessenara.es\/Revista\/wp-content\/uploads\/2025\/01\/IES-Senara-25-montaje-cartel3-768x496.jpg 768w, https:\/\/www.iessenara.es\/Revista\/wp-content\/uploads\/2025\/01\/IES-Senara-25-montaje-cartel3.jpg 1500w\" sizes=\"(max-width: 1024px) 100vw, 1024px\" \/><\/figure><\/li><\/ul><a class=\"wp-block-jetpack-slideshow_button-prev swiper-button-prev swiper-button-white\" role=\"button\"><\/a><a class=\"wp-block-jetpack-slideshow_button-next swiper-button-next swiper-button-white\" role=\"button\"><\/a><a aria-label=\"Pause Slideshow\" class=\"wp-block-jetpack-slideshow_button-pause\" role=\"button\"><\/a><div class=\"wp-block-jetpack-slideshow_pagination swiper-pagination swiper-pagination-white\"><\/div><\/div><\/div>\n\n\n\n<p>Me siento orgulloso de todos los proyectos y trabajos en los que he participado en este centro. No obstante, destaco la actividad de la \u201cF\u00f3rmula de Escher\u201d y \u201cMetamorfosis\u201d, por su extensi\u00f3n en el tiempo, la cantidad de alumnos que participaron, los profesores que colaboraron, la complejidad de su ejecuci\u00f3n y los mensajes que transmiti\u00f3.&nbsp;<\/p>\n\n\n\n<p>Tambi\u00e9n, recuerdo el v\u00eddeo de la graduaci\u00f3n de 2\u00b0 de bachillerato del curso 2021-22. Me conmueve cada vez que lo vuelvo a ver; ser\u00e1 la nostalgia que siento al recordar a los alumnos que pasaron por el instituto.&nbsp;<\/p>\n\n\n\n<p><strong>Siempre te han gustado mucho las nuevas tecnolog\u00edas<\/strong><strong>. <\/strong><strong>\u00bfC\u00f3mo las has incluido en tus clases en estos \u00faltimos a\u00f1os? \u00bfCrees que han supuesto una mejora de la calidad de la ense\u00f1anza?<\/strong>&nbsp;<\/p>\n\n\n\n<p>Mis explicaciones siempre se apoyaban en im\u00e1genes proyectadas en el aula o en alg\u00fan v\u00eddeo. Esto me ha parecido fundamental en el desarrollo de la clase. Empec\u00e9 utilizando el proyector de diapositivas, el retroproyector y el v\u00eddeo vhs. Aparatos anal\u00f3gicos que enseguida se quedaron anticuados con el desarrollo de la inform\u00e1tica. Las nuevas herramientas revolucionaron todos los \u00e1mbitos de nuestro mundo. En el campo de la representaci\u00f3n y el dise\u00f1o, la inform\u00e1tica r\u00e1pido se hizo imprescindible. En el aula, lleg\u00f3 el momento de la imagen digital, el ca\u00f1\u00f3n, el PowerPoint, internet, el Photoshop, los programas y web de dibujo, etc. Yo no tard\u00e9 en organizar la clase para explotar al m\u00e1ximo estos recursos en beneficio de mis alumnos. Uno de mis primeros pasos consisti\u00f3 en digitalizar mis diapositivas y v\u00eddeos para crear presentaciones que me ayudaran a dar la clase. Luego comenc\u00e9 a utilizar herramientas CAD para explicar y resolver ejercicios en clase. Esta forma de trabajar presentaba ventajas frente al dibujo en la pizarra: precisi\u00f3n, claridad, animaci\u00f3n de las construcciones y guardado de los dibujos.&nbsp;<\/p>\n\n\n\n<p>Con el fin de que los alumnos me siguieran en la resoluci\u00f3n de problemas, dediqu\u00e9 varios a\u00f1os a escribir y dibujar todo el temario de Dibujo T\u00e9cnico 1 y 2. Este material conten\u00eda todas mis explicaciones y permit\u00eda el dibujo a l\u00e1piz y por ordenador. Con estos apuntes las clases se agilizaban, se controlaba mejor la atenci\u00f3n de los alumnos y \u00e9ramos capaces de resolver m\u00e1s ejercicios. Sin duda, fue un trabajo muy \u00fatil, de gran valor did\u00e1ctico para los alumnos y para m\u00ed. M\u00e1s adelante, ide\u00e9 un sistema para que una c\u00e1mara de v\u00eddeo captara de forma cenital mi hoja de dibujo, en la mesa del profesor. De esta forma los alumnos pod\u00edan ver proyectada en tiempo real, con nitidez y claridad la resoluci\u00f3n del ejercicio que yo hac\u00eda. Este procedimiento me permit\u00eda trabajar con las mismas herramientas que utilizaba el alumno, lo que supon\u00eda una ventaja a la hora de explicar los conceptos y procedimientos. Tanto en las clases de Pl\u00e1stica como en las de Dibujo T\u00e9cnico, las pr\u00e1cticas de inform\u00e1tica han sido fundamentales. Desde que se estren\u00f3 el aula de inform\u00e1tica, todos los alumnos trabajaban durante una hora a la semana en tareas que requer\u00edan el uso de distintas herramientas inform\u00e1ticas. En Dibujo T\u00e9cnico el manejo de CAD influye en el aprendizaje de la materia porque las propiedades geom\u00e9tricas se manifiestan implacables. La precisi\u00f3n que ofrecen estos programas fascina al alumno que, cuando dibuja a l\u00e1piz, mejora la ejecuci\u00f3n de los dibujos porque ya no quiere renunciar a la precisi\u00f3n.&nbsp;<\/p>\n\n\n\n<p>Cada profesor tiene sus m\u00e9todos y recursos. A m\u00ed estas tecnolog\u00edas me han servido de mucho: me han permitido transmitir los conocimientos con m\u00e1s eficacia y claridad, creo que los alumnos han aprendido mejor, me han permitido hacer las clases m\u00e1s amenas, divertirnos en ellas y motivarnos.&nbsp;&nbsp;<\/p>\n\n\n\n<p><strong>\u00bfC\u00f3mo valorar\u00edas los recursos tecnol\u00f3gicos con los que has contado en el IES Senara para desarrollar tu labor docente?<\/strong>&nbsp;<\/p>\n\n\n\n<p>Cuando llegu\u00e9 al centro, el equipo directivo de entonces fue sensible a mis peticiones y pude contar desde el primer d\u00eda con ordenador y ca\u00f1\u00f3n en el aula. Siempre he tenido estos medios en clase, que con el tiempo se han ido modernizando. El aula de inform\u00e1tica, con una buena dotaci\u00f3n de ordenadores y red, es uno de los mayores avances del instituto en materia tecnol\u00f3gica. Cuando estoy en el aula de inform\u00e1tica con los alumnos, les digo con frecuencia que valoren y cuiden los medios que tienen aqu\u00ed, que aprovechen la oportunidad de practicar todas las semanas, que es una ventaja con la que no cuentan los alumnos de otros centros.&nbsp;<\/p>\n\n\n\n<p><strong>\u00bfHas cambiado tu forma de dar clase desde que comenzaste como profesor hasta esta \u00faltima etapa?<\/strong>&nbsp;<\/p>\n\n\n\n<p>En mis comienzos dispon\u00eda de mucha ilusi\u00f3n, pero ten\u00eda muy pocos medios: la pizarra, un proyector de diapositivas y alguna imagen fotografiada de alg\u00fan libro. Con el paso de los cursos me fui cargando de material did\u00e1ctico y fui disponiendo de m\u00e1s medios y recursos. En la actualidad tengo un archivo enorme de fotograf\u00edas de trabajos de alumnos que ilustran cada actividad hecha en clase. La utilizaci\u00f3n de este material en el aula, ahora en presentaciones din\u00e1micas, es clave en el desarrollo de actividades. Los medios inform\u00e1ticos han transformado mis clases, pero en esencia persigo los mismos objetivos que al principio: impulsar la expresividad del alumno y el disfrute del arte, desarrollar su creatividad, su observaci\u00f3n y su mirada cr\u00edtica; y facilitar la comprensi\u00f3n de la geometr\u00eda de la forma y el espacio.&nbsp;<\/p>\n\n\n\n<p><strong>Haciendo un resumen de tu trayectoria como profesor, \u00bfqu\u00e9 ha sido lo m\u00e1s satisfactorio de tu t<\/strong><strong>r<\/strong><strong>abajo? \u00bfY lo m\u00e1s ingrato?<\/strong>&nbsp;<\/p>\n\n\n\n<p>Mi sitio preferido ha sido el aula. Ah\u00ed, con mis alumnos, he vivido momentos apasionantes, que perdurar\u00e1n en mi memoria y, sinceramente, muy pocos ratos malos. Jam\u00e1s olvidar\u00e9 mi \u00faltimo d\u00eda de clase. El abrazo que me dieron mis alumnos de DT2, pasando de uno en uno por mi mesa, fue realmente emocionante. Sent\u00ed reconocimiento y cari\u00f1o, el mejor regalo.&nbsp;<\/p>\n\n\n\n<p>Sin duda, la mayor satisfacci\u00f3n para un profesor es constatar que sus alumnos aprenden. Esto lo he tenido en todos los centros en los que he trabajado. Son muchos los buenos alumnos que han pasado por mis aulas. Ellos alimentaron mi motivaci\u00f3n e influyeron en el progreso del grupo. Fueron en clase como los pilares de un edificio, la mantuvieron en pie.&nbsp;<\/p>\n\n\n\n<p>He disfrutado mucho contemplando las obras de arte de mis alumnos, lo que expresaban en ellas, y los procesos que siguieron hasta el resultado final. Aqu\u00ed se percibe con mucha intensidad el esfuerzo del alumno por superar las dificultades que impone la creaci\u00f3n, por derribar prejuicios representativos y desarrollar su propia expresividad. Es emocionante observar los avances de alumnos desmotivados, que cre\u00edan no saber dibujar, al contrastar su primer boceto con la obra final a la que fueron capaces de llegar.&nbsp;&nbsp;<\/p>\n\n\n\n<p>He recibido numerosas decepciones, pero siempre he intentado sacar lecciones positivas de ellas. Esto me ha ayudado a superarlas y me ha hecho crecer como persona. Ahora, en mi c\u00f3mputo final, me salen muchas m\u00e1s alegr\u00edas y satisfacciones.&nbsp;<\/p>\n\n\n\n<p><strong>Si tuvieses que elegir un momento en el IES Senara, \u00bfcu\u00e1<\/strong><strong>l <\/strong><strong>ser\u00eda?<\/strong>&nbsp;<\/p>\n\n\n\n<p>Creo que la celebraci\u00f3n del 25 Aniversario fue un acontecimiento destacable. Todos nos esforzamos para que esa conmemoraci\u00f3n fuera digna de nuestro instituto.&nbsp;<\/p>\n\n\n\n<p><strong>\u00bfQu\u00e9 consejos dar\u00edas a tus compa\u00f1eros de profesi\u00f3n y a tus a<\/strong><strong>l<\/strong><strong>umnos?<\/strong>&nbsp;<\/p>\n\n\n\n<p>A mis compa\u00f1eros, que no pierdan el \u00e1nimo, que preparen bien las clases y ense\u00f1en la materia, facilitando su comprensi\u00f3n, estimulando la creatividad, la reflexi\u00f3n y el pensamiento cr\u00edtico. Que sean un poco ni\u00f1os, como los alumnos. Y que no duden del poder del humor y la iron\u00eda.&nbsp;&nbsp;<\/p>\n\n\n\n<p>A mis alumnos, que la educaci\u00f3n es el principio de todo y la formaci\u00f3n es el verdadero camino para la persona. Que trabajen duro por su formaci\u00f3n, as\u00ed llegar\u00e1n a ser hombres y mujeres libres.&nbsp;<\/p>\n\n\n\n<figure class=\"wp-block-image size-large\"><a href=\"http:\/\/www.iessenara.es\/Revista\/wp-content\/uploads\/2025\/01\/1736806871188-scaled.jpg\"><img decoding=\"async\" loading=\"lazy\" width=\"1024\" height=\"768\" src=\"http:\/\/www.iessenara.es\/Revista\/wp-content\/uploads\/2025\/01\/1736806871188-1024x768.jpg\" alt=\"\" class=\"wp-image-5116\" srcset=\"https:\/\/www.iessenara.es\/Revista\/wp-content\/uploads\/2025\/01\/1736806871188-1024x768.jpg 1024w, https:\/\/www.iessenara.es\/Revista\/wp-content\/uploads\/2025\/01\/1736806871188-300x225.jpg 300w, https:\/\/www.iessenara.es\/Revista\/wp-content\/uploads\/2025\/01\/1736806871188-768x576.jpg 768w, https:\/\/www.iessenara.es\/Revista\/wp-content\/uploads\/2025\/01\/1736806871188-1536x1152.jpg 1536w, https:\/\/www.iessenara.es\/Revista\/wp-content\/uploads\/2025\/01\/1736806871188-2048x1536.jpg 2048w\" sizes=\"(max-width: 1024px) 100vw, 1024px\" \/><\/a><figcaption class=\"wp-element-caption\"><em>Celebraci\u00f3n de la despedida de Jes\u00fas Bernab\u00e9 en la cafeter\u00eda del centro.<\/em><\/figcaption><\/figure>\n\n\n\n<p><strong>\u00bfQu\u00e9 aspectos de la educaci\u00f3n global de los alumnos contribuye a desarrollar la materia de Educaci\u00f3n Pl\u00e1stica y Visual?<\/strong>&nbsp;<\/p>\n\n\n\n<p>Las materias de Educaci\u00f3n Pl\u00e1stica y Dibujo T\u00e9cnico ofrecen valiosas aportaciones a la educaci\u00f3n integral de los alumnos y al desarrollo de sus capacidades a trav\u00e9s de los procesos creativos, de la lectura de la imagen; y la configuraci\u00f3n y representaci\u00f3n de la forma y el espacio.&nbsp;&nbsp;<\/p>\n\n\n\n<p>En clase de Pl\u00e1stica, los alumnos desarrollan las actividades de creaci\u00f3n por medio de un proceso creativo que les exige: observar el entorno, pensar e investigar, documentarse, reflexionar, valorar resultados y expresarse. Con ello, los alumnos desarrollan su creatividad y formaci\u00f3n est\u00e9tica. Tambi\u00e9n, asumen valores como el af\u00e1n de superaci\u00f3n, la paciencia o la valoraci\u00f3n del trabajo bien hecho.&nbsp;<\/p>\n\n\n\n<p>Los mensajes audiovisuales influyen en la conducta, opini\u00f3n, voluntad y toma de decisiones de un \u201cespectador pasivo\u201d, generalmente atra\u00eddo por el espect\u00e1culo, la diversi\u00f3n y el entretenimiento que las im\u00e1genes le ofrecen. Estas ejercen su influencia de manera inadvertida, con un discurso irracional dirigido a sus emociones. La pr\u00e1ctica en la lectura de la imagen desarrolla la capacidad cr\u00edtica, reduciendo los efectos persuasivos de estos mensajes.&nbsp;&nbsp;<\/p>\n\n\n\n<p>La interpretaci\u00f3n de la obra art\u00edstica estimula su disfrute, desarrolla la formaci\u00f3n est\u00e9tica y educa en la valoraci\u00f3n y conservaci\u00f3n de nuestro patrimonio art\u00edstico.&nbsp;&nbsp;<\/p>\n\n\n\n<p>En Dibujo T\u00e9cnico, la representaci\u00f3n de la forma y el espacio acarrea problem\u00e1ticas cuya resoluci\u00f3n requiere una imaginaci\u00f3n estructurada, capaz de idear modelos en los que aplicar de manera inmediata conceptos y propiedades geom\u00e9tricas. Esto conduce al desarrollo de la capacidad espacial de los alumnos, que se potencia a\u00fan m\u00e1s con el manejo de las herramientas inform\u00e1ticas.&nbsp;&nbsp;<\/p>\n\n\n\n<p><strong>Inicias una etapa muy especial de tu vida, \u00bfqu\u00e9 vas a echar de menos de tu trabajo en ella?<\/strong>&nbsp;<\/p>\n\n\n\n<p>Esta profesi\u00f3n es como un largo viaje, en el que hay que partir con el dep\u00f3sito lleno. La ilusi\u00f3n es la gasolina. El amor a la asignatura y la pasi\u00f3n por ense\u00f1arla son las estaciones de servicio en las que repostar. Yo me siento afortunado porque he llegado al final todav\u00eda con gasolina en mi dep\u00f3sito. Quiz\u00e1 esto haga m\u00e1s dif\u00edcil el adi\u00f3s y que los recuerdos de las aulas no me abandonen.&nbsp;<\/p>\n\n\n\n<p><strong>\u00bfQu\u00e9 planes o proyectos tienes preparados para esta nueva etapa de tu vida?<\/strong>&nbsp;<\/p>\n\n\n\n<p>La jubilaci\u00f3n parece un lugar lejano, al que no vas a llegar nunca. Lo cierto es que los a\u00f1os pasan y cuando quieres darte cuenta lo ves en el horizonte. Los \u00faltimos cursos he trabajo obviando este desenlace. Por eso no he preparado planes ni he pensado en proyectos. Tendr\u00e9 m\u00e1s tiempo para mi familia, podr\u00e9 viajar m\u00e1s, leer o cocinar tranquilamente. Intentar\u00e9 disfrutar de la vida, como siempre.&nbsp;<\/p>\n","protected":false},"excerpt":{"rendered":"<p>Jes\u00fas Bernab\u00e9 Ruano, profesor y jefe del departamento de Educaci\u00f3n Pl\u00e1stica y Visual, con destino definitivo en el IES Senara desde el curso 2006\/2007, se jubila despu\u00e9s de m\u00e1s de treinta y cinco a\u00f1os&#46;&#46;&#46;<\/p>\n","protected":false},"author":3,"featured_media":5114,"comment_status":"open","ping_status":"open","sticky":false,"template":"","format":"standard","meta":{"jetpack_post_was_ever_published":false,"jetpack_publicize_message":"","jetpack_is_tweetstorm":false,"jetpack_publicize_feature_enabled":true,"jetpack_social_options":[]},"categories":[9],"tags":[488,461,487,151,358],"jetpack_publicize_connections":[],"jetpack_featured_media_url":"https:\/\/www.iessenara.es\/Revista\/wp-content\/uploads\/2025\/01\/Jubilacion-Jesus-Bernabe-16_9.jpg","jetpack_sharing_enabled":true,"jetpack_shortlink":"https:\/\/wp.me\/p5mbkp-1jE","_links":{"self":[{"href":"https:\/\/www.iessenara.es\/Revista\/index.php?rest_route=\/wp\/v2\/posts\/5062"}],"collection":[{"href":"https:\/\/www.iessenara.es\/Revista\/index.php?rest_route=\/wp\/v2\/posts"}],"about":[{"href":"https:\/\/www.iessenara.es\/Revista\/index.php?rest_route=\/wp\/v2\/types\/post"}],"author":[{"embeddable":true,"href":"https:\/\/www.iessenara.es\/Revista\/index.php?rest_route=\/wp\/v2\/users\/3"}],"replies":[{"embeddable":true,"href":"https:\/\/www.iessenara.es\/Revista\/index.php?rest_route=%2Fwp%2Fv2%2Fcomments&post=5062"}],"version-history":[{"count":14,"href":"https:\/\/www.iessenara.es\/Revista\/index.php?rest_route=\/wp\/v2\/posts\/5062\/revisions"}],"predecessor-version":[{"id":5117,"href":"https:\/\/www.iessenara.es\/Revista\/index.php?rest_route=\/wp\/v2\/posts\/5062\/revisions\/5117"}],"wp:featuredmedia":[{"embeddable":true,"href":"https:\/\/www.iessenara.es\/Revista\/index.php?rest_route=\/wp\/v2\/media\/5114"}],"wp:attachment":[{"href":"https:\/\/www.iessenara.es\/Revista\/index.php?rest_route=%2Fwp%2Fv2%2Fmedia&parent=5062"}],"wp:term":[{"taxonomy":"category","embeddable":true,"href":"https:\/\/www.iessenara.es\/Revista\/index.php?rest_route=%2Fwp%2Fv2%2Fcategories&post=5062"},{"taxonomy":"post_tag","embeddable":true,"href":"https:\/\/www.iessenara.es\/Revista\/index.php?rest_route=%2Fwp%2Fv2%2Ftags&post=5062"}],"curies":[{"name":"wp","href":"https:\/\/api.w.org\/{rel}","templated":true}]}}