{"id":5119,"date":"2025-01-23T11:06:08","date_gmt":"2025-01-23T10:06:08","guid":{"rendered":"http:\/\/www.iessenara.es\/Revista\/?p=5119"},"modified":"2025-01-23T11:06:08","modified_gmt":"2025-01-23T10:06:08","slug":"campana-de-recogida-de-residuos-de-aparatos-electricos-y-electronicos-2","status":"publish","type":"post","link":"https:\/\/www.iessenara.es\/Revista\/?p=5119","title":{"rendered":"Campa\u00f1a de recogida de residuos de aparatos el\u00e9ctricos y electr\u00f3nicos\u00a0"},"content":{"rendered":"\n<p>El pasado 22 de enero del presente, los alumnos de 1.\u00ba y 2.\u00ba de ESO participaron en una charla-taller sobre el reciclaje de residuos de aparatos el\u00e9ctricos y electr\u00f3nicos (RAEE), dentro del programa <a href=\"https:\/\/otrofinalesposible.org\/\" target=\"_blank\" rel=\"noreferrer noopener\">\u201cOtro final es posible\u201d<\/a>. En este taller, se trabajaron los siguientes contenidos: qu\u00e9 son los RAEE, buenas pr\u00e1cticas sobre los RAEE, el reciclaje de los RAEE, econom\u00eda circular de los RAEE, problemas del mal uso en la cadena de reciclaje de los RAEE y el papel del consumidor en los RAEE.&nbsp;<\/p>\n\n\n\n<p>El programa \u201cOtro final es posible\u201d es una iniciativa de la Consejer\u00eda de Educaci\u00f3n y la Consejer\u00eda de Medio Ambiente, Vivienda y Ordenaci\u00f3n del Territorio de la Junta de Castilla y Le\u00f3n. El objetivo del programa es contribuir a la educaci\u00f3n en valores de los escolares, acerc\u00e1ndoles conceptos fundamentales como el respeto al medio ambiente, la sostenibilidad o la econom\u00eda circular, a trav\u00e9s del reciclaje de los residuos de aparatos el\u00e9ctricos y electr\u00f3nicos.&nbsp;<\/p>\n\n\n<div class=\"wp-block-image\">\n<figure class=\"aligncenter size-full\"><a href=\"http:\/\/www.iessenara.es\/Revista\/wp-content\/uploads\/2023\/02\/Otro-final-es-posible.jpg\"><img decoding=\"async\" loading=\"lazy\" width=\"364\" height=\"147\" src=\"http:\/\/www.iessenara.es\/Revista\/wp-content\/uploads\/2023\/02\/Otro-final-es-posible.jpg\" alt=\"\" class=\"wp-image-3732\" srcset=\"https:\/\/www.iessenara.es\/Revista\/wp-content\/uploads\/2023\/02\/Otro-final-es-posible.jpg 364w, https:\/\/www.iessenara.es\/Revista\/wp-content\/uploads\/2023\/02\/Otro-final-es-posible-300x121.jpg 300w\" sizes=\"(max-width: 364px) 100vw, 364px\" \/><\/a><figcaption class=\"wp-element-caption\"><em><a rel=\"noreferrer noopener\" href=\"https:\/\/otrofinalesposible.org\/\" target=\"_blank\">https:\/\/otrofinalesposible.org\/<\/a><\/em><\/figcaption><\/figure><\/div>\n\n\n<p>Finalizado el taller, se han colocado en el vest\u00edbulo de entrada del centro seis contenedores para la recogida de residuos de aparatos el\u00e9ctricos y electr\u00f3nicos (RAEE). Estos contenedores estar\u00e1n en el centro hasta el d\u00eda 22 de febrero de 2025. Os invitamos a todos los miembros de la comunidad educativa a participar en esta campa\u00f1a de recogida y traig\u00e1is aquellos RAEE que teng\u00e1is en vuestras casas.&nbsp;<\/p>\n\n\n\n<div class=\"wp-block-jetpack-slideshow aligncenter\" data-effect=\"slide\"><div class=\"wp-block-jetpack-slideshow_container swiper-container\"><ul class=\"wp-block-jetpack-slideshow_swiper-wrapper swiper-wrapper\"><li class=\"wp-block-jetpack-slideshow_slide swiper-slide\"><figure><img decoding=\"async\" loading=\"lazy\" width=\"800\" height=\"598\" alt=\"\" class=\"wp-block-jetpack-slideshow_image wp-image-5125\" data-id=\"5125\" src=\"http:\/\/www.iessenara.es\/Revista\/wp-content\/uploads\/2025\/01\/1737564900715.jpg\" srcset=\"https:\/\/www.iessenara.es\/Revista\/wp-content\/uploads\/2025\/01\/1737564900715.jpg 800w, https:\/\/www.iessenara.es\/Revista\/wp-content\/uploads\/2025\/01\/1737564900715-300x224.jpg 300w, https:\/\/www.iessenara.es\/Revista\/wp-content\/uploads\/2025\/01\/1737564900715-768x574.jpg 768w\" sizes=\"(max-width: 800px) 100vw, 800px\" \/><\/figure><\/li><li class=\"wp-block-jetpack-slideshow_slide swiper-slide\"><figure><img decoding=\"async\" loading=\"lazy\" width=\"1024\" height=\"768\" alt=\"\" class=\"wp-block-jetpack-slideshow_image wp-image-5131\" data-id=\"5131\" src=\"http:\/\/www.iessenara.es\/Revista\/wp-content\/uploads\/2025\/01\/IMG_20250122_120619-1024x768.jpg\" srcset=\"https:\/\/www.iessenara.es\/Revista\/wp-content\/uploads\/2025\/01\/IMG_20250122_120619-1024x768.jpg 1024w, https:\/\/www.iessenara.es\/Revista\/wp-content\/uploads\/2025\/01\/IMG_20250122_120619-300x225.jpg 300w, https:\/\/www.iessenara.es\/Revista\/wp-content\/uploads\/2025\/01\/IMG_20250122_120619-768x576.jpg 768w, https:\/\/www.iessenara.es\/Revista\/wp-content\/uploads\/2025\/01\/IMG_20250122_120619-1536x1152.jpg 1536w, https:\/\/www.iessenara.es\/Revista\/wp-content\/uploads\/2025\/01\/IMG_20250122_120619-2048x1536.jpg 2048w\" sizes=\"(max-width: 1024px) 100vw, 1024px\" \/><\/figure><\/li><li class=\"wp-block-jetpack-slideshow_slide swiper-slide\"><figure><img decoding=\"async\" loading=\"lazy\" width=\"1024\" height=\"771\" alt=\"\" class=\"wp-block-jetpack-slideshow_image wp-image-5130\" data-id=\"5130\" src=\"http:\/\/www.iessenara.es\/Revista\/wp-content\/uploads\/2025\/01\/1737625750221-1024x771.jpg\" srcset=\"https:\/\/www.iessenara.es\/Revista\/wp-content\/uploads\/2025\/01\/1737625750221-1024x771.jpg 1024w, https:\/\/www.iessenara.es\/Revista\/wp-content\/uploads\/2025\/01\/1737625750221-300x226.jpg 300w, https:\/\/www.iessenara.es\/Revista\/wp-content\/uploads\/2025\/01\/1737625750221-768x578.jpg 768w, https:\/\/www.iessenara.es\/Revista\/wp-content\/uploads\/2025\/01\/1737625750221-1536x1157.jpg 1536w, https:\/\/www.iessenara.es\/Revista\/wp-content\/uploads\/2025\/01\/1737625750221.jpg 2040w\" sizes=\"(max-width: 1024px) 100vw, 1024px\" \/><\/figure><\/li><li class=\"wp-block-jetpack-slideshow_slide swiper-slide\"><figure><img decoding=\"async\" loading=\"lazy\" width=\"1024\" height=\"768\" alt=\"\" class=\"wp-block-jetpack-slideshow_image wp-image-5124\" data-id=\"5124\" src=\"http:\/\/www.iessenara.es\/Revista\/wp-content\/uploads\/2025\/01\/1677086560357-1024x768-1.jpg\" srcset=\"https:\/\/www.iessenara.es\/Revista\/wp-content\/uploads\/2025\/01\/1677086560357-1024x768-1.jpg 1024w, https:\/\/www.iessenara.es\/Revista\/wp-content\/uploads\/2025\/01\/1677086560357-1024x768-1-300x225.jpg 300w, https:\/\/www.iessenara.es\/Revista\/wp-content\/uploads\/2025\/01\/1677086560357-1024x768-1-768x576.jpg 768w\" sizes=\"(max-width: 1024px) 100vw, 1024px\" \/><\/figure><\/li><li class=\"wp-block-jetpack-slideshow_slide swiper-slide\"><figure><img decoding=\"async\" loading=\"lazy\" width=\"1024\" height=\"768\" alt=\"\" class=\"wp-block-jetpack-slideshow_image wp-image-5122\" data-id=\"5122\" src=\"http:\/\/www.iessenara.es\/Revista\/wp-content\/uploads\/2025\/01\/1677059229102-1024x768.jpg\" srcset=\"https:\/\/www.iessenara.es\/Revista\/wp-content\/uploads\/2025\/01\/1677059229102-1024x768.jpg 1024w, https:\/\/www.iessenara.es\/Revista\/wp-content\/uploads\/2025\/01\/1677059229102-300x225.jpg 300w, https:\/\/www.iessenara.es\/Revista\/wp-content\/uploads\/2025\/01\/1677059229102-768x576.jpg 768w, https:\/\/www.iessenara.es\/Revista\/wp-content\/uploads\/2025\/01\/1677059229102-1536x1152.jpg 1536w, https:\/\/www.iessenara.es\/Revista\/wp-content\/uploads\/2025\/01\/1677059229102-2048x1536.jpg 2048w\" sizes=\"(max-width: 1024px) 100vw, 1024px\" \/><\/figure><\/li><li class=\"wp-block-jetpack-slideshow_slide swiper-slide\"><figure><img decoding=\"async\" loading=\"lazy\" width=\"1024\" height=\"768\" alt=\"\" class=\"wp-block-jetpack-slideshow_image wp-image-5132\" data-id=\"5132\" src=\"http:\/\/www.iessenara.es\/Revista\/wp-content\/uploads\/2025\/01\/1737626325888-1-1024x768.jpg\" srcset=\"https:\/\/www.iessenara.es\/Revista\/wp-content\/uploads\/2025\/01\/1737626325888-1-1024x768.jpg 1024w, https:\/\/www.iessenara.es\/Revista\/wp-content\/uploads\/2025\/01\/1737626325888-1-300x225.jpg 300w, https:\/\/www.iessenara.es\/Revista\/wp-content\/uploads\/2025\/01\/1737626325888-1-768x576.jpg 768w, https:\/\/www.iessenara.es\/Revista\/wp-content\/uploads\/2025\/01\/1737626325888-1-1536x1152.jpg 1536w, https:\/\/www.iessenara.es\/Revista\/wp-content\/uploads\/2025\/01\/1737626325888-1-2048x1536.jpg 2048w\" sizes=\"(max-width: 1024px) 100vw, 1024px\" \/><\/figure><\/li><\/ul><a class=\"wp-block-jetpack-slideshow_button-prev swiper-button-prev swiper-button-white\" role=\"button\"><\/a><a class=\"wp-block-jetpack-slideshow_button-next swiper-button-next swiper-button-white\" role=\"button\"><\/a><a aria-label=\"Pause Slideshow\" class=\"wp-block-jetpack-slideshow_button-pause\" role=\"button\"><\/a><div class=\"wp-block-jetpack-slideshow_pagination swiper-pagination swiper-pagination-white\"><\/div><\/div><\/div>\n\n\n\n<p>Al finalizar el programa \u201cOtro final es posible\u201d, se otorgar\u00e1n premios econ\u00f3micos a los tres&nbsp;centros educativos de entre todos los participantes que hayan recogido m\u00e1s RAEE (para ello se tendr\u00e1n en cuenta los Kg de RAEE recogidos y se dividir\u00e1n entre el n\u00famero de alumnos del centro) durante el tiempo que dure la campa\u00f1a de recogida.&nbsp;<\/p>\n\n\n\n<p>Los premios consistir\u00e1n en: primer premio (cheque por valor de 2.000 \u20ac), segundo premio (cheque por valor de 1.500 \u20ac) y tercer premio (cheque por valor de 1.000 \u20ac). El importe de los premios deber\u00e1 ser destinado \u00edntegramente a la adquisici\u00f3n de material escolar.&nbsp;<\/p>\n\n\n\n<p>Los <strong>residuos aceptados<\/strong> son los siguientes:&nbsp;<\/p>\n\n\n\n<ul>\n<li>Peque\u00f1o aparato electrodom\u00e9stico: minipimer, batidora, exprimidor de zumo, plancha, tostadora, freidora, molinillo de caf\u00e9, cafetera, secador de pelo, m\u00e1quina de afeitar, reloj de pared o de pulsera, balanza\u2026&nbsp;<\/li>\n<\/ul>\n\n\n\n<ul>\n<li>Electr\u00f3nica de consumo: auriculares, reproductor mp3, discman, altavoces, minicadena, radio, cargador de bater\u00eda, micr\u00f3fono, linterna, mando a distancia, reproductor de v\u00eddeo o DVD, calculadora, instrumentos musicales el\u00e9ctricos.&nbsp;<\/li>\n<\/ul>\n\n\n\n<ul>\n<li>Inform\u00e1tica y tecnolog\u00eda: ordenador port\u00e1til, pantalla de ordenador, tel\u00e9fono fijo o inal\u00e1mbrico, tel\u00e9fono m\u00f3vil, tableta, libro electr\u00f3nico (<em>e-book<\/em>), rat\u00f3n o teclado del ordenador. Impresora, ordenador de mesa, televisi\u00f3n\u2026 siempre y cuando quepan dentro de los contenedores.&nbsp;<\/li>\n<\/ul>\n\n\n\n<ul>\n<li>Otros: herramientas y juguetes el\u00e9ctricos.&nbsp;<\/li>\n<\/ul>\n\n\n\n<p>Los <strong>residuos no aceptados<\/strong> son los siguientes:&nbsp;<\/p>\n\n\n\n<ul>\n<li>Aparatos de grandes dimensiones (no caben dentro del contenedor), bombillas, fluorescentes, discos de CD o DVD y pilas o bater\u00edas.&nbsp;<\/li>\n<\/ul>\n\n\n\n<p>Muchas gracias por vuestra participaci\u00f3n.&nbsp;<\/p>\n\n\n\n<div class=\"wp-block-jetpack-tiled-gallery aligncenter is-style-rectangular\"><div class=\"tiled-gallery__gallery\"><div class=\"tiled-gallery__row\"><div class=\"tiled-gallery__col\" style=\"flex-basis:66.28807%\"><figure class=\"tiled-gallery__item\"><img decoding=\"async\" srcset=\"https:\/\/i1.wp.com\/www.iessenara.es\/Revista\/wp-content\/uploads\/2023\/02\/RAEE.jpg?strip=info&#038;w=600 600w,https:\/\/i1.wp.com\/www.iessenara.es\/Revista\/wp-content\/uploads\/2023\/02\/RAEE.jpg?strip=info&#038;w=761 761w\" alt=\"\" data-height=\"449\" data-id=\"3739\" data-link=\"http:\/\/www.iessenara.es\/Revista\/?attachment_id=3739\" data-url=\"http:\/\/www.iessenara.es\/Revista\/wp-content\/uploads\/2023\/02\/RAEE.jpg\" data-width=\"761\" src=\"https:\/\/i1.wp.com\/www.iessenara.es\/Revista\/wp-content\/uploads\/2023\/02\/RAEE.jpg\" data-amp-layout=\"responsive\" \/><\/figure><\/div><div class=\"tiled-gallery__col\" style=\"flex-basis:33.71193%\"><figure class=\"tiled-gallery__item\"><img decoding=\"async\" srcset=\"https:\/\/i2.wp.com\/www.iessenara.es\/Revista\/wp-content\/uploads\/2023\/02\/Centro-educativo-sostenible.jpg?strip=info&#038;w=240 240w\" alt=\"\" data-height=\"279\" data-id=\"3736\" data-link=\"http:\/\/www.iessenara.es\/Revista\/?attachment_id=3736\" data-url=\"http:\/\/www.iessenara.es\/Revista\/wp-content\/uploads\/2023\/02\/Centro-educativo-sostenible.jpg\" data-width=\"240\" src=\"https:\/\/i2.wp.com\/www.iessenara.es\/Revista\/wp-content\/uploads\/2023\/02\/Centro-educativo-sostenible.jpg\" data-amp-layout=\"responsive\" \/><\/figure><\/div><\/div><\/div><\/div>\n","protected":false},"excerpt":{"rendered":"<p>El pasado 22 de enero del presente, los alumnos de 1.\u00ba y 2.\u00ba de ESO participaron en una charla-taller sobre el reciclaje de residuos de aparatos el\u00e9ctricos y electr\u00f3nicos (RAEE), dentro del programa \u201cOtro&#46;&#46;&#46;<\/p>\n","protected":false},"author":3,"featured_media":5133,"comment_status":"open","ping_status":"open","sticky":false,"template":"","format":"standard","meta":{"jetpack_post_was_ever_published":false,"jetpack_publicize_message":"","jetpack_is_tweetstorm":false,"jetpack_publicize_feature_enabled":true,"jetpack_social_options":[]},"categories":[1,8],"tags":[354,353,352,380,146,355],"jetpack_publicize_connections":[],"jetpack_featured_media_url":"https:\/\/www.iessenara.es\/Revista\/wp-content\/uploads\/2025\/01\/Otro-final-es-posible-2025-16-9-scaled.jpg","jetpack_sharing_enabled":true,"jetpack_shortlink":"https:\/\/wp.me\/p5mbkp-1kz","_links":{"self":[{"href":"https:\/\/www.iessenara.es\/Revista\/index.php?rest_route=\/wp\/v2\/posts\/5119"}],"collection":[{"href":"https:\/\/www.iessenara.es\/Revista\/index.php?rest_route=\/wp\/v2\/posts"}],"about":[{"href":"https:\/\/www.iessenara.es\/Revista\/index.php?rest_route=\/wp\/v2\/types\/post"}],"author":[{"embeddable":true,"href":"https:\/\/www.iessenara.es\/Revista\/index.php?rest_route=\/wp\/v2\/users\/3"}],"replies":[{"embeddable":true,"href":"https:\/\/www.iessenara.es\/Revista\/index.php?rest_route=%2Fwp%2Fv2%2Fcomments&post=5119"}],"version-history":[{"count":6,"href":"https:\/\/www.iessenara.es\/Revista\/index.php?rest_route=\/wp\/v2\/posts\/5119\/revisions"}],"predecessor-version":[{"id":5134,"href":"https:\/\/www.iessenara.es\/Revista\/index.php?rest_route=\/wp\/v2\/posts\/5119\/revisions\/5134"}],"wp:featuredmedia":[{"embeddable":true,"href":"https:\/\/www.iessenara.es\/Revista\/index.php?rest_route=\/wp\/v2\/media\/5133"}],"wp:attachment":[{"href":"https:\/\/www.iessenara.es\/Revista\/index.php?rest_route=%2Fwp%2Fv2%2Fmedia&parent=5119"}],"wp:term":[{"taxonomy":"category","embeddable":true,"href":"https:\/\/www.iessenara.es\/Revista\/index.php?rest_route=%2Fwp%2Fv2%2Fcategories&post=5119"},{"taxonomy":"post_tag","embeddable":true,"href":"https:\/\/www.iessenara.es\/Revista\/index.php?rest_route=%2Fwp%2Fv2%2Ftags&post=5119"}],"curies":[{"name":"wp","href":"https:\/\/api.w.org\/{rel}","templated":true}]}}