{"id":5209,"date":"2025-03-12T23:08:37","date_gmt":"2025-03-12T22:08:37","guid":{"rendered":"http:\/\/www.iessenara.es\/Revista\/?p=5209"},"modified":"2025-03-12T23:08:37","modified_gmt":"2025-03-12T22:08:37","slug":"jornada-de-puertas-abiertas-para-el-alumnado-de-6-o-de-educacion-primaria","status":"publish","type":"post","link":"https:\/\/www.iessenara.es\/Revista\/?p=5209","title":{"rendered":"Jornada de puertas abiertas para el alumnado de 6.\u00ba de Educaci\u00f3n Primaria"},"content":{"rendered":"\n<p>AUTORA: Roc\u00edo Rodr\u00edguez Hern\u00e1ndez (Jefa de Estudios)<\/p>\n\n\n\n<p>El 12 de marzo hemos abierto las puertas del IES Senara para recibir a nuestro futuro alumnado, a los ni\u00f1os y ni\u00f1as de 6.\u00ba de Educaci\u00f3n Primaria que el pr\u00f3ximo curso entrar\u00e1n a formar parte de la gran familia del Senara.\u00a0<\/p>\n\n\n\n<p>Ha sido una jornada diferente, ya que hemos podido disfrutar de distintos talleres, presentaciones, concierto\u2026&nbsp;&nbsp;<\/p>\n\n\n\n<p>Comenzamos el d\u00eda en el hall del centro en el que el Equipo Directivo, Orientadora, nuestro conserje Juan, alumnos de FP y tutores de FP recibimos al nuevo alumnado. Nueve alumnos de FP, organizados por sus tutores Gonzalo y Cristina y su profesora Inma, los acompa\u00f1an en todo momento, tanto para dirigir la visita como para solventar cualquier necesidad que les surja a los nuevos alumnos.&nbsp;<\/p>\n\n\n\n<p>Desde all\u00ed iniciamos nuestra visita y caminamos hacia nuestra biblioteca. En ella,&nbsp; Zayda, nuestra orientadora, organiz\u00f3 un juego para romper el hielo y, adem\u00e1s, permitirnos a todos conocernos un poco m\u00e1s.&nbsp;<\/p>\n\n\n\n<p>A continuaci\u00f3n, fuimos a las aulas de m\u00fasica, en las que Charo, junto con los alumnos y alumnas de 3.\u00ba ESO les mostraron qu\u00e9 hacen en sus clases y, como regalo especial, les ten\u00edan preparado un concierto.&nbsp;<\/p>\n\n\n\n<p>Posteriormente, bajaron a las aulas de Tecnolog\u00eda, en las que David, Paco y V\u00edctor les ense\u00f1aron las aulas, los proyectos, c\u00f3mo se trabaja en el taller y, como colof\u00f3n, los alumnos de 3.\u00ba ESO les contaron qu\u00e9 hicieron para la First Lego League en la que han participado este curso.&nbsp;<\/p>\n\n\n\n<p>Ya cerca de la hora del recreo del centro, los alumnos pudieron disfrutar de un descanso, pasando previamente, si as\u00ed lo deseaban, por cafeter\u00eda.&nbsp;<\/p>\n\n\n\n<p>Continuamos con la visita a dos laboratorios: por un lado, Jos\u00e9 \u00c1ngel y Sonia les explicaron el laboratorio de Biolog\u00eda, pudiendo visualizar distintos elementos con microscopios o, como curiosidad, observar una mand\u00edbula de tibur\u00f3n.&nbsp;<\/p>\n\n\n\n<p>A la vez, en el laboratorio de Qu\u00edmica, Fran y Carlos les contaban distintas reacciones al mezclar varios elementos, lo cual les caus\u00f3 una gran impresi\u00f3n.&nbsp;<\/p>\n\n\n\n<p>Para finalizar, Pilar, Mar\u00eda, Sara y Cristina les organizaron un juego, \u201cEnglish for everybody\u201d, en el que por equipos y practicando ingl\u00e9s, fueron desarrollando distintas pruebas.&nbsp;<\/p>\n\n\n\n<p>Al final de la ma\u00f1ana, los alumnos y alumnas se fueron reconociendo que hab\u00edan disfrutado de todas las actividades preparadas y creemos que con menos nervios que al inicio de la ma\u00f1ana.&nbsp;<\/p>\n\n\n\n<p>Es un placer poder disfrutar de estas jornadas y es gracias a la participaci\u00f3n e involucraci\u00f3n del profesorado y personal del centro.\u00a0<\/p>\n\n\n\n<div class=\"wp-block-jetpack-slideshow aligncenter\" data-effect=\"slide\"><div class=\"wp-block-jetpack-slideshow_container swiper-container\"><ul class=\"wp-block-jetpack-slideshow_swiper-wrapper swiper-wrapper\"><li class=\"wp-block-jetpack-slideshow_slide swiper-slide\"><figure><img decoding=\"async\" loading=\"lazy\" width=\"1024\" height=\"768\" alt=\"\" class=\"wp-block-jetpack-slideshow_image wp-image-5211\" data-id=\"5211\" src=\"http:\/\/www.iessenara.es\/Revista\/wp-content\/uploads\/2025\/03\/WhatsApp-Image-2025-03-12-at-17.46.22-1024x768.jpeg\" srcset=\"https:\/\/www.iessenara.es\/Revista\/wp-content\/uploads\/2025\/03\/WhatsApp-Image-2025-03-12-at-17.46.22-1024x768.jpeg 1024w, https:\/\/www.iessenara.es\/Revista\/wp-content\/uploads\/2025\/03\/WhatsApp-Image-2025-03-12-at-17.46.22-300x225.jpeg 300w, https:\/\/www.iessenara.es\/Revista\/wp-content\/uploads\/2025\/03\/WhatsApp-Image-2025-03-12-at-17.46.22-768x576.jpeg 768w, https:\/\/www.iessenara.es\/Revista\/wp-content\/uploads\/2025\/03\/WhatsApp-Image-2025-03-12-at-17.46.22-1536x1152.jpeg 1536w, https:\/\/www.iessenara.es\/Revista\/wp-content\/uploads\/2025\/03\/WhatsApp-Image-2025-03-12-at-17.46.22.jpeg 2040w\" sizes=\"(max-width: 1024px) 100vw, 1024px\" \/><\/figure><\/li><li class=\"wp-block-jetpack-slideshow_slide swiper-slide\"><figure><img decoding=\"async\" loading=\"lazy\" width=\"1024\" height=\"544\" alt=\"\" class=\"wp-block-jetpack-slideshow_image wp-image-5212\" data-id=\"5212\" src=\"http:\/\/www.iessenara.es\/Revista\/wp-content\/uploads\/2025\/03\/WhatsApp-Image-2025-03-12-at-19.16.27-1-1024x544.jpeg\" srcset=\"https:\/\/www.iessenara.es\/Revista\/wp-content\/uploads\/2025\/03\/WhatsApp-Image-2025-03-12-at-19.16.27-1-1024x544.jpeg 1024w, https:\/\/www.iessenara.es\/Revista\/wp-content\/uploads\/2025\/03\/WhatsApp-Image-2025-03-12-at-19.16.27-1-300x159.jpeg 300w, https:\/\/www.iessenara.es\/Revista\/wp-content\/uploads\/2025\/03\/WhatsApp-Image-2025-03-12-at-19.16.27-1-768x408.jpeg 768w, https:\/\/www.iessenara.es\/Revista\/wp-content\/uploads\/2025\/03\/WhatsApp-Image-2025-03-12-at-19.16.27-1-1536x817.jpeg 1536w, https:\/\/www.iessenara.es\/Revista\/wp-content\/uploads\/2025\/03\/WhatsApp-Image-2025-03-12-at-19.16.27-1.jpeg 1548w\" sizes=\"(max-width: 1024px) 100vw, 1024px\" \/><\/figure><\/li><li class=\"wp-block-jetpack-slideshow_slide swiper-slide\"><figure><img decoding=\"async\" loading=\"lazy\" width=\"1024\" height=\"496\" alt=\"\" class=\"wp-block-jetpack-slideshow_image wp-image-5213\" data-id=\"5213\" src=\"http:\/\/www.iessenara.es\/Revista\/wp-content\/uploads\/2025\/03\/WhatsApp-Image-2025-03-12-at-19.16.27-1024x496.jpeg\" srcset=\"https:\/\/www.iessenara.es\/Revista\/wp-content\/uploads\/2025\/03\/WhatsApp-Image-2025-03-12-at-19.16.27-1024x496.jpeg 1024w, https:\/\/www.iessenara.es\/Revista\/wp-content\/uploads\/2025\/03\/WhatsApp-Image-2025-03-12-at-19.16.27-300x145.jpeg 300w, https:\/\/www.iessenara.es\/Revista\/wp-content\/uploads\/2025\/03\/WhatsApp-Image-2025-03-12-at-19.16.27-768x372.jpeg 768w, https:\/\/www.iessenara.es\/Revista\/wp-content\/uploads\/2025\/03\/WhatsApp-Image-2025-03-12-at-19.16.27-1536x744.jpeg 1536w, https:\/\/www.iessenara.es\/Revista\/wp-content\/uploads\/2025\/03\/WhatsApp-Image-2025-03-12-at-19.16.27.jpeg 1776w\" sizes=\"(max-width: 1024px) 100vw, 1024px\" \/><\/figure><\/li><li class=\"wp-block-jetpack-slideshow_slide swiper-slide\"><figure><img decoding=\"async\" loading=\"lazy\" width=\"1024\" height=\"768\" alt=\"\" class=\"wp-block-jetpack-slideshow_image wp-image-5210\" data-id=\"5210\" src=\"http:\/\/www.iessenara.es\/Revista\/wp-content\/uploads\/2025\/03\/WhatsApp-Image-2025-03-12-at-17.44.22-1024x768.jpeg\" srcset=\"https:\/\/www.iessenara.es\/Revista\/wp-content\/uploads\/2025\/03\/WhatsApp-Image-2025-03-12-at-17.44.22-1024x768.jpeg 1024w, https:\/\/www.iessenara.es\/Revista\/wp-content\/uploads\/2025\/03\/WhatsApp-Image-2025-03-12-at-17.44.22-300x225.jpeg 300w, https:\/\/www.iessenara.es\/Revista\/wp-content\/uploads\/2025\/03\/WhatsApp-Image-2025-03-12-at-17.44.22-768x576.jpeg 768w, https:\/\/www.iessenara.es\/Revista\/wp-content\/uploads\/2025\/03\/WhatsApp-Image-2025-03-12-at-17.44.22-1536x1152.jpeg 1536w, https:\/\/www.iessenara.es\/Revista\/wp-content\/uploads\/2025\/03\/WhatsApp-Image-2025-03-12-at-17.44.22.jpeg 2040w\" sizes=\"(max-width: 1024px) 100vw, 1024px\" \/><\/figure><\/li><li class=\"wp-block-jetpack-slideshow_slide swiper-slide\"><figure><img decoding=\"async\" loading=\"lazy\" width=\"1024\" height=\"461\" alt=\"\" class=\"wp-block-jetpack-slideshow_image wp-image-5214\" data-id=\"5214\" src=\"http:\/\/www.iessenara.es\/Revista\/wp-content\/uploads\/2025\/03\/WhatsApp-Image-2025-03-12-at-19.27.43-1024x461.jpeg\" srcset=\"https:\/\/www.iessenara.es\/Revista\/wp-content\/uploads\/2025\/03\/WhatsApp-Image-2025-03-12-at-19.27.43-1024x461.jpeg 1024w, https:\/\/www.iessenara.es\/Revista\/wp-content\/uploads\/2025\/03\/WhatsApp-Image-2025-03-12-at-19.27.43-300x135.jpeg 300w, https:\/\/www.iessenara.es\/Revista\/wp-content\/uploads\/2025\/03\/WhatsApp-Image-2025-03-12-at-19.27.43-768x346.jpeg 768w, https:\/\/www.iessenara.es\/Revista\/wp-content\/uploads\/2025\/03\/WhatsApp-Image-2025-03-12-at-19.27.43-1536x691.jpeg 1536w, https:\/\/www.iessenara.es\/Revista\/wp-content\/uploads\/2025\/03\/WhatsApp-Image-2025-03-12-at-19.27.43.jpeg 2000w\" sizes=\"(max-width: 1024px) 100vw, 1024px\" \/><\/figure><\/li><\/ul><a class=\"wp-block-jetpack-slideshow_button-prev swiper-button-prev swiper-button-white\" role=\"button\"><\/a><a class=\"wp-block-jetpack-slideshow_button-next swiper-button-next swiper-button-white\" role=\"button\"><\/a><a aria-label=\"Pause Slideshow\" class=\"wp-block-jetpack-slideshow_button-pause\" role=\"button\"><\/a><div class=\"wp-block-jetpack-slideshow_pagination swiper-pagination swiper-pagination-white\"><\/div><\/div><\/div>\n","protected":false},"excerpt":{"rendered":"<p>AUTORA: Roc\u00edo Rodr\u00edguez Hern\u00e1ndez (Jefa de Estudios) El 12 de marzo hemos abierto las puertas del IES Senara para recibir a nuestro futuro alumnado, a los ni\u00f1os y ni\u00f1as de 6.\u00ba de Educaci\u00f3n Primaria&#46;&#46;&#46;<\/p>\n","protected":false},"author":3,"featured_media":5213,"comment_status":"open","ping_status":"open","sticky":false,"template":"","format":"standard","meta":{"jetpack_post_was_ever_published":false,"jetpack_publicize_message":"","jetpack_is_tweetstorm":false,"jetpack_publicize_feature_enabled":true,"jetpack_social_options":[]},"categories":[8],"tags":[402,399,42,95,397,504,447],"jetpack_publicize_connections":[],"jetpack_featured_media_url":"https:\/\/www.iessenara.es\/Revista\/wp-content\/uploads\/2025\/03\/WhatsApp-Image-2025-03-12-at-19.16.27.jpeg","jetpack_sharing_enabled":true,"jetpack_shortlink":"https:\/\/wp.me\/p5mbkp-1m1","_links":{"self":[{"href":"https:\/\/www.iessenara.es\/Revista\/index.php?rest_route=\/wp\/v2\/posts\/5209"}],"collection":[{"href":"https:\/\/www.iessenara.es\/Revista\/index.php?rest_route=\/wp\/v2\/posts"}],"about":[{"href":"https:\/\/www.iessenara.es\/Revista\/index.php?rest_route=\/wp\/v2\/types\/post"}],"author":[{"embeddable":true,"href":"https:\/\/www.iessenara.es\/Revista\/index.php?rest_route=\/wp\/v2\/users\/3"}],"replies":[{"embeddable":true,"href":"https:\/\/www.iessenara.es\/Revista\/index.php?rest_route=%2Fwp%2Fv2%2Fcomments&post=5209"}],"version-history":[{"count":1,"href":"https:\/\/www.iessenara.es\/Revista\/index.php?rest_route=\/wp\/v2\/posts\/5209\/revisions"}],"predecessor-version":[{"id":5215,"href":"https:\/\/www.iessenara.es\/Revista\/index.php?rest_route=\/wp\/v2\/posts\/5209\/revisions\/5215"}],"wp:featuredmedia":[{"embeddable":true,"href":"https:\/\/www.iessenara.es\/Revista\/index.php?rest_route=\/wp\/v2\/media\/5213"}],"wp:attachment":[{"href":"https:\/\/www.iessenara.es\/Revista\/index.php?rest_route=%2Fwp%2Fv2%2Fmedia&parent=5209"}],"wp:term":[{"taxonomy":"category","embeddable":true,"href":"https:\/\/www.iessenara.es\/Revista\/index.php?rest_route=%2Fwp%2Fv2%2Fcategories&post=5209"},{"taxonomy":"post_tag","embeddable":true,"href":"https:\/\/www.iessenara.es\/Revista\/index.php?rest_route=%2Fwp%2Fv2%2Ftags&post=5209"}],"curies":[{"name":"wp","href":"https:\/\/api.w.org\/{rel}","templated":true}]}}