{"id":5264,"date":"2025-03-21T09:22:36","date_gmt":"2025-03-21T08:22:36","guid":{"rendered":"http:\/\/www.iessenara.es\/Revista\/?p=5264"},"modified":"2025-03-21T09:26:58","modified_gmt":"2025-03-21T08:26:58","slug":"participacion-en-la-first-lego-league","status":"publish","type":"post","link":"https:\/\/www.iessenara.es\/Revista\/?p=5264","title":{"rendered":"Participaci\u00f3n en la First Lego League"},"content":{"rendered":"\n<p>AUTORA: Sandra Guti\u00e9rrez Becares (3.\u00ba ESO A)<\/p>\n\n\n\n<p>El 22 de febrero, d\u00eda en el que se organizaba la First Lego League, nuestra selecci\u00f3n de alumnos de 3.\u00ba de la ESO se dirige a la Hospeder\u00eda Fonseca a primera hora de la ma\u00f1ana.\u00a0<\/p>\n\n\n\n<p>La calidez y la gran acogida que nos dieron all\u00ed, nos hizo sentirnos como si todos nos conoci\u00e9semos, acompa\u00f1ados, por supuesto, del buen ambiente y la buena relaci\u00f3n entre los monitores, jueces y participantes.&nbsp;<\/p>\n\n\n\n<p>A las 8:35, nos dirigimos a nuestra primera pr\u00e1ctica del juego del robot, donde nos dejaban 15-20 minutos para poder probar las misiones.&nbsp;<\/p>\n\n\n\n<p>Despu\u00e9s de la ceremonia de inauguraci\u00f3n, expusimos nuestras presentaciones en la sala de valoraci\u00f3n y estuvimos preparados para hacer la primera ronda de auditorio en la mesa 2.&nbsp;<\/p>\n\n\n\n<p>Aprovechamos las dos pr\u00e1cticas que nos quedaban para seguir probando las misiones y as\u00ed poder hacerlo mejor en las siguientes dos rondas.&nbsp;<\/p>\n\n\n\n<p>Finalmente, nos posicionamos en el puesto n\u00famero 13, esperamos a la entrega de premios con muchos nervios, recogimos las medallas de participaci\u00f3n y nos hicieron entrega del trofeo al \u201ccompa\u00f1erismo extraordinario\u201d.&nbsp;&nbsp;<\/p>\n\n\n\n<p>Con gran alegr\u00eda, recogimos el trofeo y dimos la enhorabuena a todo el equipo.&nbsp;<\/p>\n\n\n\n<p>Saliendo del evento a las 16:30, algunos alumnos disfrutaron del resto del d\u00eda en Salamanca cargados de una alegr\u00eda inmensa.&nbsp;<\/p>\n\n\n\n<p>Fue un d\u00eda digno de recordar, en el que hubo m\u00e1s uni\u00f3n que nunca, que pas\u00f3 muy r\u00e1pido pero que dej\u00f3 muchos momentos memorables.&nbsp;<\/p>\n\n\n\n<div class=\"wp-block-jetpack-slideshow aligncenter\" data-effect=\"slide\"><div class=\"wp-block-jetpack-slideshow_container swiper-container\"><ul class=\"wp-block-jetpack-slideshow_swiper-wrapper swiper-wrapper\"><li class=\"wp-block-jetpack-slideshow_slide swiper-slide\"><figure><img decoding=\"async\" loading=\"lazy\" width=\"1024\" height=\"768\" alt=\"\" class=\"wp-block-jetpack-slideshow_image wp-image-5268\" data-id=\"5268\" src=\"http:\/\/www.iessenara.es\/Revista\/wp-content\/uploads\/2025\/03\/Imagen-de-WhatsApp-2025-03-15-a-las-11.16.41_c449fcde-1024x768.jpg\" srcset=\"https:\/\/www.iessenara.es\/Revista\/wp-content\/uploads\/2025\/03\/Imagen-de-WhatsApp-2025-03-15-a-las-11.16.41_c449fcde-1024x768.jpg 1024w, https:\/\/www.iessenara.es\/Revista\/wp-content\/uploads\/2025\/03\/Imagen-de-WhatsApp-2025-03-15-a-las-11.16.41_c449fcde-300x225.jpg 300w, https:\/\/www.iessenara.es\/Revista\/wp-content\/uploads\/2025\/03\/Imagen-de-WhatsApp-2025-03-15-a-las-11.16.41_c449fcde-768x576.jpg 768w, https:\/\/www.iessenara.es\/Revista\/wp-content\/uploads\/2025\/03\/Imagen-de-WhatsApp-2025-03-15-a-las-11.16.41_c449fcde-1536x1152.jpg 1536w, https:\/\/www.iessenara.es\/Revista\/wp-content\/uploads\/2025\/03\/Imagen-de-WhatsApp-2025-03-15-a-las-11.16.41_c449fcde.jpg 2048w\" sizes=\"(max-width: 1024px) 100vw, 1024px\" \/><\/figure><\/li><li class=\"wp-block-jetpack-slideshow_slide swiper-slide\"><figure><img decoding=\"async\" loading=\"lazy\" width=\"1024\" height=\"768\" alt=\"\" class=\"wp-block-jetpack-slideshow_image wp-image-5266\" data-id=\"5266\" src=\"http:\/\/www.iessenara.es\/Revista\/wp-content\/uploads\/2025\/03\/Imagen-de-WhatsApp-2025-03-15-a-las-11.16.41_0dfefbce-1024x768.jpg\" srcset=\"https:\/\/www.iessenara.es\/Revista\/wp-content\/uploads\/2025\/03\/Imagen-de-WhatsApp-2025-03-15-a-las-11.16.41_0dfefbce-1024x768.jpg 1024w, https:\/\/www.iessenara.es\/Revista\/wp-content\/uploads\/2025\/03\/Imagen-de-WhatsApp-2025-03-15-a-las-11.16.41_0dfefbce-300x225.jpg 300w, https:\/\/www.iessenara.es\/Revista\/wp-content\/uploads\/2025\/03\/Imagen-de-WhatsApp-2025-03-15-a-las-11.16.41_0dfefbce-768x576.jpg 768w, https:\/\/www.iessenara.es\/Revista\/wp-content\/uploads\/2025\/03\/Imagen-de-WhatsApp-2025-03-15-a-las-11.16.41_0dfefbce-1536x1152.jpg 1536w, https:\/\/www.iessenara.es\/Revista\/wp-content\/uploads\/2025\/03\/Imagen-de-WhatsApp-2025-03-15-a-las-11.16.41_0dfefbce.jpg 2048w\" sizes=\"(max-width: 1024px) 100vw, 1024px\" \/><\/figure><\/li><li class=\"wp-block-jetpack-slideshow_slide swiper-slide\"><figure><img decoding=\"async\" loading=\"lazy\" width=\"768\" height=\"1024\" alt=\"\" class=\"wp-block-jetpack-slideshow_image wp-image-5271\" data-id=\"5271\" src=\"http:\/\/www.iessenara.es\/Revista\/wp-content\/uploads\/2025\/03\/Imagen-de-WhatsApp-2025-03-15-a-las-11.18.05_d7a3f706-768x1024.jpg\" srcset=\"https:\/\/www.iessenara.es\/Revista\/wp-content\/uploads\/2025\/03\/Imagen-de-WhatsApp-2025-03-15-a-las-11.18.05_d7a3f706-768x1024.jpg 768w, https:\/\/www.iessenara.es\/Revista\/wp-content\/uploads\/2025\/03\/Imagen-de-WhatsApp-2025-03-15-a-las-11.18.05_d7a3f706-225x300.jpg 225w, https:\/\/www.iessenara.es\/Revista\/wp-content\/uploads\/2025\/03\/Imagen-de-WhatsApp-2025-03-15-a-las-11.18.05_d7a3f706-1152x1536.jpg 1152w, https:\/\/www.iessenara.es\/Revista\/wp-content\/uploads\/2025\/03\/Imagen-de-WhatsApp-2025-03-15-a-las-11.18.05_d7a3f706.jpg 1512w\" sizes=\"(max-width: 768px) 100vw, 768px\" \/><\/figure><\/li><li class=\"wp-block-jetpack-slideshow_slide swiper-slide\"><figure><img decoding=\"async\" loading=\"lazy\" width=\"768\" height=\"1024\" alt=\"\" class=\"wp-block-jetpack-slideshow_image wp-image-5267\" data-id=\"5267\" src=\"http:\/\/www.iessenara.es\/Revista\/wp-content\/uploads\/2025\/03\/Imagen-de-WhatsApp-2025-03-15-a-las-11.16.41_3ca883cb-768x1024.jpg\" srcset=\"https:\/\/www.iessenara.es\/Revista\/wp-content\/uploads\/2025\/03\/Imagen-de-WhatsApp-2025-03-15-a-las-11.16.41_3ca883cb-768x1024.jpg 768w, https:\/\/www.iessenara.es\/Revista\/wp-content\/uploads\/2025\/03\/Imagen-de-WhatsApp-2025-03-15-a-las-11.16.41_3ca883cb-225x300.jpg 225w, https:\/\/www.iessenara.es\/Revista\/wp-content\/uploads\/2025\/03\/Imagen-de-WhatsApp-2025-03-15-a-las-11.16.41_3ca883cb-1152x1536.jpg 1152w, https:\/\/www.iessenara.es\/Revista\/wp-content\/uploads\/2025\/03\/Imagen-de-WhatsApp-2025-03-15-a-las-11.16.41_3ca883cb.jpg 1536w\" sizes=\"(max-width: 768px) 100vw, 768px\" \/><\/figure><\/li><li class=\"wp-block-jetpack-slideshow_slide swiper-slide\"><figure><img decoding=\"async\" loading=\"lazy\" width=\"768\" height=\"1024\" alt=\"\" class=\"wp-block-jetpack-slideshow_image wp-image-5265\" data-id=\"5265\" src=\"http:\/\/www.iessenara.es\/Revista\/wp-content\/uploads\/2025\/03\/Imagen-de-WhatsApp-2025-03-15-a-las-11.16.41_0c7aeb07-768x1024.jpg\" srcset=\"https:\/\/www.iessenara.es\/Revista\/wp-content\/uploads\/2025\/03\/Imagen-de-WhatsApp-2025-03-15-a-las-11.16.41_0c7aeb07-768x1024.jpg 768w, https:\/\/www.iessenara.es\/Revista\/wp-content\/uploads\/2025\/03\/Imagen-de-WhatsApp-2025-03-15-a-las-11.16.41_0c7aeb07-225x300.jpg 225w, https:\/\/www.iessenara.es\/Revista\/wp-content\/uploads\/2025\/03\/Imagen-de-WhatsApp-2025-03-15-a-las-11.16.41_0c7aeb07-1152x1536.jpg 1152w, https:\/\/www.iessenara.es\/Revista\/wp-content\/uploads\/2025\/03\/Imagen-de-WhatsApp-2025-03-15-a-las-11.16.41_0c7aeb07.jpg 1536w\" sizes=\"(max-width: 768px) 100vw, 768px\" \/><\/figure><\/li><li class=\"wp-block-jetpack-slideshow_slide swiper-slide\"><figure><img decoding=\"async\" loading=\"lazy\" width=\"1024\" height=\"665\" alt=\"\" class=\"wp-block-jetpack-slideshow_image wp-image-5269\" data-id=\"5269\" src=\"http:\/\/www.iessenara.es\/Revista\/wp-content\/uploads\/2025\/03\/Imagen-de-WhatsApp-2025-03-15-a-las-11.16.41_e90e976f-1024x665.jpg\" srcset=\"https:\/\/www.iessenara.es\/Revista\/wp-content\/uploads\/2025\/03\/Imagen-de-WhatsApp-2025-03-15-a-las-11.16.41_e90e976f-1024x665.jpg 1024w, https:\/\/www.iessenara.es\/Revista\/wp-content\/uploads\/2025\/03\/Imagen-de-WhatsApp-2025-03-15-a-las-11.16.41_e90e976f-300x195.jpg 300w, https:\/\/www.iessenara.es\/Revista\/wp-content\/uploads\/2025\/03\/Imagen-de-WhatsApp-2025-03-15-a-las-11.16.41_e90e976f-768x498.jpg 768w, https:\/\/www.iessenara.es\/Revista\/wp-content\/uploads\/2025\/03\/Imagen-de-WhatsApp-2025-03-15-a-las-11.16.41_e90e976f.jpg 1080w\" sizes=\"(max-width: 1024px) 100vw, 1024px\" \/><\/figure><\/li><li class=\"wp-block-jetpack-slideshow_slide swiper-slide\"><figure><img decoding=\"async\" loading=\"lazy\" width=\"596\" height=\"1024\" alt=\"\" class=\"wp-block-jetpack-slideshow_image wp-image-5270\" data-id=\"5270\" src=\"http:\/\/www.iessenara.es\/Revista\/wp-content\/uploads\/2025\/03\/Imagen-de-WhatsApp-2025-03-15-a-las-11.16.41_f15552ac-596x1024.jpg\" srcset=\"https:\/\/www.iessenara.es\/Revista\/wp-content\/uploads\/2025\/03\/Imagen-de-WhatsApp-2025-03-15-a-las-11.16.41_f15552ac-596x1024.jpg 596w, https:\/\/www.iessenara.es\/Revista\/wp-content\/uploads\/2025\/03\/Imagen-de-WhatsApp-2025-03-15-a-las-11.16.41_f15552ac-175x300.jpg 175w, https:\/\/www.iessenara.es\/Revista\/wp-content\/uploads\/2025\/03\/Imagen-de-WhatsApp-2025-03-15-a-las-11.16.41_f15552ac-768x1319.jpg 768w, https:\/\/www.iessenara.es\/Revista\/wp-content\/uploads\/2025\/03\/Imagen-de-WhatsApp-2025-03-15-a-las-11.16.41_f15552ac-894x1536.jpg 894w, https:\/\/www.iessenara.es\/Revista\/wp-content\/uploads\/2025\/03\/Imagen-de-WhatsApp-2025-03-15-a-las-11.16.41_f15552ac.jpg 1080w\" sizes=\"(max-width: 596px) 100vw, 596px\" \/><\/figure><\/li><\/ul><a class=\"wp-block-jetpack-slideshow_button-prev swiper-button-prev swiper-button-white\" role=\"button\"><\/a><a class=\"wp-block-jetpack-slideshow_button-next swiper-button-next swiper-button-white\" role=\"button\"><\/a><a aria-label=\"Pause Slideshow\" class=\"wp-block-jetpack-slideshow_button-pause\" role=\"button\"><\/a><div class=\"wp-block-jetpack-slideshow_pagination swiper-pagination swiper-pagination-white\"><\/div><\/div><\/div>\n","protected":false},"excerpt":{"rendered":"<p>AUTORA: Sandra Guti\u00e9rrez Becares (3.\u00ba ESO A) El 22 de febrero, d\u00eda en el que se organizaba la First Lego League, nuestra selecci\u00f3n de alumnos de 3.\u00ba de la ESO se dirige a la&#46;&#46;&#46;<\/p>\n","protected":false},"author":3,"featured_media":5273,"comment_status":"open","ping_status":"open","sticky":false,"template":"","format":"standard","meta":{"jetpack_post_was_ever_published":false,"jetpack_publicize_message":"","jetpack_is_tweetstorm":false,"jetpack_publicize_feature_enabled":true,"jetpack_social_options":[]},"categories":[6],"tags":[479,447],"jetpack_publicize_connections":[],"jetpack_featured_media_url":"https:\/\/www.iessenara.es\/Revista\/wp-content\/uploads\/2025\/03\/Participacion-First-Lego-League-2025-16_9.jpg","jetpack_sharing_enabled":true,"jetpack_shortlink":"https:\/\/wp.me\/p5mbkp-1mU","_links":{"self":[{"href":"https:\/\/www.iessenara.es\/Revista\/index.php?rest_route=\/wp\/v2\/posts\/5264"}],"collection":[{"href":"https:\/\/www.iessenara.es\/Revista\/index.php?rest_route=\/wp\/v2\/posts"}],"about":[{"href":"https:\/\/www.iessenara.es\/Revista\/index.php?rest_route=\/wp\/v2\/types\/post"}],"author":[{"embeddable":true,"href":"https:\/\/www.iessenara.es\/Revista\/index.php?rest_route=\/wp\/v2\/users\/3"}],"replies":[{"embeddable":true,"href":"https:\/\/www.iessenara.es\/Revista\/index.php?rest_route=%2Fwp%2Fv2%2Fcomments&post=5264"}],"version-history":[{"count":4,"href":"https:\/\/www.iessenara.es\/Revista\/index.php?rest_route=\/wp\/v2\/posts\/5264\/revisions"}],"predecessor-version":[{"id":5276,"href":"https:\/\/www.iessenara.es\/Revista\/index.php?rest_route=\/wp\/v2\/posts\/5264\/revisions\/5276"}],"wp:featuredmedia":[{"embeddable":true,"href":"https:\/\/www.iessenara.es\/Revista\/index.php?rest_route=\/wp\/v2\/media\/5273"}],"wp:attachment":[{"href":"https:\/\/www.iessenara.es\/Revista\/index.php?rest_route=%2Fwp%2Fv2%2Fmedia&parent=5264"}],"wp:term":[{"taxonomy":"category","embeddable":true,"href":"https:\/\/www.iessenara.es\/Revista\/index.php?rest_route=%2Fwp%2Fv2%2Fcategories&post=5264"},{"taxonomy":"post_tag","embeddable":true,"href":"https:\/\/www.iessenara.es\/Revista\/index.php?rest_route=%2Fwp%2Fv2%2Ftags&post=5264"}],"curies":[{"name":"wp","href":"https:\/\/api.w.org\/{rel}","templated":true}]}}