{"id":5278,"date":"2025-03-21T09:29:29","date_gmt":"2025-03-21T08:29:29","guid":{"rendered":"http:\/\/www.iessenara.es\/Revista\/?p=5278"},"modified":"2025-03-21T09:29:30","modified_gmt":"2025-03-21T08:29:30","slug":"entrevista-a-daniel-ruano-martin","status":"publish","type":"post","link":"https:\/\/www.iessenara.es\/Revista\/?p=5278","title":{"rendered":"Entrevista a Daniel Ruano Mart\u00edn"},"content":{"rendered":"\n<p>\u00a1Hola! Soy Daniel Ruano Mart\u00edn alumno del IES Senara de la clase de 3.\u00ba ESO C. Hoy vengo aqu\u00ed a hablaros de la bater\u00eda, que es el instrumento que yo toco.\u00a0<\/p>\n\n\n\n<p><strong>\u00bfC\u00f3mo empezaste a tocar la bater\u00eda?<\/strong>&nbsp;<\/p>\n\n\n\n<p>Bueno, es una historia particular, de peque\u00f1o ten\u00eda una bater\u00eda peque\u00f1a, muy simple, la cual yo tocaba. Un d\u00eda hice un ritmo que sonaba bien y mis padres decidieron apuntarme a una escuela de m\u00fasica. Eso fue cuando ten\u00eda 5 a\u00f1os, los dos primeros a\u00f1os estuve dando los principios de la m\u00fasica y luego tuve que decidirme por un instrumento. Estaba indeciso porque no sab\u00eda si escoger la guitarra, el piano o la bater\u00eda. En los primeros a\u00f1os iba a la academia los mi\u00e9rcoles por la tarde, iba unas dos horas, la primera a bater\u00eda y la segunda a lenguaje musical; luego, en Navidades y en fin de curso nos prepar\u00e1bamos una canci\u00f3n todos los alumnos y la toc\u00e1bamos en el auditorio. En 2020, la escuela cerr\u00f3 por la pandemia y estuve practicando en mi casa, tambi\u00e9n aprend\u00ed muchas canciones. El a\u00f1o siguiente, mi profesor de bater\u00eda Christian Murgui (bater\u00eda de <em>La Huella<\/em>) segu\u00eda dando clases, pero no en la academia, ten\u00eda una nave en el pol\u00edgono de los Villares en la cual daba clases particulares. Actualmente sigo con el mismo profesor, pero tocando en distinta nave.&nbsp;<\/p>\n\n\n\n<p><strong>\u00bfCu\u00e1les fueron tus primeras influencias musicales?<\/strong>&nbsp;<\/p>\n\n\n\n<p>Yo creo que fue Estopa, debido a que ten\u00edamos unos discos y a veces los pon\u00eda, tampoco lo puedo saber muy bien.&nbsp;<\/p>\n\n\n\n<p><strong>\u00bfTienes alguna rutina de pr\u00e1ctica diaria?<\/strong>&nbsp;<\/p>\n\n\n\n<p>Suelo practicar canciones que he tocado antes y luego la canci\u00f3n que me ha mandado estudiar mi profesor.&nbsp;<\/p>\n\n\n\n<p><strong>\u00bfHas tocado alguna vez con alg\u00fan grupo?<\/strong>&nbsp;<\/p>\n\n\n\n<p>S\u00ed, en las dos \u00faltimas audiciones que hemos tenido, he tocado con amigos de mi profesor que eran antiguos integrantes de algunas orquestas. Algunos viernes, mi profesor va a tocar a un bar que se llama \u201cLiverpool pub\u201d en el cual hacen jam session y a veces, salgo yo a tocar alguna canci\u00f3n.&nbsp;<\/p>\n\n\n\n<p><strong>\u00bfTienes bater\u00eda ac\u00fastica o electr\u00f3nica?<\/strong>&nbsp;<\/p>\n\n\n\n<p>En mi caso, como vivo en un pueblo tengo una bater\u00eda ac\u00fastica, pero todav\u00eda hay que darle unos peque\u00f1os retoques para que suene mejor.&nbsp;<\/p>\n\n\n\n<p><strong>\u00bfQu\u00e9 consejo le dar\u00edas a alguien que est\u00e1 empezando con la bater\u00eda?<\/strong>&nbsp;<\/p>\n\n\n\n<p>Importante que no se desanime, que siga practicando, pero sin que se agobie y, sobre todo, que intente practicar canciones que le gusten, eso ayuda tambi\u00e9n.&nbsp;<\/p>\n\n\n\n<p><strong>\u00bfTienes alg\u00fan proyecto futuro en mente?<\/strong>&nbsp;<\/p>\n\n\n\n<p>Bueno, eso se ver\u00e1 pronto, si sigo as\u00ed a lo mejor dentro de unos a\u00f1os me veo tocando en alguna verbena de un pueblo, pero eso s\u00ed, como un hobby y no una profesi\u00f3n.&nbsp;<\/p>\n\n\n\n<figure class=\"wp-block-image size-full\"><a href=\"http:\/\/www.iessenara.es\/Revista\/wp-content\/uploads\/2025\/03\/tmp_1741903038369-rotated.jpg\"><img decoding=\"async\" loading=\"lazy\" width=\"768\" height=\"800\" src=\"http:\/\/www.iessenara.es\/Revista\/wp-content\/uploads\/2025\/03\/tmp_1741903038369-rotated.jpg\" alt=\"\" class=\"wp-image-5279\" srcset=\"https:\/\/www.iessenara.es\/Revista\/wp-content\/uploads\/2025\/03\/tmp_1741903038369-rotated.jpg 768w, https:\/\/www.iessenara.es\/Revista\/wp-content\/uploads\/2025\/03\/tmp_1741903038369-288x300.jpg 288w\" sizes=\"(max-width: 768px) 100vw, 768px\" \/><\/a><\/figure>\n","protected":false},"excerpt":{"rendered":"<p>\u00a1Hola! Soy Daniel Ruano Mart\u00edn alumno del IES Senara de la clase de 3.\u00ba ESO C. Hoy vengo aqu\u00ed a hablaros de la bater\u00eda, que es el instrumento que yo toco.\u00a0 \u00bfC\u00f3mo empezaste a&#46;&#46;&#46;<\/p>\n","protected":false},"author":3,"featured_media":5280,"comment_status":"open","ping_status":"open","sticky":false,"template":"","format":"standard","meta":{"jetpack_post_was_ever_published":false,"jetpack_publicize_message":"","jetpack_is_tweetstorm":false,"jetpack_publicize_feature_enabled":true,"jetpack_social_options":[]},"categories":[10],"tags":[522,95],"jetpack_publicize_connections":[],"jetpack_featured_media_url":"https:\/\/www.iessenara.es\/Revista\/wp-content\/uploads\/2025\/03\/Daniel-Ruano-Martin_16_9.jpg","jetpack_sharing_enabled":true,"jetpack_shortlink":"https:\/\/wp.me\/p5mbkp-1n8","_links":{"self":[{"href":"https:\/\/www.iessenara.es\/Revista\/index.php?rest_route=\/wp\/v2\/posts\/5278"}],"collection":[{"href":"https:\/\/www.iessenara.es\/Revista\/index.php?rest_route=\/wp\/v2\/posts"}],"about":[{"href":"https:\/\/www.iessenara.es\/Revista\/index.php?rest_route=\/wp\/v2\/types\/post"}],"author":[{"embeddable":true,"href":"https:\/\/www.iessenara.es\/Revista\/index.php?rest_route=\/wp\/v2\/users\/3"}],"replies":[{"embeddable":true,"href":"https:\/\/www.iessenara.es\/Revista\/index.php?rest_route=%2Fwp%2Fv2%2Fcomments&post=5278"}],"version-history":[{"count":2,"href":"https:\/\/www.iessenara.es\/Revista\/index.php?rest_route=\/wp\/v2\/posts\/5278\/revisions"}],"predecessor-version":[{"id":5282,"href":"https:\/\/www.iessenara.es\/Revista\/index.php?rest_route=\/wp\/v2\/posts\/5278\/revisions\/5282"}],"wp:featuredmedia":[{"embeddable":true,"href":"https:\/\/www.iessenara.es\/Revista\/index.php?rest_route=\/wp\/v2\/media\/5280"}],"wp:attachment":[{"href":"https:\/\/www.iessenara.es\/Revista\/index.php?rest_route=%2Fwp%2Fv2%2Fmedia&parent=5278"}],"wp:term":[{"taxonomy":"category","embeddable":true,"href":"https:\/\/www.iessenara.es\/Revista\/index.php?rest_route=%2Fwp%2Fv2%2Fcategories&post=5278"},{"taxonomy":"post_tag","embeddable":true,"href":"https:\/\/www.iessenara.es\/Revista\/index.php?rest_route=%2Fwp%2Fv2%2Ftags&post=5278"}],"curies":[{"name":"wp","href":"https:\/\/api.w.org\/{rel}","templated":true}]}}