{"id":5284,"date":"2025-03-29T15:20:23","date_gmt":"2025-03-29T14:20:23","guid":{"rendered":"http:\/\/www.iessenara.es\/Revista\/?p=5284"},"modified":"2025-03-29T15:21:52","modified_gmt":"2025-03-29T14:21:52","slug":"visita-al-centro-de-interpretacion-de-la-mineria-romana-del-cabaco","status":"publish","type":"post","link":"https:\/\/www.iessenara.es\/Revista\/?p=5284","title":{"rendered":"Visita al centro de interpretaci\u00f3n de la Miner\u00eda Romana del Cabaco"},"content":{"rendered":"\n<p>AUTOR: Dpto. de Cultura Cl\u00e1sica.<\/p>\n\n\n\n<p>La visita al centro de interpretaci\u00f3n del mi\u00e9rcoles 26 de marzo ofreci\u00f3 a los alumnos una visi\u00f3n detallada de la miner\u00eda romana. Las exposiciones interactivas y los modelos a escala permitieron a los estudiantes comprender mejor las t\u00e9cnicas utilizadas, como los surcos convergentes. Sin embargo, algunos alumnos encontraron la informaci\u00f3n un poco densa y dif\u00edcil de asimilar en su totalidad.<\/p>\n\n\n\n<figure class=\"wp-block-image size-full\"><a href=\"http:\/\/www.iessenara.es\/Revista\/wp-content\/uploads\/2025\/03\/Mineria-romana-1.jpg\"><img decoding=\"async\" loading=\"lazy\" width=\"808\" height=\"404\" src=\"http:\/\/www.iessenara.es\/Revista\/wp-content\/uploads\/2025\/03\/Mineria-romana-1.jpg\" alt=\"\" class=\"wp-image-5285\" srcset=\"https:\/\/www.iessenara.es\/Revista\/wp-content\/uploads\/2025\/03\/Mineria-romana-1.jpg 808w, https:\/\/www.iessenara.es\/Revista\/wp-content\/uploads\/2025\/03\/Mineria-romana-1-300x150.jpg 300w, https:\/\/www.iessenara.es\/Revista\/wp-content\/uploads\/2025\/03\/Mineria-romana-1-768x384.jpg 768w\" sizes=\"(max-width: 808px) 100vw, 808px\" \/><\/a><\/figure>\n\n\n\n<p><\/p>\n\n\n\n<p>La miner\u00eda del oro en la \u00e9poca romana fue una actividad de gran importancia econ\u00f3mica y tecnol\u00f3gica. Una de las t\u00e9cnicas m\u00e1s destacadas fue la de los surcos convergentes<a id=\"_ednref1\" href=\"#_edn1\">[i]<\/a>, que consist\u00eda en la creaci\u00f3n de canales que dirig\u00edan el agua hacia un punto com\u00fan para erosionar el terreno y liberar el oro, que es la t\u00e9cnica que se utiliz\u00f3 aqu\u00ed concretamente.<\/p>\n\n\n\n<figure class=\"wp-block-image size-full\"><a href=\"http:\/\/www.iessenara.es\/Revista\/wp-content\/uploads\/2025\/03\/Mineria-romana-2.jpg\"><img decoding=\"async\" loading=\"lazy\" width=\"817\" height=\"447\" src=\"http:\/\/www.iessenara.es\/Revista\/wp-content\/uploads\/2025\/03\/Mineria-romana-2.jpg\" alt=\"\" class=\"wp-image-5286\" srcset=\"https:\/\/www.iessenara.es\/Revista\/wp-content\/uploads\/2025\/03\/Mineria-romana-2.jpg 817w, https:\/\/www.iessenara.es\/Revista\/wp-content\/uploads\/2025\/03\/Mineria-romana-2-300x164.jpg 300w, https:\/\/www.iessenara.es\/Revista\/wp-content\/uploads\/2025\/03\/Mineria-romana-2-768x420.jpg 768w\" sizes=\"(max-width: 817px) 100vw, 817px\" \/><\/a><\/figure>\n\n\n\n<hr class=\"wp-block-separator has-alpha-channel-opacity\" \/>\n\n\n\n<p>Otra t\u00e9cnica, conocida como \u00abruina montium\u00bb, permit\u00eda extraer grandes cantidades de mineral con un esfuerzo relativamente bajo, aprovechando la fuerza del agua, t\u00e9cnica empleada, por ejemplo, en \u201cLas M\u00e9dulas\u201d de Le\u00f3n.<\/p>\n\n\n\n<figure class=\"wp-block-image size-full\"><a href=\"http:\/\/www.iessenara.es\/Revista\/wp-content\/uploads\/2025\/03\/Mineria-romana-3.jpg\"><img decoding=\"async\" loading=\"lazy\" width=\"815\" height=\"408\" src=\"http:\/\/www.iessenara.es\/Revista\/wp-content\/uploads\/2025\/03\/Mineria-romana-3.jpg\" alt=\"\" class=\"wp-image-5287\" srcset=\"https:\/\/www.iessenara.es\/Revista\/wp-content\/uploads\/2025\/03\/Mineria-romana-3.jpg 815w, https:\/\/www.iessenara.es\/Revista\/wp-content\/uploads\/2025\/03\/Mineria-romana-3-300x150.jpg 300w, https:\/\/www.iessenara.es\/Revista\/wp-content\/uploads\/2025\/03\/Mineria-romana-3-768x384.jpg 768w\" sizes=\"(max-width: 815px) 100vw, 815px\" \/><\/a><\/figure>\n\n\n\n<p><\/p>\n\n\n\n<p><strong>Ruta Guiada por Las Cavenes<\/strong><\/p>\n\n\n\n<p>La ruta de 3 km por \u201cLas Cavenes\u201d, guiada por un experto, fue una experiencia educativa y pr\u00e1ctica. El gu\u00eda explic\u00f3 de manera detallada el proceso de extracci\u00f3n del oro y la vida de los mineros romanos. La caminata, aunque desafiante para algunos, permiti\u00f3 a los estudiantes experimentar de primera mano el entorno natural y arqueol\u00f3gico de la zona, haciendo que la historia cobrara vida.<\/p>\n\n\n\n<p><strong>Aspectos Positivos<\/strong><\/p>\n\n\n\n<ul>\n<li><strong>Interactividad<\/strong>: Las exposiciones interactivas del centro ayudaron a los alumnos a conectar mejor con la historia.<\/li>\n\n\n\n<li><strong>Entorno Natural<\/strong>: La belleza del paisaje y la riqueza arqueol\u00f3gica de \u201cLas Cavenes\u201d a\u00f1adieron un valor especial a la visita.<\/li>\n<\/ul>\n\n\n\n<p><strong>Aspectos a Mejorar<\/strong><\/p>\n\n\n\n<ul>\n<li><strong>Cantidad de Informaci\u00f3n<\/strong>: algunos alumnos encontraron la informaci\u00f3n del centro un poco densa.<\/li>\n\n\n\n<li><strong>Problemas t\u00e9cnicos y humanos<\/strong>: el gu\u00eda ten\u00eda problemas de voz, por lo que no pod\u00eda hablar mucho y se le entend\u00eda mal. No trajeron, como en otras ocasiones, altavoces para o\u00edr m\u00e1s claramente la visita guiada en grupo, por lo que se tuvo que recurrir a escuchar las explicaciones a trav\u00e9s de los m\u00f3viles con un c\u00f3digo QR. Este hecho motivo que se formaran peque\u00f1os grupos para realizar la actividad con un solo m\u00f3vil por grupo, pero el recinto era demasiado peque\u00f1o como para poder hacerlo con orden y control.<\/li>\n\n\n\n<li><strong>Dificultad de la Ruta<\/strong>: La caminata de 3 km fue algo desafiante para algunos estudiantes, especialmente los m\u00e1s j\u00f3venes; adem\u00e1s, se produjeron algunos momentos de confusi\u00f3n en las paradas explicativas porque la gente se adelantaba y hab\u00eda que volver para atr\u00e1s, cuesti\u00f3n que deber\u00eda haber solventado el gu\u00eda.<\/li>\n<\/ul>\n\n\n\n<p><strong>Conclusi\u00f3n<\/strong><\/p>\n\n\n\n<p>En general, la visita al Centro de Interpretaci\u00f3n de la Miner\u00eda Romana de El Cabaco y la ruta guiada por \u201cLas Cavenes\u201d fue una experiencia educativa y enriquecedora. A pesar de algunos desaf\u00edos, los alumnos pudieron aprender de manera pr\u00e1ctica y divertida sobre la historia y la tecnolog\u00eda de la miner\u00eda romana, lo que sin duda complementar\u00e1 sus estudios en el aula.<\/p>\n\n\n\n<div class=\"wp-block-jetpack-slideshow aligncenter\" data-effect=\"slide\"><div class=\"wp-block-jetpack-slideshow_container swiper-container\"><ul class=\"wp-block-jetpack-slideshow_swiper-wrapper swiper-wrapper\"><li class=\"wp-block-jetpack-slideshow_slide swiper-slide\"><figure><img decoding=\"async\" loading=\"lazy\" width=\"1024\" height=\"768\" alt=\"\" class=\"wp-block-jetpack-slideshow_image wp-image-5289\" data-id=\"5289\" src=\"http:\/\/www.iessenara.es\/Revista\/wp-content\/uploads\/2025\/03\/WhatsApp-Image-2025-03-28-at-12.54.01-1024x768.jpeg\" srcset=\"https:\/\/www.iessenara.es\/Revista\/wp-content\/uploads\/2025\/03\/WhatsApp-Image-2025-03-28-at-12.54.01-1024x768.jpeg 1024w, https:\/\/www.iessenara.es\/Revista\/wp-content\/uploads\/2025\/03\/WhatsApp-Image-2025-03-28-at-12.54.01-300x225.jpeg 300w, https:\/\/www.iessenara.es\/Revista\/wp-content\/uploads\/2025\/03\/WhatsApp-Image-2025-03-28-at-12.54.01-768x576.jpeg 768w, https:\/\/www.iessenara.es\/Revista\/wp-content\/uploads\/2025\/03\/WhatsApp-Image-2025-03-28-at-12.54.01-1536x1152.jpeg 1536w, https:\/\/www.iessenara.es\/Revista\/wp-content\/uploads\/2025\/03\/WhatsApp-Image-2025-03-28-at-12.54.01.jpeg 1600w\" sizes=\"(max-width: 1024px) 100vw, 1024px\" \/><\/figure><\/li><li class=\"wp-block-jetpack-slideshow_slide swiper-slide\"><figure><img decoding=\"async\" loading=\"lazy\" width=\"1024\" height=\"768\" alt=\"\" class=\"wp-block-jetpack-slideshow_image wp-image-5288\" data-id=\"5288\" src=\"http:\/\/www.iessenara.es\/Revista\/wp-content\/uploads\/2025\/03\/WhatsApp-Image-2025-03-28-at-12.54.00-1024x768.jpeg\" srcset=\"https:\/\/www.iessenara.es\/Revista\/wp-content\/uploads\/2025\/03\/WhatsApp-Image-2025-03-28-at-12.54.00-1024x768.jpeg 1024w, https:\/\/www.iessenara.es\/Revista\/wp-content\/uploads\/2025\/03\/WhatsApp-Image-2025-03-28-at-12.54.00-300x225.jpeg 300w, https:\/\/www.iessenara.es\/Revista\/wp-content\/uploads\/2025\/03\/WhatsApp-Image-2025-03-28-at-12.54.00-768x576.jpeg 768w, https:\/\/www.iessenara.es\/Revista\/wp-content\/uploads\/2025\/03\/WhatsApp-Image-2025-03-28-at-12.54.00-1536x1152.jpeg 1536w, https:\/\/www.iessenara.es\/Revista\/wp-content\/uploads\/2025\/03\/WhatsApp-Image-2025-03-28-at-12.54.00.jpeg 1600w\" sizes=\"(max-width: 1024px) 100vw, 1024px\" \/><\/figure><\/li><\/ul><a class=\"wp-block-jetpack-slideshow_button-prev swiper-button-prev swiper-button-white\" role=\"button\"><\/a><a class=\"wp-block-jetpack-slideshow_button-next swiper-button-next swiper-button-white\" role=\"button\"><\/a><a aria-label=\"Pause Slideshow\" class=\"wp-block-jetpack-slideshow_button-pause\" role=\"button\"><\/a><div class=\"wp-block-jetpack-slideshow_pagination swiper-pagination swiper-pagination-white\"><\/div><\/div><\/div>\n","protected":false},"excerpt":{"rendered":"<p>AUTOR: Dpto. de Cultura Cl\u00e1sica. La visita al centro de interpretaci\u00f3n del mi\u00e9rcoles 26 de marzo ofreci\u00f3 a los alumnos una visi\u00f3n detallada de la miner\u00eda romana. Las exposiciones interactivas y los modelos a&#46;&#46;&#46;<\/p>\n","protected":false},"author":3,"featured_media":5290,"comment_status":"open","ping_status":"open","sticky":false,"template":"","format":"standard","meta":{"jetpack_post_was_ever_published":false,"jetpack_publicize_message":"","jetpack_is_tweetstorm":false,"jetpack_publicize_feature_enabled":true,"jetpack_social_options":[]},"categories":[6],"tags":[525,524,60,523],"jetpack_publicize_connections":[],"jetpack_featured_media_url":"https:\/\/www.iessenara.es\/Revista\/wp-content\/uploads\/2025\/03\/Mineria-romana-16_9.jpg","jetpack_sharing_enabled":true,"jetpack_shortlink":"https:\/\/wp.me\/p5mbkp-1ne","_links":{"self":[{"href":"https:\/\/www.iessenara.es\/Revista\/index.php?rest_route=\/wp\/v2\/posts\/5284"}],"collection":[{"href":"https:\/\/www.iessenara.es\/Revista\/index.php?rest_route=\/wp\/v2\/posts"}],"about":[{"href":"https:\/\/www.iessenara.es\/Revista\/index.php?rest_route=\/wp\/v2\/types\/post"}],"author":[{"embeddable":true,"href":"https:\/\/www.iessenara.es\/Revista\/index.php?rest_route=\/wp\/v2\/users\/3"}],"replies":[{"embeddable":true,"href":"https:\/\/www.iessenara.es\/Revista\/index.php?rest_route=%2Fwp%2Fv2%2Fcomments&post=5284"}],"version-history":[{"count":4,"href":"https:\/\/www.iessenara.es\/Revista\/index.php?rest_route=\/wp\/v2\/posts\/5284\/revisions"}],"predecessor-version":[{"id":5294,"href":"https:\/\/www.iessenara.es\/Revista\/index.php?rest_route=\/wp\/v2\/posts\/5284\/revisions\/5294"}],"wp:featuredmedia":[{"embeddable":true,"href":"https:\/\/www.iessenara.es\/Revista\/index.php?rest_route=\/wp\/v2\/media\/5290"}],"wp:attachment":[{"href":"https:\/\/www.iessenara.es\/Revista\/index.php?rest_route=%2Fwp%2Fv2%2Fmedia&parent=5284"}],"wp:term":[{"taxonomy":"category","embeddable":true,"href":"https:\/\/www.iessenara.es\/Revista\/index.php?rest_route=%2Fwp%2Fv2%2Fcategories&post=5284"},{"taxonomy":"post_tag","embeddable":true,"href":"https:\/\/www.iessenara.es\/Revista\/index.php?rest_route=%2Fwp%2Fv2%2Ftags&post=5284"}],"curies":[{"name":"wp","href":"https:\/\/api.w.org\/{rel}","templated":true}]}}