{"id":542,"date":"2015-06-05T09:39:44","date_gmt":"2015-06-05T09:39:44","guid":{"rendered":"http:\/\/www.iessenara.es\/Revista\/?p=542"},"modified":"2015-06-05T09:39:44","modified_gmt":"2015-06-05T09:39:44","slug":"levanta-la-mirada","status":"publish","type":"post","link":"https:\/\/www.iessenara.es\/Revista\/?p=542","title":{"rendered":"Levanta la mirada"},"content":{"rendered":"<p><a href=\"http:\/\/www.iessenara.es\/Revista\/wp-content\/uploads\/2015\/05\/Sayago.jpg\"><img decoding=\"async\" loading=\"lazy\" class=\"aligncenter wp-image-544\" src=\"http:\/\/www.iessenara.es\/Revista\/wp-content\/uploads\/2015\/05\/Sayago-300x225.jpg\" alt=\"Sayago\" width=\"500\" height=\"375\" srcset=\"https:\/\/www.iessenara.es\/Revista\/wp-content\/uploads\/2015\/05\/Sayago-300x225.jpg 300w, https:\/\/www.iessenara.es\/Revista\/wp-content\/uploads\/2015\/05\/Sayago-1024x768.jpg 1024w\" sizes=\"(max-width: 500px) 100vw, 500px\" \/><\/a><\/p>\n<p><span style=\"color: #000000\">Uno de nuestros defectos es que siempre caminamos mirando al suelo, quiz\u00e1s sin darnos cuenta, para no tropezarnos con las piedras del camino, y se nos olvida que, si miramos hacia arriba, el mundo es mucho m\u00e1s m\u00e1gico.<\/span><\/p>\n<p><span style=\"color: #000000\">Si no me cre\u00e9is, haced la prueba: alejaos del pueblo, recorred ese camino que sab\u00e9is que no lleva a ninguna parte, pero que est\u00e1 alejado de las casas, de los vecinos, de la gente, del ruido.<\/span><\/p>\n<p><span style=\"color: #000000\">Cuando os encontr\u00e9is en medio de la nada, mirad hacia arriba, hacia el cielo. Qu\u00e9 estampa tan bonita, \u00bfeh? Sobre todo si tu querido pueblo est\u00e1 en el horizonte, intercalando las peque\u00f1as casas con el azul del cielo y el verde del campo.<\/span><\/p>\n<p><span style=\"color: #000000\">Si\u00e9ntate en alg\u00fan lugar y sigue mirando a tu alrededor; disfruta, descansa, sue\u00f1a, imagina.<\/span><\/p>\n<p><span style=\"color: #000000\">Pero a\u00fan es m\u00e1s especial si os dej\u00e1is llevar por la juventud, esa que ten\u00e9is por ah\u00ed dentro, guardada pero presente.<\/span><\/p>\n<p><span style=\"color: #000000\">En medio de la noche, escapaos, recorred ese mismo camino y sentaos en el mismo lugar. Levantad la mirada y dejaos llevar por la tranquilidad, por la felicidad; sonre\u00edd y vivid.<\/span><\/p>\n<p>&nbsp;<\/p>\n<p style=\"text-align: right\"><span style=\"color: #003300\"><strong>Sandra Manj\u00f3n Miguel\u00a0 (4\u00ba de ESO A)<\/strong><\/span><\/p>\n","protected":false},"excerpt":{"rendered":"<p>Uno de nuestros defectos es que siempre caminamos mirando al suelo, quiz\u00e1s sin darnos cuenta, para no tropezarnos con las piedras del camino, y se nos olvida que, si miramos hacia arriba, el mundo&#46;&#46;&#46;<\/p>\n","protected":false},"author":3,"featured_media":544,"comment_status":"open","ping_status":"open","sticky":false,"template":"","format":"standard","meta":{"jetpack_post_was_ever_published":false,"jetpack_publicize_message":"","jetpack_is_tweetstorm":false,"jetpack_publicize_feature_enabled":true,"jetpack_social_options":[]},"categories":[10,7],"tags":[18,28,21],"jetpack_publicize_connections":[],"jetpack_featured_media_url":"https:\/\/www.iessenara.es\/Revista\/wp-content\/uploads\/2015\/05\/Sayago.jpg","jetpack_sharing_enabled":true,"jetpack_shortlink":"https:\/\/wp.me\/p5mbkp-8K","_links":{"self":[{"href":"https:\/\/www.iessenara.es\/Revista\/index.php?rest_route=\/wp\/v2\/posts\/542"}],"collection":[{"href":"https:\/\/www.iessenara.es\/Revista\/index.php?rest_route=\/wp\/v2\/posts"}],"about":[{"href":"https:\/\/www.iessenara.es\/Revista\/index.php?rest_route=\/wp\/v2\/types\/post"}],"author":[{"embeddable":true,"href":"https:\/\/www.iessenara.es\/Revista\/index.php?rest_route=\/wp\/v2\/users\/3"}],"replies":[{"embeddable":true,"href":"https:\/\/www.iessenara.es\/Revista\/index.php?rest_route=%2Fwp%2Fv2%2Fcomments&post=542"}],"version-history":[{"count":2,"href":"https:\/\/www.iessenara.es\/Revista\/index.php?rest_route=\/wp\/v2\/posts\/542\/revisions"}],"predecessor-version":[{"id":545,"href":"https:\/\/www.iessenara.es\/Revista\/index.php?rest_route=\/wp\/v2\/posts\/542\/revisions\/545"}],"wp:featuredmedia":[{"embeddable":true,"href":"https:\/\/www.iessenara.es\/Revista\/index.php?rest_route=\/wp\/v2\/media\/544"}],"wp:attachment":[{"href":"https:\/\/www.iessenara.es\/Revista\/index.php?rest_route=%2Fwp%2Fv2%2Fmedia&parent=542"}],"wp:term":[{"taxonomy":"category","embeddable":true,"href":"https:\/\/www.iessenara.es\/Revista\/index.php?rest_route=%2Fwp%2Fv2%2Fcategories&post=542"},{"taxonomy":"post_tag","embeddable":true,"href":"https:\/\/www.iessenara.es\/Revista\/index.php?rest_route=%2Fwp%2Fv2%2Ftags&post=542"}],"curies":[{"name":"wp","href":"https:\/\/api.w.org\/{rel}","templated":true}]}}