{"id":5632,"date":"2025-05-28T08:55:34","date_gmt":"2025-05-28T07:55:34","guid":{"rendered":"http:\/\/www.iessenara.es\/Revista\/?p=5632"},"modified":"2025-05-28T09:02:05","modified_gmt":"2025-05-28T08:02:05","slug":"jornadas-de-convivencia-en-toledo-y-el-puy-du-fou-de-los-alumnos-de-3-o-eso-de-religion-y-algunos-de-maes-con-los-alumnos-del-torrente-ballester-de-santa-marta","status":"publish","type":"post","link":"https:\/\/www.iessenara.es\/Revista\/?p=5632","title":{"rendered":"Jornadas de convivencia en Toledo y el Puy du Fou de los alumnos de 3.\u00ba ESO de religi\u00f3n y algunos de MAES con los alumnos del Torrente Ballester de Santa Marta\u00a0"},"content":{"rendered":"\n<p>AUTORES: M\u00edriam Mart\u00edn Alonso (Dpto. de M\u00fasica) y Luis Mart\u00edn Figuero (Religi\u00f3n).<\/p>\n\n\n\n<p> <\/p>\n\n\n\n<p>Los d\u00edas 8 y 9 de mayo los alumnos de 3.\u00ba ESO de religi\u00f3n, junto con seis alumnos de MAES, acompa\u00f1ados de los profesores Miriam Mart\u00edn Alonso y Luis Mart\u00edn Figuero, compartieron unos d\u00edas de convivencia con alumnos de 3.\u00ba ESO del Torrente Ballester de Santa Marta, en la ciudad de Toledo, donde visitaron algunos de los lugares m\u00e1s emblem\u00e1ticos de Toledo y disfrutaron de los espect\u00e1culos que el parque tem\u00e1tico Puy du Fou ofrece a los visitantes.&nbsp;&nbsp;<\/p>\n\n\n\n<figure class=\"wp-block-image size-large\"><a href=\"http:\/\/www.iessenara.es\/Revista\/wp-content\/uploads\/2025\/05\/Toledo-16-2.jpg\"><img decoding=\"async\" loading=\"lazy\" width=\"756\" height=\"1024\" src=\"http:\/\/www.iessenara.es\/Revista\/wp-content\/uploads\/2025\/05\/Toledo-16-2-756x1024.jpg\" alt=\"\" class=\"wp-image-5635\" srcset=\"https:\/\/www.iessenara.es\/Revista\/wp-content\/uploads\/2025\/05\/Toledo-16-2-756x1024.jpg 756w, https:\/\/www.iessenara.es\/Revista\/wp-content\/uploads\/2025\/05\/Toledo-16-2-221x300.jpg 221w, https:\/\/www.iessenara.es\/Revista\/wp-content\/uploads\/2025\/05\/Toledo-16-2-768x1041.jpg 768w, https:\/\/www.iessenara.es\/Revista\/wp-content\/uploads\/2025\/05\/Toledo-16-2-1134x1536.jpg 1134w, https:\/\/www.iessenara.es\/Revista\/wp-content\/uploads\/2025\/05\/Toledo-16-2.jpg 1152w\" sizes=\"(max-width: 756px) 100vw, 756px\" \/><\/a><\/figure>\n\n\n\n<p><\/p>\n\n\n\n<p>El d\u00eda 8, despu\u00e9s de asentarnos en el albergue Santa Luisa (Chueca), distribuir las habitaciones y comer, nos dirigimos por la tarde a visitar la iglesia de San Juan de los Reyes, las Sinagogas Santa Mar\u00eda la Blanca y la Sinagoga del Tr\u00e1nsito, pasando por el barrio jud\u00edo Samuel Levi hasta la catedral y el ayuntamiento, terminando en la Plaza Zocodover, donde dejamos un tiempo para que los chicos se desahogaran ellos solos, cenaran e hicieran algunas compras.&nbsp;&nbsp;<\/p>\n\n\n\n<figure class=\"wp-block-image size-large\"><a href=\"http:\/\/www.iessenara.es\/Revista\/wp-content\/uploads\/2025\/05\/Toledo-15-2.jpg\"><img decoding=\"async\" loading=\"lazy\" width=\"779\" height=\"1024\" src=\"http:\/\/www.iessenara.es\/Revista\/wp-content\/uploads\/2025\/05\/Toledo-15-2-779x1024.jpg\" alt=\"\" class=\"wp-image-5636\" srcset=\"https:\/\/www.iessenara.es\/Revista\/wp-content\/uploads\/2025\/05\/Toledo-15-2-779x1024.jpg 779w, https:\/\/www.iessenara.es\/Revista\/wp-content\/uploads\/2025\/05\/Toledo-15-2-228x300.jpg 228w, https:\/\/www.iessenara.es\/Revista\/wp-content\/uploads\/2025\/05\/Toledo-15-2-768x1010.jpg 768w, https:\/\/www.iessenara.es\/Revista\/wp-content\/uploads\/2025\/05\/Toledo-15-2.jpg 1146w\" sizes=\"(max-width: 779px) 100vw, 779px\" \/><\/a><\/figure>\n\n\n\n<p><\/p>\n\n\n\n<p>Sobre las 20.30 nos reunimos todos para ir al Puy du Fou a disfrutar del espect\u00e1culo nocturno \u201c<em>El sue\u00f1o de Toledo<\/em>\u201d (fant\u00e1stico). En \u00e9l hicimos un recorrido hist\u00f3rico por toda la historia de Toledo y Espa\u00f1a en un viaje a trav\u00e9s de 1500 a\u00f1os, desde el reinado de Recaredo hasta la llegada del ferrocarril.\u202fEl espect\u00e1culo, que dura 70 minutos, incluye momentos clave como las Navas de Tolosa, el descubrimiento de Am\u00e9rica, y el desarrollo de la cultura en Toledo.\u202fEl espect\u00e1culo culmina con la llegada del ferrocarril, marcando el inicio de la era industrial y el fin del viaje a trav\u00e9s de la historia.\u202f&nbsp;&nbsp;<\/p>\n\n\n\n<div class=\"wp-block-jetpack-slideshow aligncenter\" data-effect=\"slide\"><div class=\"wp-block-jetpack-slideshow_container swiper-container\"><ul class=\"wp-block-jetpack-slideshow_swiper-wrapper swiper-wrapper\"><li class=\"wp-block-jetpack-slideshow_slide swiper-slide\"><figure><img decoding=\"async\" loading=\"lazy\" width=\"1024\" height=\"576\" alt=\"\" class=\"wp-block-jetpack-slideshow_image wp-image-5637\" data-id=\"5637\" src=\"http:\/\/www.iessenara.es\/Revista\/wp-content\/uploads\/2025\/05\/Toledo-13-1024x576.jpg\" srcset=\"https:\/\/www.iessenara.es\/Revista\/wp-content\/uploads\/2025\/05\/Toledo-13-1024x576.jpg 1024w, https:\/\/www.iessenara.es\/Revista\/wp-content\/uploads\/2025\/05\/Toledo-13-300x169.jpg 300w, https:\/\/www.iessenara.es\/Revista\/wp-content\/uploads\/2025\/05\/Toledo-13-768x432.jpg 768w, https:\/\/www.iessenara.es\/Revista\/wp-content\/uploads\/2025\/05\/Toledo-13-1536x864.jpg 1536w, https:\/\/www.iessenara.es\/Revista\/wp-content\/uploads\/2025\/05\/Toledo-13.jpg 2048w\" sizes=\"(max-width: 1024px) 100vw, 1024px\" \/><\/figure><\/li><li class=\"wp-block-jetpack-slideshow_slide swiper-slide\"><figure><img decoding=\"async\" loading=\"lazy\" width=\"1024\" height=\"576\" alt=\"\" class=\"wp-block-jetpack-slideshow_image wp-image-5638\" data-id=\"5638\" src=\"http:\/\/www.iessenara.es\/Revista\/wp-content\/uploads\/2025\/05\/Toledo-14-1024x576.jpg\" srcset=\"https:\/\/www.iessenara.es\/Revista\/wp-content\/uploads\/2025\/05\/Toledo-14-1024x576.jpg 1024w, https:\/\/www.iessenara.es\/Revista\/wp-content\/uploads\/2025\/05\/Toledo-14-300x169.jpg 300w, https:\/\/www.iessenara.es\/Revista\/wp-content\/uploads\/2025\/05\/Toledo-14-768x432.jpg 768w, https:\/\/www.iessenara.es\/Revista\/wp-content\/uploads\/2025\/05\/Toledo-14-1536x864.jpg 1536w, https:\/\/www.iessenara.es\/Revista\/wp-content\/uploads\/2025\/05\/Toledo-14.jpg 2048w\" sizes=\"(max-width: 1024px) 100vw, 1024px\" \/><\/figure><\/li><\/ul><a class=\"wp-block-jetpack-slideshow_button-prev swiper-button-prev swiper-button-white\" role=\"button\"><\/a><a class=\"wp-block-jetpack-slideshow_button-next swiper-button-next swiper-button-white\" role=\"button\"><\/a><a aria-label=\"Pause Slideshow\" class=\"wp-block-jetpack-slideshow_button-pause\" role=\"button\"><\/a><div class=\"wp-block-jetpack-slideshow_pagination swiper-pagination swiper-pagination-white\"><\/div><\/div><\/div>\n\n\n\n<p>Finalizamos el d\u00eda dirigi\u00e9ndonos al albergue para hacer honor a la ciudad en la que est\u00e1bamos, es decir \u201cpasar una noche toledana\u201d, donde lo que brill\u00f3 por su ausencia fue el sue\u00f1o y el descanso pues los chicos\/as ten\u00edan ganas de jarana y juerga y no nos dejaron dormir en toda la noche.&nbsp;&nbsp;<\/p>\n\n\n\n<p>Todav\u00eda con la lega\u00f1a en nuestros ojos nos levantamos y despu\u00e9s de desayunar, sobre las 10 de la ma\u00f1ana, nos dirigimos nuevamente al Puy du Fou para seguir aprendiendo y disfrutando de la gran variedad de actuaciones que el parque nos ofrece con espect\u00e1culos llenos de historia, cultura y entretenimiento. Este parque tem\u00e1tico se destaca por sus shows en vivo que transportan a los visitantes a diferentes \u00e9pocas y escenarios hist\u00f3ricos, todo con una producci\u00f3n de alta calidad y efectos especiales sorprendentes.&nbsp;&nbsp;<\/p>\n\n\n\n<p>Empezamos la ma\u00f1ana con el espect\u00e1culo \u201c<em>Cetrer\u00eda de Reyes<\/em>\u201d, en \u00e9l se recrea un enfrentamiento a\u00e9reo entre el califa Abderram\u00e1n III y el conde Fern\u00e1n Gonz\u00e1lez, en el a\u00f1o 939, tras la batalla de Simancas.\u202fEl espect\u00e1culo muestra las habilidades cetreras de ambos l\u00edderes, con aves como halcones, serpentarios, grullas, b\u00fahos, \u00e1guilas y milanos, en una competencia que culmina con la boda de un joven pr\u00edncipe y su amada mora, bajo un cielo de aves blancas, simbolizando la paz.&nbsp;&nbsp;<\/p>\n\n\n\n<figure class=\"wp-block-image size-large\"><a href=\"http:\/\/www.iessenara.es\/Revista\/wp-content\/uploads\/2025\/05\/Toledo-10.jpg\"><img decoding=\"async\" loading=\"lazy\" width=\"1024\" height=\"576\" src=\"http:\/\/www.iessenara.es\/Revista\/wp-content\/uploads\/2025\/05\/Toledo-10-1024x576.jpg\" alt=\"\" class=\"wp-image-5639\" srcset=\"https:\/\/www.iessenara.es\/Revista\/wp-content\/uploads\/2025\/05\/Toledo-10-1024x576.jpg 1024w, https:\/\/www.iessenara.es\/Revista\/wp-content\/uploads\/2025\/05\/Toledo-10-300x169.jpg 300w, https:\/\/www.iessenara.es\/Revista\/wp-content\/uploads\/2025\/05\/Toledo-10-768x432.jpg 768w, https:\/\/www.iessenara.es\/Revista\/wp-content\/uploads\/2025\/05\/Toledo-10-1536x864.jpg 1536w, https:\/\/www.iessenara.es\/Revista\/wp-content\/uploads\/2025\/05\/Toledo-10.jpg 2048w\" sizes=\"(max-width: 1024px) 100vw, 1024px\" \/><\/a><\/figure>\n\n\n\n<p><\/p>\n\n\n\n<p>Al finalizar la exhibici\u00f3n de aves fuimos r\u00e1pidamente a disfrutar del segundo espect\u00e1culo de la ma\u00f1ana \u201c<em>El misterio de Sorbaces<\/em>\u201d. En \u00e9l se celebra en secreto una boda prohibida entre una joven romana y un pr\u00edncipe godo, all\u00e1 por el a\u00f1o 589, cuando a\u00fan humeaban las ruinas del imperio romano y coexist\u00edan dos pueblos sin convivir. Esa boda se celebr\u00f3 en presencia de la Santa Reliquia. Pero el rey Recaredo se entera y viene a saquear el pueblo.&nbsp;&nbsp;<\/p>\n\n\n\n<p>Sin darnos tiempo a digerir la belleza del espect\u00e1culo que acab\u00e1bamos de presenciar fuimos corriendo a visionar el \u00faltimo espect\u00e1culo de la ma\u00f1ana \u201c<em>El \u00faltimo cantar<\/em>\u201d, donde se nos narra la vida y haza\u00f1as del Cid Campeador desde sus entrenamientos como escudero en Burgos hasta su muerte en Valencia.&nbsp;&nbsp;<\/p>\n\n\n\n<p>Y sin apenas tiempo para comer nos dirigimos al siguiente espect\u00e1culo \u201c<em>A pluma y espada<\/em>\u201d donde nos sumergimos en las aventuras del ilustre Lope de Vega quien, en esta ocasi\u00f3n cambia la pluma por la espada y los versos por las armas.&nbsp;&nbsp;<\/p>\n\n\n\n<figure class=\"wp-block-image size-large\"><a href=\"http:\/\/www.iessenara.es\/Revista\/wp-content\/uploads\/2025\/05\/Toledo-8.jpg\"><img decoding=\"async\" loading=\"lazy\" width=\"1024\" height=\"576\" src=\"http:\/\/www.iessenara.es\/Revista\/wp-content\/uploads\/2025\/05\/Toledo-8-1024x576.jpg\" alt=\"\" class=\"wp-image-5640\" srcset=\"https:\/\/www.iessenara.es\/Revista\/wp-content\/uploads\/2025\/05\/Toledo-8-1024x576.jpg 1024w, https:\/\/www.iessenara.es\/Revista\/wp-content\/uploads\/2025\/05\/Toledo-8-300x169.jpg 300w, https:\/\/www.iessenara.es\/Revista\/wp-content\/uploads\/2025\/05\/Toledo-8-768x432.jpg 768w, https:\/\/www.iessenara.es\/Revista\/wp-content\/uploads\/2025\/05\/Toledo-8-1536x864.jpg 1536w, https:\/\/www.iessenara.es\/Revista\/wp-content\/uploads\/2025\/05\/Toledo-8.jpg 2048w\" sizes=\"(max-width: 1024px) 100vw, 1024px\" \/><\/a><\/figure>\n\n\n\n<p><\/p>\n\n\n\n<p>Despu\u00e9s de este fant\u00e1stico espect\u00e1culo, el Puy du Fou nos sorprendi\u00f3 con una nueva representaci\u00f3n que ha incorporado este a\u00f1o \u201c<em>El tambor de la libertad<\/em>\u201d, que ensalza la lucha contra Napole\u00f3n en la Guerra de la Independencia. Resalta el m\u00e9rito del pueblo llano al no conformarse con la injusticia que supon\u00eda la ocupaci\u00f3n francesa, a pesar de la superioridad militar del ocupante. La gesta que se relata en el espect\u00e1culo se sit\u00faa en un momento posterior a la Batalla de los Arapiles (Salamanca, 22 de julio de 1812), pero recoge referencias a otros episodios de la Guerra, como los fusilamientos del 3 de mayo en Madrid, la gesta de Agustina de Arag\u00f3n, la del tambor del Bruch o a la guerrillera Martina Ibaibarriaga.&nbsp;<\/p>\n\n\n\n<p>Finalizamos nuestro recorrido embarc\u00e1ndonos en el barco de Col\u00f3n \u201c<em>Allende la mar Oceana<\/em>\u201d, donde nos acercamos al primer viaje de Col\u00f3n a Am\u00e9rica gracias a la buena relaci\u00f3n de Isabel la Cat\u00f3lica con Col\u00f3n.&nbsp;&nbsp;<\/p>\n\n\n\n<figure class=\"wp-block-image size-large\"><a href=\"http:\/\/www.iessenara.es\/Revista\/wp-content\/uploads\/2025\/05\/Toledo-7.jpg\"><img decoding=\"async\" loading=\"lazy\" width=\"1024\" height=\"576\" src=\"http:\/\/www.iessenara.es\/Revista\/wp-content\/uploads\/2025\/05\/Toledo-7-1024x576.jpg\" alt=\"\" class=\"wp-image-5641\" srcset=\"https:\/\/www.iessenara.es\/Revista\/wp-content\/uploads\/2025\/05\/Toledo-7-1024x576.jpg 1024w, https:\/\/www.iessenara.es\/Revista\/wp-content\/uploads\/2025\/05\/Toledo-7-300x169.jpg 300w, https:\/\/www.iessenara.es\/Revista\/wp-content\/uploads\/2025\/05\/Toledo-7-768x432.jpg 768w, https:\/\/www.iessenara.es\/Revista\/wp-content\/uploads\/2025\/05\/Toledo-7-1536x864.jpg 1536w, https:\/\/www.iessenara.es\/Revista\/wp-content\/uploads\/2025\/05\/Toledo-7.jpg 2048w\" sizes=\"(max-width: 1024px) 100vw, 1024px\" \/><\/a><\/figure>\n\n\n\n<p><\/p>\n\n\n\n<p>Ir a Toledo y disfrutar de los espect\u00e1culos que nos ofrece el Puy du Fou es apostar a caballo ganador, como as\u00ed ha sido. La convivencia entre los alumnos de los dos centros ha sido magnifica y lo aprendido y disfrutado tanto de lo visitado en Toledo como en el Puy du Fou ha superado todas nuestras expectativas. Ha sido una experiencia que recomendamos a todo el mundo y que os animamos a vivir en alg\u00fan momento.&nbsp;&nbsp;&nbsp;<\/p>\n\n\n\n<div class=\"wp-block-jetpack-slideshow aligncenter\" data-effect=\"slide\"><div class=\"wp-block-jetpack-slideshow_container swiper-container\"><ul class=\"wp-block-jetpack-slideshow_swiper-wrapper swiper-wrapper\"><li class=\"wp-block-jetpack-slideshow_slide swiper-slide\"><figure><img decoding=\"async\" loading=\"lazy\" width=\"1024\" height=\"768\" alt=\"\" class=\"wp-block-jetpack-slideshow_image wp-image-5643\" data-id=\"5643\" src=\"http:\/\/www.iessenara.es\/Revista\/wp-content\/uploads\/2025\/05\/Toledo-2-1024x768.jpg\" srcset=\"https:\/\/www.iessenara.es\/Revista\/wp-content\/uploads\/2025\/05\/Toledo-2-1024x768.jpg 1024w, https:\/\/www.iessenara.es\/Revista\/wp-content\/uploads\/2025\/05\/Toledo-2-300x225.jpg 300w, https:\/\/www.iessenara.es\/Revista\/wp-content\/uploads\/2025\/05\/Toledo-2-768x576.jpg 768w, https:\/\/www.iessenara.es\/Revista\/wp-content\/uploads\/2025\/05\/Toledo-2-1536x1152.jpg 1536w, https:\/\/www.iessenara.es\/Revista\/wp-content\/uploads\/2025\/05\/Toledo-2.jpg 1600w\" sizes=\"(max-width: 1024px) 100vw, 1024px\" \/><\/figure><\/li><li class=\"wp-block-jetpack-slideshow_slide swiper-slide\"><figure><img decoding=\"async\" loading=\"lazy\" width=\"1024\" height=\"768\" alt=\"\" class=\"wp-block-jetpack-slideshow_image wp-image-5644\" data-id=\"5644\" src=\"http:\/\/www.iessenara.es\/Revista\/wp-content\/uploads\/2025\/05\/Toledo-3-1024x768.jpg\" srcset=\"https:\/\/www.iessenara.es\/Revista\/wp-content\/uploads\/2025\/05\/Toledo-3-1024x768.jpg 1024w, https:\/\/www.iessenara.es\/Revista\/wp-content\/uploads\/2025\/05\/Toledo-3-300x225.jpg 300w, https:\/\/www.iessenara.es\/Revista\/wp-content\/uploads\/2025\/05\/Toledo-3-768x576.jpg 768w, https:\/\/www.iessenara.es\/Revista\/wp-content\/uploads\/2025\/05\/Toledo-3-1536x1152.jpg 1536w, https:\/\/www.iessenara.es\/Revista\/wp-content\/uploads\/2025\/05\/Toledo-3.jpg 1600w\" sizes=\"(max-width: 1024px) 100vw, 1024px\" \/><\/figure><\/li><li class=\"wp-block-jetpack-slideshow_slide swiper-slide\"><figure><img decoding=\"async\" loading=\"lazy\" width=\"1024\" height=\"768\" alt=\"\" class=\"wp-block-jetpack-slideshow_image wp-image-5645\" data-id=\"5645\" src=\"http:\/\/www.iessenara.es\/Revista\/wp-content\/uploads\/2025\/05\/Toledo-4-1024x768.jpg\" srcset=\"https:\/\/www.iessenara.es\/Revista\/wp-content\/uploads\/2025\/05\/Toledo-4-1024x768.jpg 1024w, https:\/\/www.iessenara.es\/Revista\/wp-content\/uploads\/2025\/05\/Toledo-4-300x225.jpg 300w, https:\/\/www.iessenara.es\/Revista\/wp-content\/uploads\/2025\/05\/Toledo-4-768x576.jpg 768w, https:\/\/www.iessenara.es\/Revista\/wp-content\/uploads\/2025\/05\/Toledo-4-1536x1152.jpg 1536w, https:\/\/www.iessenara.es\/Revista\/wp-content\/uploads\/2025\/05\/Toledo-4.jpg 1600w\" sizes=\"(max-width: 1024px) 100vw, 1024px\" \/><\/figure><\/li><li class=\"wp-block-jetpack-slideshow_slide swiper-slide\"><figure><img decoding=\"async\" loading=\"lazy\" width=\"1024\" height=\"768\" alt=\"\" class=\"wp-block-jetpack-slideshow_image wp-image-5646\" data-id=\"5646\" src=\"http:\/\/www.iessenara.es\/Revista\/wp-content\/uploads\/2025\/05\/Toledo-5-1024x768.jpg\" srcset=\"https:\/\/www.iessenara.es\/Revista\/wp-content\/uploads\/2025\/05\/Toledo-5-1024x768.jpg 1024w, https:\/\/www.iessenara.es\/Revista\/wp-content\/uploads\/2025\/05\/Toledo-5-300x225.jpg 300w, https:\/\/www.iessenara.es\/Revista\/wp-content\/uploads\/2025\/05\/Toledo-5-768x576.jpg 768w, https:\/\/www.iessenara.es\/Revista\/wp-content\/uploads\/2025\/05\/Toledo-5-1536x1152.jpg 1536w, https:\/\/www.iessenara.es\/Revista\/wp-content\/uploads\/2025\/05\/Toledo-5.jpg 1600w\" sizes=\"(max-width: 1024px) 100vw, 1024px\" \/><\/figure><\/li><\/ul><a class=\"wp-block-jetpack-slideshow_button-prev swiper-button-prev swiper-button-white\" role=\"button\"><\/a><a class=\"wp-block-jetpack-slideshow_button-next swiper-button-next swiper-button-white\" role=\"button\"><\/a><a aria-label=\"Pause Slideshow\" class=\"wp-block-jetpack-slideshow_button-pause\" role=\"button\"><\/a><div class=\"wp-block-jetpack-slideshow_pagination swiper-pagination swiper-pagination-white\"><\/div><\/div><\/div>\n","protected":false},"excerpt":{"rendered":"<p>AUTORES: M\u00edriam Mart\u00edn Alonso (Dpto. de M\u00fasica) y Luis Mart\u00edn Figuero (Religi\u00f3n). Los d\u00edas 8 y 9 de mayo los alumnos de 3.\u00ba ESO de religi\u00f3n, junto con seis alumnos de MAES, acompa\u00f1ados de&#46;&#46;&#46;<\/p>\n","protected":false},"author":3,"featured_media":5633,"comment_status":"open","ping_status":"open","sticky":false,"template":"","format":"standard","meta":{"jetpack_post_was_ever_published":false,"jetpack_publicize_message":"","jetpack_is_tweetstorm":false,"jetpack_publicize_feature_enabled":true,"jetpack_social_options":[]},"categories":[6],"tags":[441,95,463,33,363],"jetpack_publicize_connections":[],"jetpack_featured_media_url":"https:\/\/www.iessenara.es\/Revista\/wp-content\/uploads\/2025\/05\/Toledo-2025-16_9.jpg","jetpack_sharing_enabled":true,"jetpack_shortlink":"https:\/\/wp.me\/p5mbkp-1sQ","_links":{"self":[{"href":"https:\/\/www.iessenara.es\/Revista\/index.php?rest_route=\/wp\/v2\/posts\/5632"}],"collection":[{"href":"https:\/\/www.iessenara.es\/Revista\/index.php?rest_route=\/wp\/v2\/posts"}],"about":[{"href":"https:\/\/www.iessenara.es\/Revista\/index.php?rest_route=\/wp\/v2\/types\/post"}],"author":[{"embeddable":true,"href":"https:\/\/www.iessenara.es\/Revista\/index.php?rest_route=\/wp\/v2\/users\/3"}],"replies":[{"embeddable":true,"href":"https:\/\/www.iessenara.es\/Revista\/index.php?rest_route=%2Fwp%2Fv2%2Fcomments&post=5632"}],"version-history":[{"count":9,"href":"https:\/\/www.iessenara.es\/Revista\/index.php?rest_route=\/wp\/v2\/posts\/5632\/revisions"}],"predecessor-version":[{"id":5653,"href":"https:\/\/www.iessenara.es\/Revista\/index.php?rest_route=\/wp\/v2\/posts\/5632\/revisions\/5653"}],"wp:featuredmedia":[{"embeddable":true,"href":"https:\/\/www.iessenara.es\/Revista\/index.php?rest_route=\/wp\/v2\/media\/5633"}],"wp:attachment":[{"href":"https:\/\/www.iessenara.es\/Revista\/index.php?rest_route=%2Fwp%2Fv2%2Fmedia&parent=5632"}],"wp:term":[{"taxonomy":"category","embeddable":true,"href":"https:\/\/www.iessenara.es\/Revista\/index.php?rest_route=%2Fwp%2Fv2%2Fcategories&post=5632"},{"taxonomy":"post_tag","embeddable":true,"href":"https:\/\/www.iessenara.es\/Revista\/index.php?rest_route=%2Fwp%2Fv2%2Ftags&post=5632"}],"curies":[{"name":"wp","href":"https:\/\/api.w.org\/{rel}","templated":true}]}}