{"id":5670,"date":"2025-06-09T19:26:17","date_gmt":"2025-06-09T18:26:17","guid":{"rendered":"http:\/\/www.iessenara.es\/Revista\/?p=5670"},"modified":"2025-06-09T19:26:17","modified_gmt":"2025-06-09T18:26:17","slug":"los-alumnos-de-formacion-profesional-basica-ii-realizan-sus-practicas-en-empresas","status":"publish","type":"post","link":"https:\/\/www.iessenara.es\/Revista\/?p=5670","title":{"rendered":"Los alumnos de Formaci\u00f3n Profesional B\u00e1sica II realizan sus pr\u00e1cticas en empresas"},"content":{"rendered":"\n<p>Los alumnos de Formaci\u00f3n Profesional B\u00e1sica II nos cuentan su experiencia en las pr\u00e1cticas en empresas incluidas en el m\u00f3dulo de Formaci\u00f3n en Centro de Trabajo (FCT).&nbsp;<\/p>\n\n\n\n<p class=\"has-drop-cap\">Iv\u00e1n Guti\u00e9rrez Recio ha realizado las pr\u00e1cticas en la empresa Aranpino Sociedad Cooperativa (Cantalpino).<\/p>\n\n\n\n<p><strong>1. \u00bfC\u00f3mo te imaginabas las pr\u00e1cticas antes de entrar?&nbsp;<\/strong><\/p>\n\n\n\n<p>Cre\u00eda que iba a ser m\u00e1s complicado.&nbsp;<\/p>\n\n\n\n<p><strong>2. \u00bfTe gusta el trabajo que est\u00e1s realizando? \u00bfEs complicado?&nbsp;<\/strong><\/p>\n\n\n\n<p>S\u00ed, me gusta. Es bastante f\u00e1cil y, adem\u00e1s, te ayudan mucho.&nbsp;<\/p>\n\n\n\n<p><strong>3. \u00bfC\u00f3mo te recibieron en el sitio al que fuiste?&nbsp;<\/strong><\/p>\n\n\n\n<p>Me recibieron muy bien y me sent\u00ed muy c\u00f3modo.&nbsp;<\/p>\n\n\n\n<p><strong>4. \u00bfEstabas nervioso cuando llegaste?&nbsp;<\/strong><\/p>\n\n\n\n<p>Bastante, pero me puse con el ordenador y se me quitaron los nervios.&nbsp;<\/p>\n\n\n\n<p><strong>5. \u00bfEchas de menos a tus compa\u00f1eros con los que ibas a clase?&nbsp;<\/strong><\/p>\n\n\n\n<p>Un poco s\u00ed.&nbsp;<\/p>\n\n\n\n<p><strong>6. \u00bfSe te ha hecho muy raro el cambio del instituto a una empresa? \u00bfPor qu\u00e9?&nbsp;<\/strong><\/p>\n\n\n\n<p>No, la verdad.&nbsp;<\/p>\n\n\n\n<p><strong>7. Concreta qu\u00e9 tareas has realizado durante tus pr\u00e1cticas.&nbsp;<\/strong><\/p>\n\n\n\n<p>Escanear facturas, hacer albaranes, hoja de c\u00e1lculo, pesar los tractores&#8230;&nbsp;<\/p>\n\n\n\n<p><strong>8. \u00bfEst\u00e1s poniendo en pr\u00e1ctica todo lo que aprendiste?&nbsp;<\/strong><\/p>\n\n\n\n<p>S\u00ed y se me hace m\u00e1s f\u00e1cil por eso.&nbsp;<\/p>\n\n\n\n<p><strong>9. \u00bfQu\u00e9 vas a hacer cuando termines las pr\u00e1cticas?&nbsp;<\/strong><\/p>\n\n\n\n<p>Un grado medio. Todav\u00eda no lo tengo del todo claro, pero seguramente que ser\u00e1 algo de mec\u00e1nica.&nbsp;<\/p>\n\n\n\n<p><strong>10. Despu\u00e9s de hacer las pr\u00e1cticas y ver lo que es, \u00bfseguir\u00edas estudiando servicios administrativos?&nbsp;<\/strong><\/p>\n\n\n\n<p>Pues igual s\u00ed.&nbsp;<\/p>\n\n\n\n<p><strong>11. \u00bfTe gustar\u00eda trabajar en esa empresa alg\u00fan d\u00eda?&nbsp;<\/strong><\/p>\n\n\n\n<p>S\u00ed, me gustar\u00eda.&nbsp;<\/p>\n\n\n\n<figure class=\"wp-block-image size-large\"><a href=\"http:\/\/www.iessenara.es\/Revista\/wp-content\/uploads\/2025\/06\/IVAN.jpeg\"><img decoding=\"async\" loading=\"lazy\" width=\"1024\" height=\"461\" src=\"http:\/\/www.iessenara.es\/Revista\/wp-content\/uploads\/2025\/06\/IVAN-1024x461.jpeg\" alt=\"\" class=\"wp-image-5671\" srcset=\"https:\/\/www.iessenara.es\/Revista\/wp-content\/uploads\/2025\/06\/IVAN-1024x461.jpeg 1024w, https:\/\/www.iessenara.es\/Revista\/wp-content\/uploads\/2025\/06\/IVAN-300x135.jpeg 300w, https:\/\/www.iessenara.es\/Revista\/wp-content\/uploads\/2025\/06\/IVAN-768x346.jpeg 768w, https:\/\/www.iessenara.es\/Revista\/wp-content\/uploads\/2025\/06\/IVAN-1536x691.jpeg 1536w, https:\/\/www.iessenara.es\/Revista\/wp-content\/uploads\/2025\/06\/IVAN.jpeg 2000w\" sizes=\"(max-width: 1024px) 100vw, 1024px\" \/><\/a><\/figure>\n\n\n\n<p><\/p>\n\n\n\n<p class=\"has-drop-cap\">Iker Lobera Gonz\u00e1lez ha realizado las pr\u00e1cticas en el Colegio Rural Agrupado Campopetre de Cantalapiedra.<\/p>\n\n\n\n<p><strong>1. \u00bfC\u00f3mo te imaginabas las pr\u00e1cticas antes de entrar?&nbsp;<\/strong><\/p>\n\n\n\n<p>La verdad es que me las imaginaba m\u00e1s duras, pero para nada han sido como imagin\u00e9.&nbsp;<\/p>\n\n\n\n<p><strong>2. \u00bfTe gusta el trabajo que est\u00e1s realizando? \u00bfEs complicado?&nbsp;<\/strong><\/p>\n\n\n\n<p>Es entretenido e incluso divertido, y para nada es complicado.&nbsp;<\/p>\n\n\n\n<p><strong>3. \u00bfC\u00f3mo te recibieron en el sitio al que fuiste?&nbsp;<\/strong><\/p>\n\n\n\n<p>Muy bien, me siento muy c\u00f3modo desde el d\u00eda uno.&nbsp;&nbsp;<\/p>\n\n\n\n<p><strong>4. \u00bfEstabas nervioso cuando llegaste?&nbsp;<\/strong><\/p>\n\n\n\n<p>Un poco s\u00ed, pero vine a un sitio que ya conoc\u00eda, entonces me fue muy f\u00e1cil venir aqu\u00ed.&nbsp;<\/p>\n\n\n\n<p><strong>5. \u00bfEchas de menos a tus compa\u00f1eros con los que ibas a clase?&nbsp;<\/strong><\/p>\n\n\n\n<p>Obviamente s\u00ed. Me lo pas\u00e9 muy bien con ellos durante todo el curso y son buenos amigos que me llevo del IES Senara.&nbsp;<\/p>\n\n\n\n<p><strong>6. \u00bfSe te ha hecho muy raro el cambio del instituto a una empresa? \u00bfPor qu\u00e9?&nbsp;<\/strong><\/p>\n\n\n\n<p>Pienso que s\u00ed, es un cambio bastante notorio, pero bueno, amoldarse a los cambios es parte del proceso de la vida. He pasado de estar con mis compa\u00f1eros en clase, con muy poca responsabilidad, a hacer tareas que dependen de m\u00ed para que la empresa salga adelante. Por ejemplo, en mi caso, la reestructuraci\u00f3n de la biblioteca del centro y creaci\u00f3n de un fichero Inform\u00e1tico de antiguos alumnos.&nbsp;<\/p>\n\n\n\n<p><strong>7. \u00bfEst\u00e1s poniendo en pr\u00e1ctica todo lo que aprendiste?&nbsp;<\/strong><\/p>\n\n\n\n<p>S\u00ed, la verdad es que me ha servido bastante todo lo aprendido.&nbsp;<\/p>\n\n\n\n<p><strong>8. \u00bfQu\u00e9 vas a hacer cuando termines las pr\u00e1cticas?&nbsp;<\/strong><\/p>\n\n\n\n<p>Lo primero, una visita al instituto, y despu\u00e9s, tomar un breve descanso.&nbsp;<\/p>\n\n\n\n<p><strong>9. \u00bfDespu\u00e9s de hacer las pr\u00e1cticas y ver lo que es, \u00bfseguir\u00edas estudiando servicios administrativos?&nbsp;<\/strong><\/p>\n\n\n\n<p>Me he dado cuenta de que no es del todo mi gusto, pero es una rama en la que, si te gustan los ordenadores y estar en una oficina, puedes conseguir un buen puesto de trabajo.&nbsp;<\/p>\n\n\n\n<p><strong>10. \u00bfTe gustar\u00eda trabajar all\u00ed alg\u00fan d\u00eda?&nbsp;<\/strong><\/p>\n\n\n\n<p>La verdad es que s\u00ed, pero de profe de educaci\u00f3n Infantil.&nbsp;<\/p>\n\n\n\n<figure class=\"wp-block-image size-large\"><a href=\"http:\/\/www.iessenara.es\/Revista\/wp-content\/uploads\/2025\/06\/IKER.jpeg\"><img decoding=\"async\" loading=\"lazy\" width=\"768\" height=\"1024\" src=\"http:\/\/www.iessenara.es\/Revista\/wp-content\/uploads\/2025\/06\/IKER-768x1024.jpeg\" alt=\"\" class=\"wp-image-5672\" srcset=\"https:\/\/www.iessenara.es\/Revista\/wp-content\/uploads\/2025\/06\/IKER-768x1024.jpeg 768w, https:\/\/www.iessenara.es\/Revista\/wp-content\/uploads\/2025\/06\/IKER-225x300.jpeg 225w, https:\/\/www.iessenara.es\/Revista\/wp-content\/uploads\/2025\/06\/IKER-1152x1536.jpeg 1152w, https:\/\/www.iessenara.es\/Revista\/wp-content\/uploads\/2025\/06\/IKER.jpeg 1200w\" sizes=\"(max-width: 768px) 100vw, 768px\" \/><\/a><\/figure>\n\n\n\n<p><\/p>\n\n\n\n<p class=\"has-drop-cap\">Pol garc\u00eda de la Fuente ha realizado las pr\u00e1cticas en el Ayuntamiento de Cantalapiedra.<\/p>\n\n\n\n<p><strong>1. \u00bfC\u00f3mo te imaginabas las pr\u00e1cticas antes de entrar?&nbsp;<\/strong><\/p>\n\n\n\n<p>Me las imagin\u00e9 bien, porque, al ser un sitio del mismo pueblo en el que vivo, ya sab\u00eda m\u00e1s o menos lo que iba a hacer, as\u00ed que bien.&nbsp;<\/p>\n\n\n\n<p><strong>2. \u00bfTe gusta el trabajo que est\u00e1s realizando? \u00bfEs complicado?&nbsp;<\/strong><\/p>\n\n\n\n<p>La verdad es que no mucho, pero me lo paso bien y aprendo cosas importantes que me pueden ayudar mucho en un futuro y cuando yo tenga un trabajo. No son complicadas, lo que pasa es que tienes que estar atento y escuchar si quieres aprender bien.&nbsp;<\/p>\n\n\n\n<p><strong>3. \u00bfC\u00f3mo te recibieron en el sitio al que fuiste?&nbsp;<\/strong><\/p>\n\n\n\n<p>Muy bien, la verdad, por suerte, como digo, es un sitio en el pueblo en el que vivo, as\u00ed que las personas que est\u00e1n aqu\u00ed ya me conocen y me han recibido estupendamente. Estoy muy contento y agradecido con ellos.&nbsp;<\/p>\n\n\n\n<p><strong>4. \u00bfEstabas nervioso cuando llegaste?&nbsp;<\/strong><\/p>\n\n\n\n<p>Un poco, lo t\u00edpico de cuando entras a un sitio nuevo y no sabes qu\u00e9 vas a hacer, pero me han acogido muy bien.&nbsp;<\/p>\n\n\n\n<p><strong>5. \u00bfEchas de menos a tus compa\u00f1eros con los que ibas a clase?&nbsp;<\/strong><\/p>\n\n\n\n<p>La verdad es que un poco s\u00ed que se les echa de menos, porque piensas que no vas a volver a coincidir con ellos y se van a echar de menos esas risas que nos ech\u00e1bamos en clase que no se van a olvidar nunca.&nbsp;<\/p>\n\n\n\n<p><strong>6. \u00bfSe te ha hecho muy raro el cambio del instituto a una empresa? \u00bfPor qu\u00e9?&nbsp;<\/strong><\/p>\n\n\n\n<p>Bueno, la verdad es que diferencia tiene, pero tambi\u00e9n es verdad que aprendes bastante m\u00e1s en la empresa que en el instituto, porque al fin y al cabo la empresa te prepara para la vida y el d\u00eda a d\u00eda. Yo creo que se aprende m\u00e1s, porque pones en pr\u00e1ctica lo que has aprendido, y, adem\u00e1s, en las pr\u00e1cticas puedes equivocarte y te ense\u00f1an a solucionarlo y a hacerlo correctamente.&nbsp;<\/p>\n\n\n\n<p><strong>7. Concreta qu\u00e9 tareas has realizado durante tus pr\u00e1cticas.&nbsp;<\/strong><\/p>\n\n\n\n<p>Pues al principio me pusieron en una sala a ordenar unos papeles y lo hice bastante r\u00e1pido, luego me pusieron en el despacho del secretario y aqu\u00ed estoy, ayudo al secretario en todo lo que puedo, a veces me mandan hacer fotocopias con la impresora, atiendo a clientes a los que les puedo resolver yo la duda si el secretario est\u00e1 muy liado, a veces atiendo a las llamadas que entran en el tel\u00e9fono\u2026.&nbsp;<\/p>\n\n\n\n<p><strong>8. \u00bfEst\u00e1s poniendo en pr\u00e1ctica todo lo que aprendiste?&nbsp;<\/strong><\/p>\n\n\n\n<p>En muchas ocasiones me han servido bastantes cosas que he aprendido en el instituto, as\u00ed que s\u00ed.&nbsp;<\/p>\n\n\n\n<p><strong>9. \u00bfQu\u00e9 vas a hacer cuando termines las pr\u00e1cticas?&nbsp;<\/strong><\/p>\n\n\n\n<p>Pues de momento disfrutar un poco del verano y trabajar, y luego ya cuando empiece otra vez el curso me voy a ir a vivir a Salamanca con mis amigos y voy a estudiar un grado medio.&nbsp;<\/p>\n\n\n\n<p><strong>10. Despu\u00e9s de hacer las pr\u00e1cticas y ver lo que es, \u00bfseguir\u00edas estudiando servicios administrativos?&nbsp;<\/strong><\/p>\n\n\n\n<p>La verdad es que no.&nbsp;<\/p>\n\n\n\n<p><strong>11. \u00bfTe gustar\u00eda trabajar all\u00ed alg\u00fan d\u00eda?&nbsp;<\/strong><\/p>\n\n\n\n<p>La verdad es que no me gustar\u00eda, porque no es lo que me gusta.&nbsp;<\/p>\n\n\n\n<figure class=\"wp-block-image size-large\"><a href=\"http:\/\/www.iessenara.es\/Revista\/wp-content\/uploads\/2025\/06\/POL.jpeg\"><img decoding=\"async\" loading=\"lazy\" width=\"1024\" height=\"461\" src=\"http:\/\/www.iessenara.es\/Revista\/wp-content\/uploads\/2025\/06\/POL-1024x461.jpeg\" alt=\"\" class=\"wp-image-5673\" srcset=\"https:\/\/www.iessenara.es\/Revista\/wp-content\/uploads\/2025\/06\/POL-1024x461.jpeg 1024w, https:\/\/www.iessenara.es\/Revista\/wp-content\/uploads\/2025\/06\/POL-300x135.jpeg 300w, https:\/\/www.iessenara.es\/Revista\/wp-content\/uploads\/2025\/06\/POL-768x346.jpeg 768w, https:\/\/www.iessenara.es\/Revista\/wp-content\/uploads\/2025\/06\/POL-1536x691.jpeg 1536w, https:\/\/www.iessenara.es\/Revista\/wp-content\/uploads\/2025\/06\/POL.jpeg 2000w\" sizes=\"(max-width: 1024px) 100vw, 1024px\" \/><\/a><\/figure>\n","protected":false},"excerpt":{"rendered":"<p>Los alumnos de Formaci\u00f3n Profesional B\u00e1sica II nos cuentan su experiencia en las pr\u00e1cticas en empresas incluidas en el m\u00f3dulo de Formaci\u00f3n en Centro de Trabajo (FCT).&nbsp; Iv\u00e1n Guti\u00e9rrez Recio ha realizado las pr\u00e1cticas&#46;&#46;&#46;<\/p>\n","protected":false},"author":3,"featured_media":5676,"comment_status":"open","ping_status":"open","sticky":false,"template":"","format":"standard","meta":{"jetpack_post_was_ever_published":false,"jetpack_publicize_message":"","jetpack_is_tweetstorm":false,"jetpack_publicize_feature_enabled":true,"jetpack_social_options":[]},"categories":[3],"tags":[387,386,384],"jetpack_publicize_connections":[],"jetpack_featured_media_url":"https:\/\/www.iessenara.es\/Revista\/wp-content\/uploads\/2025\/06\/FCT-FP-Basica-2025-16_9.jpg","jetpack_sharing_enabled":true,"jetpack_shortlink":"https:\/\/wp.me\/p5mbkp-1ts","_links":{"self":[{"href":"https:\/\/www.iessenara.es\/Revista\/index.php?rest_route=\/wp\/v2\/posts\/5670"}],"collection":[{"href":"https:\/\/www.iessenara.es\/Revista\/index.php?rest_route=\/wp\/v2\/posts"}],"about":[{"href":"https:\/\/www.iessenara.es\/Revista\/index.php?rest_route=\/wp\/v2\/types\/post"}],"author":[{"embeddable":true,"href":"https:\/\/www.iessenara.es\/Revista\/index.php?rest_route=\/wp\/v2\/users\/3"}],"replies":[{"embeddable":true,"href":"https:\/\/www.iessenara.es\/Revista\/index.php?rest_route=%2Fwp%2Fv2%2Fcomments&post=5670"}],"version-history":[{"count":2,"href":"https:\/\/www.iessenara.es\/Revista\/index.php?rest_route=\/wp\/v2\/posts\/5670\/revisions"}],"predecessor-version":[{"id":5675,"href":"https:\/\/www.iessenara.es\/Revista\/index.php?rest_route=\/wp\/v2\/posts\/5670\/revisions\/5675"}],"wp:featuredmedia":[{"embeddable":true,"href":"https:\/\/www.iessenara.es\/Revista\/index.php?rest_route=\/wp\/v2\/media\/5676"}],"wp:attachment":[{"href":"https:\/\/www.iessenara.es\/Revista\/index.php?rest_route=%2Fwp%2Fv2%2Fmedia&parent=5670"}],"wp:term":[{"taxonomy":"category","embeddable":true,"href":"https:\/\/www.iessenara.es\/Revista\/index.php?rest_route=%2Fwp%2Fv2%2Fcategories&post=5670"},{"taxonomy":"post_tag","embeddable":true,"href":"https:\/\/www.iessenara.es\/Revista\/index.php?rest_route=%2Fwp%2Fv2%2Ftags&post=5670"}],"curies":[{"name":"wp","href":"https:\/\/api.w.org\/{rel}","templated":true}]}}