{"id":5677,"date":"2025-06-11T20:23:21","date_gmt":"2025-06-11T19:23:21","guid":{"rendered":"http:\/\/www.iessenara.es\/Revista\/?p=5677"},"modified":"2025-06-11T20:23:22","modified_gmt":"2025-06-11T19:23:22","slug":"campeonatos-autonomicos-de-formacion-profesional-cyl-skills-2025","status":"publish","type":"post","link":"https:\/\/www.iessenara.es\/Revista\/?p=5677","title":{"rendered":"Campeonatos auton\u00f3micos de Formaci\u00f3n Profesional CyL Skills 2025"},"content":{"rendered":"\n<p>Daniel S\u00e1nchez Reinoso, exalumno del IES Senara, se ha alzado con el primer premio en los Campeonatos Auton\u00f3micos de Formaci\u00f3n Profesional CyL Skills 2025, en la especialidad reparaci\u00f3n de carrocer\u00eda, celebrados el 7 de abril de 2025 en la Feria de Valladolid.\u202f&nbsp;<\/p>\n\n\n\n<p>\u202fEstos campeonatos sirven a la Consejer\u00eda de Educaci\u00f3n para seleccionar al equipo que representar\u00e1 a Castilla y Le\u00f3n en el certamen nacional Spainskills 2026, antesala de los eventos internacionales Worldskills 2026 en Shangh\u00e1i (China) y Euroskills 2027 en D\u00fcsseldorf (Alemania).\u202f&nbsp;<\/p>\n\n\n\n<p>Los Campeonatos Auton\u00f3micos de Formaci\u00f3n Profesional son una oportunidad \u00fanica para que el alumnado de formaci\u00f3n profesional demuestre sus habilidades, conocimientos y competencias en un entorno competitivo. Estos eventos re\u00fanen a los mejores estudiantes de cada especialidad, permiti\u00e9ndoles enfrentarse a retos pr\u00e1cticos que simulan situaciones reales del mundo laboral.\u202f&nbsp;<\/p>\n\n\n\n<p>\u202fA trav\u00e9s de diferentes retos, los participantes ponen a prueba su destreza t\u00e9cnica, su capacidad de resoluci\u00f3n de problemas y su creatividad, adem\u00e1s de poner de manifiesto el nivel de desarrollo de las competencias profesionales de tipo t\u00e9cnico y el grado de excelencia que alcanza el alumnado de formaci\u00f3n profesional participante.\u202f&nbsp;<\/p>\n\n\n\n<p>Aprovechando la visita de Daniel al centro, la revista Cosas del Senara le ha entrevistado para que nos cuente c\u00f3mo fue la experiencia vivida y tambi\u00e9n hemos aprovechado para trasladarle la enhorabuena en nombre de la comunidad educativa del IES Senara.\u202f&nbsp;<\/p>\n\n\n\n<div class=\"wp-block-jetpack-slideshow aligncenter\" data-effect=\"slide\"><div class=\"wp-block-jetpack-slideshow_container swiper-container\"><ul class=\"wp-block-jetpack-slideshow_swiper-wrapper swiper-wrapper\"><li class=\"wp-block-jetpack-slideshow_slide swiper-slide\"><figure><img decoding=\"async\" loading=\"lazy\" width=\"1024\" height=\"769\" alt=\"\" class=\"wp-block-jetpack-slideshow_image wp-image-5678\" data-id=\"5678\" src=\"http:\/\/www.iessenara.es\/Revista\/wp-content\/uploads\/2025\/06\/1749020698092-1024x769.jpg\" srcset=\"https:\/\/www.iessenara.es\/Revista\/wp-content\/uploads\/2025\/06\/1749020698092-1024x769.jpg 1024w, https:\/\/www.iessenara.es\/Revista\/wp-content\/uploads\/2025\/06\/1749020698092-300x225.jpg 300w, https:\/\/www.iessenara.es\/Revista\/wp-content\/uploads\/2025\/06\/1749020698092-768x576.jpg 768w, https:\/\/www.iessenara.es\/Revista\/wp-content\/uploads\/2025\/06\/1749020698092-1536x1153.jpg 1536w, https:\/\/www.iessenara.es\/Revista\/wp-content\/uploads\/2025\/06\/1749020698092.jpg 2048w\" sizes=\"(max-width: 1024px) 100vw, 1024px\" \/><\/figure><\/li><li class=\"wp-block-jetpack-slideshow_slide swiper-slide\"><figure><img decoding=\"async\" loading=\"lazy\" width=\"1024\" height=\"769\" alt=\"\" class=\"wp-block-jetpack-slideshow_image wp-image-5679\" data-id=\"5679\" src=\"http:\/\/www.iessenara.es\/Revista\/wp-content\/uploads\/2025\/06\/1749020698117-1024x769.jpg\" srcset=\"https:\/\/www.iessenara.es\/Revista\/wp-content\/uploads\/2025\/06\/1749020698117-1024x769.jpg 1024w, https:\/\/www.iessenara.es\/Revista\/wp-content\/uploads\/2025\/06\/1749020698117-300x225.jpg 300w, https:\/\/www.iessenara.es\/Revista\/wp-content\/uploads\/2025\/06\/1749020698117-768x576.jpg 768w, https:\/\/www.iessenara.es\/Revista\/wp-content\/uploads\/2025\/06\/1749020698117-1536x1153.jpg 1536w, https:\/\/www.iessenara.es\/Revista\/wp-content\/uploads\/2025\/06\/1749020698117.jpg 2048w\" sizes=\"(max-width: 1024px) 100vw, 1024px\" \/><\/figure><\/li><\/ul><a class=\"wp-block-jetpack-slideshow_button-prev swiper-button-prev swiper-button-white\" role=\"button\"><\/a><a class=\"wp-block-jetpack-slideshow_button-next swiper-button-next swiper-button-white\" role=\"button\"><\/a><a aria-label=\"Pause Slideshow\" class=\"wp-block-jetpack-slideshow_button-pause\" role=\"button\"><\/a><div class=\"wp-block-jetpack-slideshow_pagination swiper-pagination swiper-pagination-white\"><\/div><\/div><\/div>\n\n\n\n<p><strong>Actualmente estudias el Ciclo Formativo de Grado Medio de Carrocer\u00eda en el CIFP R\u00edo Tormes de Salamanca. \u00bfC\u00f3mo y cu\u00e1ndo surge tu inter\u00e9s por esta rama de la automoci\u00f3n?<\/strong>\u202f&nbsp;<\/p>\n\n\n\n<p>Desde que entr\u00e9 en el Senara ya ten\u00eda pensado que me gustar\u00eda estudiar una rama de automoci\u00f3n, no fue hasta que vi las opciones que ten\u00eda en Salamanca que me decant\u00e9 por el ciclo de Grado Medio de Carrocer\u00eda.&nbsp;&nbsp;<\/p>\n\n\n\n<p><strong>\u00bfDe qu\u00e9 te ha servido tu paso por el IES Senara para llegar a todo lo que est\u00e1s consiguiendo en estos momentos?<\/strong>\u202f&nbsp;<\/p>\n\n\n\n<p>En el Senara me desmotiv\u00e9 al no poder acabar la Ense\u00f1anza Secundaria Obligatoria, pero se me brind\u00f3 la opci\u00f3n de hacer el Grado B\u00e1sico de Servicios Administrativos. Ah\u00ed fue cuando descubr\u00ed la opci\u00f3n de formaci\u00f3n profesional.&nbsp;<\/p>\n\n\n\n<p><strong>\u00bfQu\u00e9 sentiste cuando te comunicaron que ibas a participar en los Campeonatos Auton\u00f3micos de Formaci\u00f3n Profesional representando a tu centro educativo?<\/strong>\u202f&nbsp;<\/p>\n\n\n\n<p>Fue una sorpresa cuando me preguntaron si me gustar\u00eda participar. Tambi\u00e9n se le present\u00f3 la misma oferta a varios alumnos que estaban cursando el mismo ciclo y realizamos un peque\u00f1o campeonato en el centro para escoger al mejor representante, realizando las mismas pruebas que realic\u00e9 en el CylSkills2025.&nbsp;<\/p>\n\n\n\n<p><strong>\u00bfEn qu\u00e9 consisti\u00f3 la prueba del campeonato auton\u00f3mico en la que tuviste que demostrar tus habilidades, conocimientos y competencias?<\/strong>\u202f&nbsp;<\/p>\n\n\n\n<p>Fueron un conjunto de seis pruebas: una sustituci\u00f3n parcial, reparaci\u00f3n de golpe con acceso, reparaci\u00f3n de golpe sin acceso, reparaci\u00f3n de un paragolpes de pl\u00e1stico mediante adhesivos y un planteamiento de estirar una carrocer\u00eda montada en una bancada.&nbsp;&nbsp;<\/p>\n\n\n\n<div class=\"wp-block-jetpack-slideshow aligncenter\" data-effect=\"slide\"><div class=\"wp-block-jetpack-slideshow_container swiper-container\"><ul class=\"wp-block-jetpack-slideshow_swiper-wrapper swiper-wrapper\"><li class=\"wp-block-jetpack-slideshow_slide swiper-slide\"><figure><img decoding=\"async\" loading=\"lazy\" width=\"1024\" height=\"778\" alt=\"\" class=\"wp-block-jetpack-slideshow_image wp-image-5684\" data-id=\"5684\" src=\"http:\/\/www.iessenara.es\/Revista\/wp-content\/uploads\/2025\/06\/1000055661-1024x778.jpg\" srcset=\"https:\/\/www.iessenara.es\/Revista\/wp-content\/uploads\/2025\/06\/1000055661-1024x778.jpg 1024w, https:\/\/www.iessenara.es\/Revista\/wp-content\/uploads\/2025\/06\/1000055661-300x228.jpg 300w, https:\/\/www.iessenara.es\/Revista\/wp-content\/uploads\/2025\/06\/1000055661-768x583.jpg 768w, https:\/\/www.iessenara.es\/Revista\/wp-content\/uploads\/2025\/06\/1000055661.jpg 1077w\" sizes=\"(max-width: 1024px) 100vw, 1024px\" \/><\/figure><\/li><li class=\"wp-block-jetpack-slideshow_slide swiper-slide\"><figure><img decoding=\"async\" loading=\"lazy\" width=\"1024\" height=\"1024\" alt=\"\" class=\"wp-block-jetpack-slideshow_image wp-image-5682\" data-id=\"5682\" src=\"http:\/\/www.iessenara.es\/Revista\/wp-content\/uploads\/2025\/06\/1000055655-1024x1024.jpg\" srcset=\"https:\/\/www.iessenara.es\/Revista\/wp-content\/uploads\/2025\/06\/1000055655-1024x1024.jpg 1024w, https:\/\/www.iessenara.es\/Revista\/wp-content\/uploads\/2025\/06\/1000055655-300x300.jpg 300w, https:\/\/www.iessenara.es\/Revista\/wp-content\/uploads\/2025\/06\/1000055655-150x150.jpg 150w, https:\/\/www.iessenara.es\/Revista\/wp-content\/uploads\/2025\/06\/1000055655-768x768.jpg 768w, https:\/\/www.iessenara.es\/Revista\/wp-content\/uploads\/2025\/06\/1000055655-80x80.jpg 80w, https:\/\/www.iessenara.es\/Revista\/wp-content\/uploads\/2025\/06\/1000055655-320x320.jpg 320w, https:\/\/www.iessenara.es\/Revista\/wp-content\/uploads\/2025\/06\/1000055655.jpg 1079w\" sizes=\"(max-width: 1024px) 100vw, 1024px\" \/><\/figure><\/li><li class=\"wp-block-jetpack-slideshow_slide swiper-slide\"><figure><img decoding=\"async\" loading=\"lazy\" width=\"1024\" height=\"1024\" alt=\"\" class=\"wp-block-jetpack-slideshow_image wp-image-5683\" data-id=\"5683\" src=\"http:\/\/www.iessenara.es\/Revista\/wp-content\/uploads\/2025\/06\/1000055658-1024x1024.jpg\" srcset=\"https:\/\/www.iessenara.es\/Revista\/wp-content\/uploads\/2025\/06\/1000055658-1024x1024.jpg 1024w, https:\/\/www.iessenara.es\/Revista\/wp-content\/uploads\/2025\/06\/1000055658-300x300.jpg 300w, https:\/\/www.iessenara.es\/Revista\/wp-content\/uploads\/2025\/06\/1000055658-150x150.jpg 150w, https:\/\/www.iessenara.es\/Revista\/wp-content\/uploads\/2025\/06\/1000055658-768x768.jpg 768w, https:\/\/www.iessenara.es\/Revista\/wp-content\/uploads\/2025\/06\/1000055658-80x80.jpg 80w, https:\/\/www.iessenara.es\/Revista\/wp-content\/uploads\/2025\/06\/1000055658-320x320.jpg 320w, https:\/\/www.iessenara.es\/Revista\/wp-content\/uploads\/2025\/06\/1000055658.jpg 1079w\" sizes=\"(max-width: 1024px) 100vw, 1024px\" \/><\/figure><\/li><li class=\"wp-block-jetpack-slideshow_slide swiper-slide\"><figure><img decoding=\"async\" loading=\"lazy\" width=\"576\" height=\"1024\" alt=\"\" class=\"wp-block-jetpack-slideshow_image wp-image-5680\" data-id=\"5680\" src=\"http:\/\/www.iessenara.es\/Revista\/wp-content\/uploads\/2025\/06\/1000048416-576x1024.jpg\" srcset=\"https:\/\/www.iessenara.es\/Revista\/wp-content\/uploads\/2025\/06\/1000048416-576x1024.jpg 576w, https:\/\/www.iessenara.es\/Revista\/wp-content\/uploads\/2025\/06\/1000048416-169x300.jpg 169w, https:\/\/www.iessenara.es\/Revista\/wp-content\/uploads\/2025\/06\/1000048416-768x1365.jpg 768w, https:\/\/www.iessenara.es\/Revista\/wp-content\/uploads\/2025\/06\/1000048416-864x1536.jpg 864w, https:\/\/www.iessenara.es\/Revista\/wp-content\/uploads\/2025\/06\/1000048416.jpg 1080w\" sizes=\"(max-width: 576px) 100vw, 576px\" \/><\/figure><\/li><li class=\"wp-block-jetpack-slideshow_slide swiper-slide\"><figure><img decoding=\"async\" loading=\"lazy\" width=\"768\" height=\"1024\" alt=\"\" class=\"wp-block-jetpack-slideshow_image wp-image-5681\" data-id=\"5681\" src=\"http:\/\/www.iessenara.es\/Revista\/wp-content\/uploads\/2025\/06\/1000048658-768x1024.jpg\" srcset=\"https:\/\/www.iessenara.es\/Revista\/wp-content\/uploads\/2025\/06\/1000048658-768x1024.jpg 768w, https:\/\/www.iessenara.es\/Revista\/wp-content\/uploads\/2025\/06\/1000048658-225x300.jpg 225w, https:\/\/www.iessenara.es\/Revista\/wp-content\/uploads\/2025\/06\/1000048658-1152x1536.jpg 1152w, https:\/\/www.iessenara.es\/Revista\/wp-content\/uploads\/2025\/06\/1000048658.jpg 1536w\" sizes=\"(max-width: 768px) 100vw, 768px\" \/><\/figure><\/li><\/ul><a class=\"wp-block-jetpack-slideshow_button-prev swiper-button-prev swiper-button-white\" role=\"button\"><\/a><a class=\"wp-block-jetpack-slideshow_button-next swiper-button-next swiper-button-white\" role=\"button\"><\/a><a aria-label=\"Pause Slideshow\" class=\"wp-block-jetpack-slideshow_button-pause\" role=\"button\"><\/a><div class=\"wp-block-jetpack-slideshow_pagination swiper-pagination swiper-pagination-white\"><\/div><\/div><\/div>\n\n\n\n<p><strong>\u00bfQu\u00e9 ha supuesto para ti este reconocimiento a nivel regional?<\/strong>\u202f&nbsp;<\/p>\n\n\n\n<p>La verdad es que fue muy ilusionante y supone una gran posibilidad para el mundo laboral, ya que varias empresas me preguntaron si me gustar\u00eda empezar a trabajar con ellos.&nbsp;<\/p>\n\n\n\n<p><strong>\u00bfC\u00f3mo recibieron la noticia tus compa\u00f1eros de clase y tu entorno familiar?<\/strong>\u202f&nbsp;<\/p>\n\n\n\n<p>Para ellos fue una gran ilusi\u00f3n, ya que mis compa\u00f1eros, cuando se enteraron, me llamaron todos felicit\u00e1ndome y mi familia estaba s\u00faper emocionada, ya que la entrega de premios fue televisada en directo.&nbsp;&nbsp;<\/p>\n\n\n\n<p><strong>\u00bfVas a formar parte del equipo que representar\u00e1 a Castilla y Le\u00f3n en el certamen nacional Spainskills 2026?<\/strong>\u202f&nbsp;<\/p>\n\n\n\n<p>S\u00ed, y con una gran ilusi\u00f3n; es m\u00e1s, hoy en d\u00eda me encuentro entrenando para intentar llevarme el primer puesto.&nbsp;<\/p>\n\n\n\n<p><strong>\u00bfQu\u00e9 te planteas para el futuro una vez que termines los estudios de Carrocer\u00eda? \u00bfTe gustar\u00eda tener tu propio taller o trabajar como empleado en uno?<\/strong>\u202f&nbsp;<\/p>\n\n\n\n<p>De momento me gustar\u00eda seguir form\u00e1ndome en el Grado Superior de Automoci\u00f3n y, qui\u00e9n sabe, a lo mejor me planteo seguir estudiando y ser profesor para entrenar a los chavales que quieran participar en las skills.&nbsp;<\/p>\n\n\n\n<p><\/p>\n","protected":false},"excerpt":{"rendered":"<p>Daniel S\u00e1nchez Reinoso, exalumno del IES Senara, se ha alzado con el primer premio en los Campeonatos Auton\u00f3micos de Formaci\u00f3n Profesional CyL Skills 2025, en la especialidad reparaci\u00f3n de carrocer\u00eda, celebrados el 7 de&#46;&#46;&#46;<\/p>\n","protected":false},"author":3,"featured_media":5686,"comment_status":"open","ping_status":"open","sticky":false,"template":"","format":"standard","meta":{"jetpack_post_was_ever_published":false,"jetpack_publicize_message":"","jetpack_is_tweetstorm":false,"jetpack_publicize_feature_enabled":true,"jetpack_social_options":[]},"categories":[8],"tags":[537,536,535,386],"jetpack_publicize_connections":[],"jetpack_featured_media_url":"https:\/\/www.iessenara.es\/Revista\/wp-content\/uploads\/2025\/06\/Daniel-Sanchez-Reinoso-16_9.jpg","jetpack_sharing_enabled":true,"jetpack_shortlink":"https:\/\/wp.me\/p5mbkp-1tz","_links":{"self":[{"href":"https:\/\/www.iessenara.es\/Revista\/index.php?rest_route=\/wp\/v2\/posts\/5677"}],"collection":[{"href":"https:\/\/www.iessenara.es\/Revista\/index.php?rest_route=\/wp\/v2\/posts"}],"about":[{"href":"https:\/\/www.iessenara.es\/Revista\/index.php?rest_route=\/wp\/v2\/types\/post"}],"author":[{"embeddable":true,"href":"https:\/\/www.iessenara.es\/Revista\/index.php?rest_route=\/wp\/v2\/users\/3"}],"replies":[{"embeddable":true,"href":"https:\/\/www.iessenara.es\/Revista\/index.php?rest_route=%2Fwp%2Fv2%2Fcomments&post=5677"}],"version-history":[{"count":3,"href":"https:\/\/www.iessenara.es\/Revista\/index.php?rest_route=\/wp\/v2\/posts\/5677\/revisions"}],"predecessor-version":[{"id":5688,"href":"https:\/\/www.iessenara.es\/Revista\/index.php?rest_route=\/wp\/v2\/posts\/5677\/revisions\/5688"}],"wp:featuredmedia":[{"embeddable":true,"href":"https:\/\/www.iessenara.es\/Revista\/index.php?rest_route=\/wp\/v2\/media\/5686"}],"wp:attachment":[{"href":"https:\/\/www.iessenara.es\/Revista\/index.php?rest_route=%2Fwp%2Fv2%2Fmedia&parent=5677"}],"wp:term":[{"taxonomy":"category","embeddable":true,"href":"https:\/\/www.iessenara.es\/Revista\/index.php?rest_route=%2Fwp%2Fv2%2Fcategories&post=5677"},{"taxonomy":"post_tag","embeddable":true,"href":"https:\/\/www.iessenara.es\/Revista\/index.php?rest_route=%2Fwp%2Fv2%2Ftags&post=5677"}],"curies":[{"name":"wp","href":"https:\/\/api.w.org\/{rel}","templated":true}]}}