{"id":5689,"date":"2025-06-13T08:04:41","date_gmt":"2025-06-13T07:04:41","guid":{"rendered":"http:\/\/www.iessenara.es\/Revista\/?p=5689"},"modified":"2025-06-13T08:04:42","modified_gmt":"2025-06-13T07:04:42","slug":"proyecto-de-marioneta-para-animacion-en-3d","status":"publish","type":"post","link":"https:\/\/www.iessenara.es\/Revista\/?p=5689","title":{"rendered":"<strong>Proyecto de marioneta para animaci\u00f3n en 3D<\/strong>"},"content":{"rendered":"\n<p>AUTORA: Jimena Calleja (Dpto. de Educaci\u00f3n Pl\u00e1stica y Visual)<\/p>\n\n\n\n<p>Para trabajar la escultura hemos comenzado por el barro, modelando figuras variadas, pero en la experimentaci\u00f3n con otros materiales se ha decidido cambiar al papel con una estructura de alambre. Es como el papel mach\u00e9 utilizado para los gigantes y cabezudos, o para algunas esculturas de las Fallas, que permite aligerar el peso y modelar a nuestro antojo, porque el papel es muy vers\u00e1til. Se pretende realizar el esqueleto de figuras para su posterior animaci\u00f3n, en una versi\u00f3n menos sofisticada que las pel\u00edculas como \u00ab<a href=\"https:\/\/www.rtve.es\/play\/videos\/version-espanola\/version-espanola-apostolo\/3980840\/\" target=\"_blank\" rel=\"noreferrer noopener\">O Apostolo<\/a>\u00ab, o \u00ab<a href=\"https:\/\/consent.youtube.com\/m?continue=https:\/\/www.youtube.com\/watch?v=n4BZu5RTCog&amp;pp=0gcJCdgAo7VqN5tD&amp;cbrd=1&amp;gl=ES&amp;m=0&amp;pc=yt&amp;cm=2&amp;hl=es&amp;src=1\" target=\"_blank\" rel=\"noreferrer noopener\">Pedro y el lobo<\/a>\u00ab. En este caso, nuestras estructuras no son de aluminio articuladas y con piel de silicona, pero el alambre nos da la solidez para mantenerse en pie, y las posturas y la flexibilidad suficiente para cambiarlas de postura y moverlas. Los ojos, de cuentas de madera, pueden moverse, crear la sensaci\u00f3n de mirada y parpadeo, teniendo que cambiar los p\u00e1rpados fotograma a fotograma.&nbsp;<\/p>\n\n\n\n<p>Lo interesante es conseguir mezclar la escultura y el mundo del cine en el mismo proyecto, pasar de la imagen fija a la imagen en movimiento, generando una peque\u00f1a animaci\u00f3n tipo <em>meme<\/em> en Stop-motion, es decir, fotograma a fotograma.&nbsp;<\/p>\n\n\n\n<div class=\"wp-block-jetpack-slideshow aligncenter\" data-effect=\"slide\"><div class=\"wp-block-jetpack-slideshow_container swiper-container\"><ul class=\"wp-block-jetpack-slideshow_swiper-wrapper swiper-wrapper\"><li class=\"wp-block-jetpack-slideshow_slide swiper-slide\"><figure><img decoding=\"async\" loading=\"lazy\" width=\"760\" height=\"584\" alt=\"\" class=\"wp-block-jetpack-slideshow_image wp-image-5690\" data-id=\"5690\" src=\"http:\/\/www.iessenara.es\/Revista\/wp-content\/uploads\/2025\/06\/image6.png\" srcset=\"https:\/\/www.iessenara.es\/Revista\/wp-content\/uploads\/2025\/06\/image6.png 760w, https:\/\/www.iessenara.es\/Revista\/wp-content\/uploads\/2025\/06\/image6-300x231.png 300w\" sizes=\"(max-width: 760px) 100vw, 760px\" \/><\/figure><\/li><li class=\"wp-block-jetpack-slideshow_slide swiper-slide\"><figure><img decoding=\"async\" loading=\"lazy\" width=\"772\" height=\"612\" alt=\"\" class=\"wp-block-jetpack-slideshow_image wp-image-5691\" data-id=\"5691\" src=\"http:\/\/www.iessenara.es\/Revista\/wp-content\/uploads\/2025\/06\/image.png\" srcset=\"https:\/\/www.iessenara.es\/Revista\/wp-content\/uploads\/2025\/06\/image.png 772w, https:\/\/www.iessenara.es\/Revista\/wp-content\/uploads\/2025\/06\/image-300x238.png 300w, https:\/\/www.iessenara.es\/Revista\/wp-content\/uploads\/2025\/06\/image-768x609.png 768w\" sizes=\"(max-width: 772px) 100vw, 772px\" \/><\/figure><\/li><\/ul><a class=\"wp-block-jetpack-slideshow_button-prev swiper-button-prev swiper-button-white\" role=\"button\"><\/a><a class=\"wp-block-jetpack-slideshow_button-next swiper-button-next swiper-button-white\" role=\"button\"><\/a><a aria-label=\"Pause Slideshow\" class=\"wp-block-jetpack-slideshow_button-pause\" role=\"button\"><\/a><div class=\"wp-block-jetpack-slideshow_pagination swiper-pagination swiper-pagination-white\"><\/div><\/div><\/div>\n\n\n\n<p><\/p>\n","protected":false},"excerpt":{"rendered":"<p>AUTORA: Jimena Calleja (Dpto. de Educaci\u00f3n Pl\u00e1stica y Visual) Para trabajar la escultura hemos comenzado por el barro, modelando figuras variadas, pero en la experimentaci\u00f3n con otros materiales se ha decidido cambiar al papel&#46;&#46;&#46;<\/p>\n","protected":false},"author":3,"featured_media":5692,"comment_status":"open","ping_status":"open","sticky":false,"template":"","format":"standard","meta":{"jetpack_post_was_ever_published":false,"jetpack_publicize_message":"","jetpack_is_tweetstorm":false,"jetpack_publicize_feature_enabled":true,"jetpack_social_options":[]},"categories":[14],"tags":[461],"jetpack_publicize_connections":[],"jetpack_featured_media_url":"https:\/\/www.iessenara.es\/Revista\/wp-content\/uploads\/2025\/06\/marioneta-plastica-16_9.jpg","jetpack_sharing_enabled":true,"jetpack_shortlink":"https:\/\/wp.me\/p5mbkp-1tL","_links":{"self":[{"href":"https:\/\/www.iessenara.es\/Revista\/index.php?rest_route=\/wp\/v2\/posts\/5689"}],"collection":[{"href":"https:\/\/www.iessenara.es\/Revista\/index.php?rest_route=\/wp\/v2\/posts"}],"about":[{"href":"https:\/\/www.iessenara.es\/Revista\/index.php?rest_route=\/wp\/v2\/types\/post"}],"author":[{"embeddable":true,"href":"https:\/\/www.iessenara.es\/Revista\/index.php?rest_route=\/wp\/v2\/users\/3"}],"replies":[{"embeddable":true,"href":"https:\/\/www.iessenara.es\/Revista\/index.php?rest_route=%2Fwp%2Fv2%2Fcomments&post=5689"}],"version-history":[{"count":1,"href":"https:\/\/www.iessenara.es\/Revista\/index.php?rest_route=\/wp\/v2\/posts\/5689\/revisions"}],"predecessor-version":[{"id":5693,"href":"https:\/\/www.iessenara.es\/Revista\/index.php?rest_route=\/wp\/v2\/posts\/5689\/revisions\/5693"}],"wp:featuredmedia":[{"embeddable":true,"href":"https:\/\/www.iessenara.es\/Revista\/index.php?rest_route=\/wp\/v2\/media\/5692"}],"wp:attachment":[{"href":"https:\/\/www.iessenara.es\/Revista\/index.php?rest_route=%2Fwp%2Fv2%2Fmedia&parent=5689"}],"wp:term":[{"taxonomy":"category","embeddable":true,"href":"https:\/\/www.iessenara.es\/Revista\/index.php?rest_route=%2Fwp%2Fv2%2Fcategories&post=5689"},{"taxonomy":"post_tag","embeddable":true,"href":"https:\/\/www.iessenara.es\/Revista\/index.php?rest_route=%2Fwp%2Fv2%2Ftags&post=5689"}],"curies":[{"name":"wp","href":"https:\/\/api.w.org\/{rel}","templated":true}]}}