{"id":5703,"date":"2025-06-13T08:20:43","date_gmt":"2025-06-13T07:20:43","guid":{"rendered":"http:\/\/www.iessenara.es\/Revista\/?p=5703"},"modified":"2025-06-13T08:20:44","modified_gmt":"2025-06-13T07:20:44","slug":"la-filmoteca-nacional-en-nuestras-aulas","status":"publish","type":"post","link":"https:\/\/www.iessenara.es\/Revista\/?p=5703","title":{"rendered":"La Filmoteca Nacional en nuestras aulas\u00a0"},"content":{"rendered":"\n<p>AUTORA: Jimena Calleja (Dpto. Educaci\u00f3n Pl\u00e1stica)<\/p>\n\n\n\n<p>Gracias al proyecto Platino Educa, hemos podido acceder a ver pel\u00edculas durante el curso con un cat\u00e1logo de m\u00e1s de 400 pel\u00edculas y cortometrajes iberoamericanos, para alfabetizarnos en el lenguaje audiovisual. Y con el proyecto Educa Filmoteca tambi\u00e9n hemos podido recibir mediante la plataforma ZOOM al compositor de m\u00fasica Alfonso de Villalonga. Desde las aulas hemos trabajado sobre la pel\u00edcula de Isabel Coixet \u00abCosas que nunca te dije\u00bb (1996), pero este compositor tambi\u00e9n ha compuesto las BSO de las dem\u00e1s obras de Coixet y de las de Pablo Berger: Robot dreams (2023) y Blancanieves (2012). La entrevista nos ha permitido analizar su obra para poder conocer c\u00f3mo se musicaliza una pel\u00edcula, cu\u00e1les son las dificultades de la profesi\u00f3n o ciertas curiosidades. Esta entrevista, realizada con otros dos institutos espa\u00f1oles, ha tenido como protagonistas a nuestros alumnos, quienes han intervenido haciendo preguntas a Alfonso y desde la Filmoteca Nacional nos han resuelto tambi\u00e9n algunas otras.\u00a0<\/p>\n\n\n\n<div class=\"wp-block-jetpack-slideshow aligncenter\" data-effect=\"slide\"><div class=\"wp-block-jetpack-slideshow_container swiper-container\"><ul class=\"wp-block-jetpack-slideshow_swiper-wrapper swiper-wrapper\"><li class=\"wp-block-jetpack-slideshow_slide swiper-slide\"><figure><img decoding=\"async\" loading=\"lazy\" width=\"918\" height=\"689\" alt=\"\" class=\"wp-block-jetpack-slideshow_image wp-image-5704\" data-id=\"5704\" src=\"http:\/\/www.iessenara.es\/Revista\/wp-content\/uploads\/2025\/06\/image2.png\" srcset=\"https:\/\/www.iessenara.es\/Revista\/wp-content\/uploads\/2025\/06\/image2.png 918w, https:\/\/www.iessenara.es\/Revista\/wp-content\/uploads\/2025\/06\/image2-300x225.png 300w, https:\/\/www.iessenara.es\/Revista\/wp-content\/uploads\/2025\/06\/image2-768x576.png 768w\" sizes=\"(max-width: 918px) 100vw, 918px\" \/><\/figure><\/li><li class=\"wp-block-jetpack-slideshow_slide swiper-slide\"><figure><img decoding=\"async\" loading=\"lazy\" width=\"964\" height=\"633\" alt=\"\" class=\"wp-block-jetpack-slideshow_image wp-image-5705\" data-id=\"5705\" src=\"http:\/\/www.iessenara.es\/Revista\/wp-content\/uploads\/2025\/06\/image3-1.png\" srcset=\"https:\/\/www.iessenara.es\/Revista\/wp-content\/uploads\/2025\/06\/image3-1.png 964w, https:\/\/www.iessenara.es\/Revista\/wp-content\/uploads\/2025\/06\/image3-1-300x197.png 300w, https:\/\/www.iessenara.es\/Revista\/wp-content\/uploads\/2025\/06\/image3-1-768x504.png 768w\" sizes=\"(max-width: 964px) 100vw, 964px\" \/><\/figure><\/li><li class=\"wp-block-jetpack-slideshow_slide swiper-slide\"><figure><img decoding=\"async\" loading=\"lazy\" width=\"969\" height=\"728\" alt=\"\" class=\"wp-block-jetpack-slideshow_image wp-image-5706\" data-id=\"5706\" src=\"http:\/\/www.iessenara.es\/Revista\/wp-content\/uploads\/2025\/06\/image5.png\" srcset=\"https:\/\/www.iessenara.es\/Revista\/wp-content\/uploads\/2025\/06\/image5.png 969w, https:\/\/www.iessenara.es\/Revista\/wp-content\/uploads\/2025\/06\/image5-300x225.png 300w, https:\/\/www.iessenara.es\/Revista\/wp-content\/uploads\/2025\/06\/image5-768x577.png 768w\" sizes=\"(max-width: 969px) 100vw, 969px\" \/><\/figure><\/li><\/ul><a class=\"wp-block-jetpack-slideshow_button-prev swiper-button-prev swiper-button-white\" role=\"button\"><\/a><a class=\"wp-block-jetpack-slideshow_button-next swiper-button-next swiper-button-white\" role=\"button\"><\/a><a aria-label=\"Pause Slideshow\" class=\"wp-block-jetpack-slideshow_button-pause\" role=\"button\"><\/a><div class=\"wp-block-jetpack-slideshow_pagination swiper-pagination swiper-pagination-white\"><\/div><\/div><\/div>\n","protected":false},"excerpt":{"rendered":"<p>AUTORA: Jimena Calleja (Dpto. Educaci\u00f3n Pl\u00e1stica) Gracias al proyecto Platino Educa, hemos podido acceder a ver pel\u00edculas durante el curso con un cat\u00e1logo de m\u00e1s de 400 pel\u00edculas y cortometrajes iberoamericanos, para alfabetizarnos en&#46;&#46;&#46;<\/p>\n","protected":false},"author":3,"featured_media":5707,"comment_status":"open","ping_status":"open","sticky":false,"template":"","format":"standard","meta":{"jetpack_post_was_ever_published":false,"jetpack_publicize_message":"","jetpack_is_tweetstorm":false,"jetpack_publicize_feature_enabled":true,"jetpack_social_options":[]},"categories":[8],"tags":[461,538],"jetpack_publicize_connections":[],"jetpack_featured_media_url":"https:\/\/www.iessenara.es\/Revista\/wp-content\/uploads\/2025\/06\/Filmoteca-espanola-16_9.jpg","jetpack_sharing_enabled":true,"jetpack_shortlink":"https:\/\/wp.me\/p5mbkp-1tZ","_links":{"self":[{"href":"https:\/\/www.iessenara.es\/Revista\/index.php?rest_route=\/wp\/v2\/posts\/5703"}],"collection":[{"href":"https:\/\/www.iessenara.es\/Revista\/index.php?rest_route=\/wp\/v2\/posts"}],"about":[{"href":"https:\/\/www.iessenara.es\/Revista\/index.php?rest_route=\/wp\/v2\/types\/post"}],"author":[{"embeddable":true,"href":"https:\/\/www.iessenara.es\/Revista\/index.php?rest_route=\/wp\/v2\/users\/3"}],"replies":[{"embeddable":true,"href":"https:\/\/www.iessenara.es\/Revista\/index.php?rest_route=%2Fwp%2Fv2%2Fcomments&post=5703"}],"version-history":[{"count":1,"href":"https:\/\/www.iessenara.es\/Revista\/index.php?rest_route=\/wp\/v2\/posts\/5703\/revisions"}],"predecessor-version":[{"id":5708,"href":"https:\/\/www.iessenara.es\/Revista\/index.php?rest_route=\/wp\/v2\/posts\/5703\/revisions\/5708"}],"wp:featuredmedia":[{"embeddable":true,"href":"https:\/\/www.iessenara.es\/Revista\/index.php?rest_route=\/wp\/v2\/media\/5707"}],"wp:attachment":[{"href":"https:\/\/www.iessenara.es\/Revista\/index.php?rest_route=%2Fwp%2Fv2%2Fmedia&parent=5703"}],"wp:term":[{"taxonomy":"category","embeddable":true,"href":"https:\/\/www.iessenara.es\/Revista\/index.php?rest_route=%2Fwp%2Fv2%2Fcategories&post=5703"},{"taxonomy":"post_tag","embeddable":true,"href":"https:\/\/www.iessenara.es\/Revista\/index.php?rest_route=%2Fwp%2Fv2%2Ftags&post=5703"}],"curies":[{"name":"wp","href":"https:\/\/api.w.org\/{rel}","templated":true}]}}