{"id":5712,"date":"2025-06-25T21:58:18","date_gmt":"2025-06-25T20:58:18","guid":{"rendered":"http:\/\/www.iessenara.es\/Revista\/?p=5712"},"modified":"2025-06-25T21:58:19","modified_gmt":"2025-06-25T20:58:19","slug":"entrevista-a-jesus-payo-puente","status":"publish","type":"post","link":"https:\/\/www.iessenara.es\/Revista\/?p=5712","title":{"rendered":"Entrevista a Jes\u00fas Payo Puente"},"content":{"rendered":"\n<p class=\"has-drop-cap\">Jes\u00fas Payo Puente, profesor y jefe del departamento de Filosof\u00eda, con destino definitivo en el IES Senara desde el curso 2010\/2011, se jubila despu\u00e9s de m\u00e1s de treinta a\u00f1os dedicado a la ense\u00f1anza, los quince \u00faltimos en nuestro centro. La revista Cosas del Senara le ha hecho una entrevista en la que nos revela c\u00f3mo ha sido su trayectoria profesional y nos desvela a qu\u00e9 piensa dedicarse a partir de ahora.\u00a0<\/p>\n\n\n\n<div class=\"wp-block-jetpack-slideshow aligncenter\" data-effect=\"slide\"><div class=\"wp-block-jetpack-slideshow_container swiper-container\"><ul class=\"wp-block-jetpack-slideshow_swiper-wrapper swiper-wrapper\"><li class=\"wp-block-jetpack-slideshow_slide swiper-slide\"><figure><img decoding=\"async\" loading=\"lazy\" width=\"1024\" height=\"768\" alt=\"\" class=\"wp-block-jetpack-slideshow_image wp-image-5713\" data-id=\"5713\" src=\"http:\/\/www.iessenara.es\/Revista\/wp-content\/uploads\/2025\/06\/1750751511647-1024x768.jpg\" srcset=\"https:\/\/www.iessenara.es\/Revista\/wp-content\/uploads\/2025\/06\/1750751511647-1024x768.jpg 1024w, https:\/\/www.iessenara.es\/Revista\/wp-content\/uploads\/2025\/06\/1750751511647-300x225.jpg 300w, https:\/\/www.iessenara.es\/Revista\/wp-content\/uploads\/2025\/06\/1750751511647-768x576.jpg 768w, https:\/\/www.iessenara.es\/Revista\/wp-content\/uploads\/2025\/06\/1750751511647-1536x1152.jpg 1536w, https:\/\/www.iessenara.es\/Revista\/wp-content\/uploads\/2025\/06\/1750751511647-2048x1536.jpg 2048w\" sizes=\"(max-width: 1024px) 100vw, 1024px\" \/><\/figure><\/li><li class=\"wp-block-jetpack-slideshow_slide swiper-slide\"><figure><img decoding=\"async\" loading=\"lazy\" width=\"1024\" height=\"768\" alt=\"\" class=\"wp-block-jetpack-slideshow_image wp-image-5714\" data-id=\"5714\" src=\"http:\/\/www.iessenara.es\/Revista\/wp-content\/uploads\/2025\/06\/1750751511679-1024x768.jpg\" srcset=\"https:\/\/www.iessenara.es\/Revista\/wp-content\/uploads\/2025\/06\/1750751511679-1024x768.jpg 1024w, https:\/\/www.iessenara.es\/Revista\/wp-content\/uploads\/2025\/06\/1750751511679-300x225.jpg 300w, https:\/\/www.iessenara.es\/Revista\/wp-content\/uploads\/2025\/06\/1750751511679-768x576.jpg 768w, https:\/\/www.iessenara.es\/Revista\/wp-content\/uploads\/2025\/06\/1750751511679-1536x1152.jpg 1536w, https:\/\/www.iessenara.es\/Revista\/wp-content\/uploads\/2025\/06\/1750751511679-2048x1536.jpg 2048w\" sizes=\"(max-width: 1024px) 100vw, 1024px\" \/><\/figure><\/li><\/ul><a class=\"wp-block-jetpack-slideshow_button-prev swiper-button-prev swiper-button-white\" role=\"button\"><\/a><a class=\"wp-block-jetpack-slideshow_button-next swiper-button-next swiper-button-white\" role=\"button\"><\/a><a aria-label=\"Pause Slideshow\" class=\"wp-block-jetpack-slideshow_button-pause\" role=\"button\"><\/a><div class=\"wp-block-jetpack-slideshow_pagination swiper-pagination swiper-pagination-white\"><\/div><\/div><\/div>\n\n\n\n<p><strong>Empezando por tu formaci\u00f3n, \u00bfde d\u00f3nde surge tu pasi\u00f3n por la Filosof\u00eda?<\/strong>&nbsp;<\/p>\n\n\n\n<p>Despu\u00e9s de estudiar Bachillerato por Ciencias Puras empec\u00e9 Medicina y lo dej\u00e9 al segundo a\u00f1o. Como en casa est\u00e1bamos obligados a estudiar algo y no quer\u00eda salir al extranjero (aunque me lo ofrecieron) y no sab\u00eda muy bien qu\u00e9 hacer, cog\u00ed Filosof\u00eda, porque pensar, la b\u00fasqueda de la verdad y aplicar la raz\u00f3n eran algo que tambi\u00e9n me atra\u00eda. Tras acabar Filosof\u00eda hice un posgrado de Acuicultura.&nbsp;<\/p>\n\n\n\n<p><strong>Comenzaste a estudiar otra carrera, \u00bfqu\u00e9 consejo le dar\u00edas a los alumnos que inician su vida universitaria y se dan cuenta de que se han equivocado de estudios?<\/strong>&nbsp;<\/p>\n\n\n\n<p>En ocasiones puede costar bastante tomar la decisi\u00f3n de cambiar, pero si uno se da cuenta de que el camino que ha tomado no es el correcto, cuanto antes lo deje, mejor. Y siempre es mejor dejar un camino que sientes de verdad que no es el correcto para ti que seguir en ese camino por m\u00faltiples motivos.&nbsp;<\/p>\n\n\n\n<p><strong>\u00bfEn qu\u00e9 momento supiste que la ense\u00f1anza era tu vocaci\u00f3n? De no haber sido profesor, \u00bfen qu\u00e9 otra profesi\u00f3n te habr\u00edas visto realizado?<\/strong>&nbsp;<\/p>\n\n\n\n<p>A m\u00ed, colocarme delante de un grupo de gente y compartir, discutir, intercambiar planteamientos, aprender&#8230; me ha gustado siempre y creo que uno de los campos donde he podido realizar lo anterior es como profesor de Filosof\u00eda.&nbsp;<\/p>\n\n\n\n<p><strong>\u00bfHas tenido alg\u00fan profesor que te haya influido especialmente?<\/strong>&nbsp;<\/p>\n\n\n\n<p>Durante la carrera no. Despu\u00e9s, en el ejercicio de mi tarea como profesor, algunos compa\u00f1eros, no solo de Filosof\u00eda, han sido un ejemplo y he podido aprender mucho de ellos, en metodolog\u00eda, en rigor y seriedad profesional, en trato y educaci\u00f3n&#8230;&nbsp;<\/p>\n\n\n\n<figure class=\"wp-block-image size-large\"><a href=\"http:\/\/www.iessenara.es\/Revista\/wp-content\/uploads\/2025\/06\/1750751511580-scaled.jpg\"><img decoding=\"async\" loading=\"lazy\" width=\"1024\" height=\"768\" src=\"http:\/\/www.iessenara.es\/Revista\/wp-content\/uploads\/2025\/06\/1750751511580-1024x768.jpg\" alt=\"\" class=\"wp-image-5716\" srcset=\"https:\/\/www.iessenara.es\/Revista\/wp-content\/uploads\/2025\/06\/1750751511580-1024x768.jpg 1024w, https:\/\/www.iessenara.es\/Revista\/wp-content\/uploads\/2025\/06\/1750751511580-300x225.jpg 300w, https:\/\/www.iessenara.es\/Revista\/wp-content\/uploads\/2025\/06\/1750751511580-768x576.jpg 768w, https:\/\/www.iessenara.es\/Revista\/wp-content\/uploads\/2025\/06\/1750751511580-1536x1152.jpg 1536w, https:\/\/www.iessenara.es\/Revista\/wp-content\/uploads\/2025\/06\/1750751511580-2048x1536.jpg 2048w\" sizes=\"(max-width: 1024px) 100vw, 1024px\" \/><\/a><\/figure>\n\n\n\n<p><\/p>\n\n\n\n<p><strong>De tus compa\u00f1eros de trabajo, \u00bfde qui\u00e9n has aprendido m\u00e1s?<\/strong>&nbsp;<\/p>\n\n\n\n<p>De todos aquellos con los que he podido dialogar abiertamente e intercambiar planteamientos y que, a pesar de tener visiones diferentes, han mostrado una actitud de comprensi\u00f3n y respeto.&nbsp;<\/p>\n\n\n\n<p><strong>En cuanto a tu trayectoria profesional, antes de llegar al lES Senara, \u00bfqu\u00e9 otros destinos han marcado tu camino?<\/strong>&nbsp;<\/p>\n\n\n\n<p>He trabajado en Santa Mar\u00eda del P\u00e1ramo (provincia de Le\u00f3n), en Le\u00f3n capital, en Fabero (provincia de Le\u00f3n), en Cuenca capital, en Sig\u00fcenza (Guadalajara), en Oropesa (Toledo), en B\u00e9jar (Salamanca).&nbsp;<\/p>\n\n\n\n<p><strong>Cuando llegaste al Senara, \u00bfqu\u00e9 es lo que m\u00e1s te llam\u00f3 la atenci\u00f3n del instituto? \u00bfC\u00f3mo lo caracterizar\u00edas? \u00bfC\u00f3mo definir\u00edas a sus alumnos?&nbsp;<\/strong>&nbsp;<\/p>\n\n\n\n<p>El dise\u00f1o laber\u00edntico del centro.&nbsp;&nbsp;<\/p>\n\n\n\n<p>Ha experimentado grandes cambios; unos debidos a los propios cambios sociales y otros debidos a los distintos profesionales que han ido pasando por \u00e9l. Todos han dejado su huella.&nbsp;<\/p>\n\n\n\n<p>Era un centro peque\u00f1o, de pueblos varios.&nbsp;<\/p>\n\n\n\n<p>Mis alumnos estaban muy poco interesados por trabajar la Filosof\u00eda\u2026&nbsp;&nbsp;<\/p>\n\n\n\n<figure class=\"wp-block-image size-large\"><a href=\"http:\/\/www.iessenara.es\/Revista\/wp-content\/uploads\/2025\/06\/1750751511616-scaled.jpg\"><img decoding=\"async\" loading=\"lazy\" width=\"1024\" height=\"768\" src=\"http:\/\/www.iessenara.es\/Revista\/wp-content\/uploads\/2025\/06\/1750751511616-1024x768.jpg\" alt=\"\" class=\"wp-image-5717\" srcset=\"https:\/\/www.iessenara.es\/Revista\/wp-content\/uploads\/2025\/06\/1750751511616-1024x768.jpg 1024w, https:\/\/www.iessenara.es\/Revista\/wp-content\/uploads\/2025\/06\/1750751511616-300x225.jpg 300w, https:\/\/www.iessenara.es\/Revista\/wp-content\/uploads\/2025\/06\/1750751511616-768x576.jpg 768w, https:\/\/www.iessenara.es\/Revista\/wp-content\/uploads\/2025\/06\/1750751511616-1536x1152.jpg 1536w, https:\/\/www.iessenara.es\/Revista\/wp-content\/uploads\/2025\/06\/1750751511616-2048x1536.jpg 2048w\" sizes=\"(max-width: 1024px) 100vw, 1024px\" \/><\/a><\/figure>\n\n\n\n<p><\/p>\n\n\n\n<p><strong>\u00bfC\u00f3mo valorar\u00edas los recursos con los que has contado en el IES Senara para desarrollar tu labor docente?<\/strong>&nbsp;<\/p>\n\n\n\n<p>Han variado bastante seg\u00fan \u00e9pocas. En algunas ocasiones han sido excelentes, tanto de manera material como humana.&nbsp;<\/p>\n\n\n\n<p><strong>\u00bfHas cambiado tu forma de dar clase desde que comenzaste como profesor hasta esta \u00faltima etapa?<\/strong>&nbsp;<\/p>\n\n\n\n<p>Much\u00edsimo. Como en toda evoluci\u00f3n, en el proceso, he ido ganando y perdiendo aspectos positivos y negativos. Destacar\u00eda como negativo la disminuci\u00f3n del tiempo dedicado al estudio, el menor nivel de conocimientos, la menor capacidad de pensamiento y an\u00e1lisis cr\u00edtico\u2026&nbsp;<\/p>\n\n\n\n<p>Y como positivo, la mayor cercan\u00eda y comprensi\u00f3n con los alumnos y sus familias, el trabajo en el huerto, las charlas y paseos con los alumnos\u2026&nbsp;&nbsp;<\/p>\n\n\n\n<p><strong>Haciendo un resumen de tu trayectoria como profesor, \u00bfqu\u00e9 ha sido lo m\u00e1s satisfactorio de tu t<\/strong><strong>r<\/strong><strong>abajo? \u00bfY lo m\u00e1s ingrato?<\/strong>&nbsp;<\/p>\n\n\n\n<p>La posibilidad de \u201csembrar para el futuro\u201d sin esperar los resultados de modo inmediato.&nbsp;<\/p>\n\n\n\n<p>La falta de respeto y que no me dejasen trabajar, por no hacer mi tarea al modo como otros quer\u00edan.&nbsp;<\/p>\n\n\n\n<p><strong>Si tuvieses que elegir un momento en el IES Senara, \u00bfcu\u00e1<\/strong><strong>l <\/strong><strong>ser\u00eda?<\/strong>&nbsp;<\/p>\n\n\n\n<p>Cada vez que he sido capaz de escuchar plenamente al ser humano que ten\u00eda delante.&nbsp;<\/p>\n\n\n\n<p><strong>\u00bfQu\u00e9 consejos dar\u00edas a tus compa\u00f1eros de profesi\u00f3n y a tus a<\/strong><strong>l<\/strong><strong>umnos?<\/strong>&nbsp;<\/p>\n\n\n\n<p>Que no se traicionasen a ellos mismos.&nbsp;<\/p>\n\n\n\n<p><strong>\u00bfQu\u00e9 aspectos de la educaci\u00f3n global de los alumnos contribuye a desarrollar la materia de Filosof\u00eda y<\/strong><strong> <\/strong><strong>las diferentes materias como Educaci\u00f3n en Valores C\u00edvicos y \u00c9ticos que has impartido<\/strong><strong>?<\/strong>&nbsp;<\/p>\n\n\n\n<p>Me quedar\u00eda con: la b\u00fasqueda de la verdad, el an\u00e1lisis cr\u00edtico del conocimiento, dudar, lo desconocido, creer, los usos del coraz\u00f3n y de la raz\u00f3n (por este orden), la importancia del respeto a diferentes planteamientos, el papel fundamental e imprescindible del error y de equivocarse, de corregir y rectificar, la humildad, el pedir perd\u00f3n, escuchar atentamente, aceptarse uno mismo y al otro como es ahora, VIVIR LA VIDA (no solo sobrevivir).&nbsp;&nbsp;<\/p>\n\n\n\n<p><strong>Inicias una etapa muy especial de tu vida, \u00bfqu\u00e9 vas a echar de menos de tu trabajo en ella?<\/strong>&nbsp;<\/p>\n\n\n\n<p>El contacto con los alumnos.&nbsp;<\/p>\n\n\n\n<p><strong>Una de tus aficiones es la pesca, pero, adem\u00e1s, tienes grandes conocimientos en acuicultura. \u00bfC\u00f3mo surge este inter\u00e9s?<\/strong>&nbsp;<\/p>\n\n\n\n<p>Desde que recuerdo me han atra\u00eddo los r\u00edos y la mar y todos sus habitantes de una manera magn\u00e9tica. He tenido adem\u00e1s la gran suerte de poder estudiar acuicultura de modos \u201coficiales\u201d.&nbsp;&nbsp;<\/p>\n\n\n\n<p><strong>\u00bfQu\u00e9 planes o proyectos tienes preparados para esta nueva etapa de tu vida?<\/strong>&nbsp;<\/p>\n\n\n\n<p>Dedicar m\u00e1s tiempo (y en los momentos adecuados) a actividades que disfruto: pescar, coger setas, cultivar plantas, fitoterapia, taichi, cocina, viajar algo\u2026 y, sobre todo, con los amigos y la familia.<\/p>\n\n\n\n<div class=\"wp-block-jetpack-slideshow aligncenter\" data-effect=\"slide\"><div class=\"wp-block-jetpack-slideshow_container swiper-container\"><ul class=\"wp-block-jetpack-slideshow_swiper-wrapper swiper-wrapper\"><li class=\"wp-block-jetpack-slideshow_slide swiper-slide\"><figure><img decoding=\"async\" loading=\"lazy\" width=\"1024\" height=\"768\" alt=\"\" class=\"wp-block-jetpack-slideshow_image wp-image-5718\" data-id=\"5718\" src=\"http:\/\/www.iessenara.es\/Revista\/wp-content\/uploads\/2025\/06\/1750751483745-1024x768.jpg\" srcset=\"https:\/\/www.iessenara.es\/Revista\/wp-content\/uploads\/2025\/06\/1750751483745-1024x768.jpg 1024w, https:\/\/www.iessenara.es\/Revista\/wp-content\/uploads\/2025\/06\/1750751483745-300x225.jpg 300w, https:\/\/www.iessenara.es\/Revista\/wp-content\/uploads\/2025\/06\/1750751483745-768x576.jpg 768w, https:\/\/www.iessenara.es\/Revista\/wp-content\/uploads\/2025\/06\/1750751483745-1536x1152.jpg 1536w, https:\/\/www.iessenara.es\/Revista\/wp-content\/uploads\/2025\/06\/1750751483745-2048x1536.jpg 2048w\" sizes=\"(max-width: 1024px) 100vw, 1024px\" \/><\/figure><\/li><li class=\"wp-block-jetpack-slideshow_slide swiper-slide\"><figure><img decoding=\"async\" loading=\"lazy\" width=\"1024\" height=\"768\" alt=\"\" class=\"wp-block-jetpack-slideshow_image wp-image-5719\" data-id=\"5719\" src=\"http:\/\/www.iessenara.es\/Revista\/wp-content\/uploads\/2025\/06\/1750751483772-1024x768.jpg\" srcset=\"https:\/\/www.iessenara.es\/Revista\/wp-content\/uploads\/2025\/06\/1750751483772-1024x768.jpg 1024w, https:\/\/www.iessenara.es\/Revista\/wp-content\/uploads\/2025\/06\/1750751483772-300x225.jpg 300w, https:\/\/www.iessenara.es\/Revista\/wp-content\/uploads\/2025\/06\/1750751483772-768x576.jpg 768w, https:\/\/www.iessenara.es\/Revista\/wp-content\/uploads\/2025\/06\/1750751483772-1536x1152.jpg 1536w, https:\/\/www.iessenara.es\/Revista\/wp-content\/uploads\/2025\/06\/1750751483772-2048x1536.jpg 2048w\" sizes=\"(max-width: 1024px) 100vw, 1024px\" \/><\/figure><\/li><\/ul><a class=\"wp-block-jetpack-slideshow_button-prev swiper-button-prev swiper-button-white\" role=\"button\"><\/a><a class=\"wp-block-jetpack-slideshow_button-next swiper-button-next swiper-button-white\" role=\"button\"><\/a><a aria-label=\"Pause Slideshow\" class=\"wp-block-jetpack-slideshow_button-pause\" role=\"button\"><\/a><div class=\"wp-block-jetpack-slideshow_pagination swiper-pagination swiper-pagination-white\"><\/div><\/div><\/div>\n","protected":false},"excerpt":{"rendered":"<p>Jes\u00fas Payo Puente, profesor y jefe del departamento de Filosof\u00eda, con destino definitivo en el IES Senara desde el curso 2010\/2011, se jubila despu\u00e9s de m\u00e1s de treinta a\u00f1os dedicado a la ense\u00f1anza, los&#46;&#46;&#46;<\/p>\n","protected":false},"author":3,"featured_media":5715,"comment_status":"open","ping_status":"open","sticky":false,"template":"","format":"standard","meta":{"jetpack_post_was_ever_published":false,"jetpack_publicize_message":"","jetpack_is_tweetstorm":false,"jetpack_publicize_feature_enabled":true,"jetpack_social_options":[]},"categories":[9],"tags":[542,151],"jetpack_publicize_connections":[],"jetpack_featured_media_url":"https:\/\/www.iessenara.es\/Revista\/wp-content\/uploads\/2025\/06\/Jesus-Payo_16_9-scaled.jpg","jetpack_sharing_enabled":true,"jetpack_shortlink":"https:\/\/wp.me\/p5mbkp-1u8","_links":{"self":[{"href":"https:\/\/www.iessenara.es\/Revista\/index.php?rest_route=\/wp\/v2\/posts\/5712"}],"collection":[{"href":"https:\/\/www.iessenara.es\/Revista\/index.php?rest_route=\/wp\/v2\/posts"}],"about":[{"href":"https:\/\/www.iessenara.es\/Revista\/index.php?rest_route=\/wp\/v2\/types\/post"}],"author":[{"embeddable":true,"href":"https:\/\/www.iessenara.es\/Revista\/index.php?rest_route=\/wp\/v2\/users\/3"}],"replies":[{"embeddable":true,"href":"https:\/\/www.iessenara.es\/Revista\/index.php?rest_route=%2Fwp%2Fv2%2Fcomments&post=5712"}],"version-history":[{"count":4,"href":"https:\/\/www.iessenara.es\/Revista\/index.php?rest_route=\/wp\/v2\/posts\/5712\/revisions"}],"predecessor-version":[{"id":5723,"href":"https:\/\/www.iessenara.es\/Revista\/index.php?rest_route=\/wp\/v2\/posts\/5712\/revisions\/5723"}],"wp:featuredmedia":[{"embeddable":true,"href":"https:\/\/www.iessenara.es\/Revista\/index.php?rest_route=\/wp\/v2\/media\/5715"}],"wp:attachment":[{"href":"https:\/\/www.iessenara.es\/Revista\/index.php?rest_route=%2Fwp%2Fv2%2Fmedia&parent=5712"}],"wp:term":[{"taxonomy":"category","embeddable":true,"href":"https:\/\/www.iessenara.es\/Revista\/index.php?rest_route=%2Fwp%2Fv2%2Fcategories&post=5712"},{"taxonomy":"post_tag","embeddable":true,"href":"https:\/\/www.iessenara.es\/Revista\/index.php?rest_route=%2Fwp%2Fv2%2Ftags&post=5712"}],"curies":[{"name":"wp","href":"https:\/\/api.w.org\/{rel}","templated":true}]}}