{"id":578,"date":"2015-06-17T11:34:22","date_gmt":"2015-06-17T11:34:22","guid":{"rendered":"http:\/\/www.iessenara.es\/Revista\/?p=578"},"modified":"2015-06-17T11:39:43","modified_gmt":"2015-06-17T11:39:43","slug":"viaje-a-roma-piazza-del-popolo","status":"publish","type":"post","link":"https:\/\/www.iessenara.es\/Revista\/?p=578","title":{"rendered":"Viaje a Roma: Piazza del Popolo"},"content":{"rendered":"<p>La Piazza del Popolo es una de las plazas m\u00e1s conocidas de Roma. En espa\u00f1ol su nombre se traducir\u00eda como Plaza del Pueblo. Se discute si este nombre procede de la capilla que levant\u00f3 en 1099 el pueblo de Roma en el solar donde hoy est\u00e1 el convento de Santa Mar\u00eda del Popolo o por la abundancia de chopos en esta zona.<\/p>\n<div id=\"attachment_579\" style=\"width: 310px\" class=\"wp-caption alignleft\"><a href=\"http:\/\/www.iessenara.es\/Revista\/wp-content\/uploads\/2015\/06\/popolo1.jpg\"><img aria-describedby=\"caption-attachment-579\" decoding=\"async\" loading=\"lazy\" class=\"wp-image-579 size-medium\" src=\"http:\/\/www.iessenara.es\/Revista\/wp-content\/uploads\/2015\/06\/popolo1-300x200.jpg\" alt=\"Las iglesias gemelas de Santa M\u00aa dei Miracoli y Santa M\u00aa in Montesanto.\" width=\"300\" height=\"200\" srcset=\"https:\/\/www.iessenara.es\/Revista\/wp-content\/uploads\/2015\/06\/popolo1-300x200.jpg 300w, https:\/\/www.iessenara.es\/Revista\/wp-content\/uploads\/2015\/06\/popolo1-1024x682.jpg 1024w, https:\/\/www.iessenara.es\/Revista\/wp-content\/uploads\/2015\/06\/popolo1.jpg 1900w\" sizes=\"(max-width: 300px) 100vw, 300px\" \/><\/a><p id=\"caption-attachment-579\" class=\"wp-caption-text\">Las iglesias gemelas de Santa M\u00aa dei Miracoli y Santa M\u00aa in Montesanto.<\/p><\/div>\n<p>La Plaza se encuentra en la puerta norte de lo que eran las Murallas aurelianas, donde antes estaba la Puerta Flaminia, justo el comienzo de la V\u00eda Flaminia, que en tiempos del Imperio era la principal calzada hac\u00eda el norte. El dise\u00f1o actual de la plaza es de estilo neocl\u00e1sico, obra del arquitecto Giusseppe Valadier entre 1811 y 1822, quien se ocup\u00f3 de la demolici\u00f3n de algunos edificios con el fin de dotar a la plaza de dos armoniosos semic\u00edrculos. Este dise\u00f1o rompe con la forma trapezoidal centrada en la V\u00eda Flaminia de la antigua plaza; en lugar de \u00e9l, los dos semic\u00edrculos son una clara reminiscencia de la Plaza de San Pedro, obra de Bernini.<\/p>\n<p>Un obelisco egipcio llamado Flaminio dedicado a Rams\u00e9s II, tra\u00eddo de Heli\u00f3polis se alza en el centro de la plaza. Es el segundo m\u00e1s antiguo y uno de los m\u00e1s altos de Roma con 24 metros, o 36 contando el pedestal. Su antigua ubicaci\u00f3n en el Circo M\u00e1ximo data del a\u00f1o 10 a.C., por orden del emperador Augusto. Domenico Fontana eligi\u00f3 colocarlo en el centro en 1589 como parte del plan urban\u00edstico auspiciado por el Papa Sixto V.<\/p>\n<p>Anteriormente, una fuente decoraba la parte central de la plaza; dicha fuente se encuentra en Piazza Nicosia adonde se traslad\u00f3 en 1818, cuando se a\u00f1adieron fuentes de inspiraci\u00f3n egipcia a la base del obelisco.<\/p>\n<p>Mirando desde el norte tres calles nacen de la plaza, formando el conocido tridente: la V\u00eda del Corso en el centro (una de las principales arterias comerciales de la ciudad), V\u00eda del Babuino a la izquierda y la V\u00eda di Ripetta a la derecha. Las iglesias gemelas de Santa Maria dei Miracoli (1681) y Santa Maria in Montesanto (1679), empezadas por Carlo Rainaldi y completadas por Bernini y Carlo Fontana, delimitan el cruce de las calles. En ellas aparecen diferencias al estilo de la as\u00edmetr\u00eda barroca, lo que no hubiera ocurrido si se hubiese tratado de un dise\u00f1o neocl\u00e1sico.<\/p>\n<div id=\"attachment_580\" style=\"width: 310px\" class=\"wp-caption alignleft\"><a href=\"http:\/\/www.iessenara.es\/Revista\/wp-content\/uploads\/2015\/06\/popolo2.jpg\"><img aria-describedby=\"caption-attachment-580\" decoding=\"async\" loading=\"lazy\" class=\"wp-image-580 size-medium\" src=\"http:\/\/www.iessenara.es\/Revista\/wp-content\/uploads\/2015\/06\/popolo2-300x200.jpg\" alt=\"Santa Mar\u00eda del Popolo alberga los cuadros del Caravaggio: La conversi\u00f3n de San Pablo y la Crucifixi\u00f3n de San Pedro.\" width=\"300\" height=\"200\" srcset=\"https:\/\/www.iessenara.es\/Revista\/wp-content\/uploads\/2015\/06\/popolo2-300x200.jpg 300w, https:\/\/www.iessenara.es\/Revista\/wp-content\/uploads\/2015\/06\/popolo2-1024x682.jpg 1024w, https:\/\/www.iessenara.es\/Revista\/wp-content\/uploads\/2015\/06\/popolo2.jpg 1900w\" sizes=\"(max-width: 300px) 100vw, 300px\" \/><\/a><p id=\"caption-attachment-580\" class=\"wp-caption-text\">Santa Mar\u00eda del Popolo alberga los cuadros del Caravaggio: La conversi\u00f3n de San Pablo y la Crucifixi\u00f3n de San Pedro.<\/p><\/div>\n<p>Hacia el Sur, la V\u00eda del Corso sigue el rumbo de la antigua V\u00eda Flaminia, que cambi\u00f3 de nombre en la Edad Media, pas\u00e1ndose a llamar V\u00eda Lata, antes de quedarse con el nombre actual y finaliza en Piazza Venezia. Proviene de la Colina Capitolina y del Foro romano. La V\u00eda di Ripetta pasa por el Mauseoleo de Augusto hasta llegar al T\u00edber, donde hasta el s. XIX se pod\u00eda encontrar el Porto di Ripetta. La V\u00eda del Babuino, que muere en Piazza di Spagna, toma su nombre de una grotesca escultura de Sileno, conocida con el sobrenombre popular de \u00abEl Babuino\u00bb.<\/p>\n<p>En el lado norte se alza la Porta del Popolo y la vieja iglesia de Santa Maria del Popolo; la Porta sufri\u00f3 su \u00faltima transformaci\u00f3n en 1655, cuando el Papa Alejandro VII orden\u00f3 adecentarla para recibir a la Reina Cristina de Suecia, despu\u00e9s de su conversi\u00f3n al catolicismo y su abdicaci\u00f3n. El dise\u00f1o corri\u00f3 a cargo de Bernini. Es curioso que mientras normalmente este tipo de estructuras festivas se fabrican en materiales poco resistentes, en Roma se realizase en piedra. Completa la plaza una comisar\u00eda de Carabinieri cuya c\u00fapula refleja la de la iglesia de Santa Mar\u00eda.<\/p>\n<p><strong>OPINI\u00d3N PERSONAL DEL VIAJE A ROMA 2015<\/strong><\/p>\n<p>Roma es una ciudad realmente maravillosa. La verdad es que me ha encantado todo; ha sido genial, tanto el viaje en avi\u00f3n y autob\u00fas, las visitas sobre todo y tambi\u00e9n las veladas nocturnas con todos nuestros amigos y compa\u00f1eros en las habitaciones del hotel, contando chistes, recordando momentos vividos, an\u00e9cdotas o tambi\u00e9n cantando y gastando bromas a los que se quedaban dormidos.<\/p>\n<p>La ciudad tiene un monumento, un resto arqueol\u00f3gico o un rinc\u00f3n encantador a la vuelta de cada esquina, y lo que personalmente m\u00e1s me ha impresionado es c\u00f3mo \u00edbamos en una calle estrecha, normal y, de repente, nos encontr\u00e1bamos con plazas o monumentos gigantescos y preciosos. Los monumentos como el Foro Romano, el Vaticano, el Coliseo, el Pante\u00f3n, entre otros monumentos, plazas (Navona, Popolo, Espa\u00f1a\u2026) e iglesias me han parecido todos espectaculares, enormes, preciosos.<\/p>\n<p>Tambi\u00e9n hemos visitado las catacumbas de san Calixto; pese a haber estado dentro de ellas unos treinta minutos escasos, me han parecido unas obras arquitect\u00f3nicas espectaculares, ya que est\u00e1n construidas bajo tierra en \u00e9pocas muy antiguas, y no me imaginaba que tuviesen tantos pasadizos estrechos, haciendo que se parezcan a un laberinto.<\/p>\n<p>Muchos de los monumentos por la noche resaltan m\u00e1s que por el d\u00eda y son dignos de ser admirados por su gran luminosidad y por la cantidad de gente que sale a la calle para poder ver a los artistas, m\u00fasicos, pintores o incluso mimos que salen al anochecer a esos preciosos lugares de Roma para mostrar sus obras de arte, ya sea con pintura, m\u00fasica o gestos.<\/p>\n<p>Realmente, como ya he dicho anteriormente, me ha encantado todo, ya sea por momentos pasados en los distintos lugares o porque me resultase bonito, pero es que, incluso la compa\u00f1\u00eda que hemos tenido, tanto los alumnos, es decir mis amigos y compa\u00f1eros, como de los profesores ha sido estupenda, ya que han estado a nuestro lado en todo momento para resolvernos las dudas que nos surg\u00edan durante las visitas.<\/p>\n<div id=\"attachment_581\" style=\"width: 310px\" class=\"wp-caption alignleft\"><a href=\"http:\/\/www.iessenara.es\/Revista\/wp-content\/uploads\/2015\/06\/popolo3.jpg\"><img aria-describedby=\"caption-attachment-581\" decoding=\"async\" loading=\"lazy\" class=\"wp-image-581 size-medium\" src=\"http:\/\/www.iessenara.es\/Revista\/wp-content\/uploads\/2015\/06\/popolo3-300x200.jpg\" alt=\"Est\u00e1bamos agotados, pero no se nos nota nada.\" width=\"300\" height=\"200\" srcset=\"https:\/\/www.iessenara.es\/Revista\/wp-content\/uploads\/2015\/06\/popolo3-300x200.jpg 300w, https:\/\/www.iessenara.es\/Revista\/wp-content\/uploads\/2015\/06\/popolo3-1024x682.jpg 1024w, https:\/\/www.iessenara.es\/Revista\/wp-content\/uploads\/2015\/06\/popolo3.jpg 1900w\" sizes=\"(max-width: 300px) 100vw, 300px\" \/><\/a><p id=\"caption-attachment-581\" class=\"wp-caption-text\">Est\u00e1bamos agotados, pero no se nos nota nada.<\/p><\/div>\n<p>Me ha parecido muy bien que los profesores despu\u00e9s cada visita nos dejasen tiempo libre para poder comer o cenar a gusto y tranquilos, para despu\u00e9s ir a donde nosotros quisi\u00e9ramos siempre en grupo, porque as\u00ed hemos ido a nuestro aire durante unas horas cada d\u00eda y hemos podido disfrutar de muchos de los encantos de la ciudad, haci\u00e9ndonos sentir como si estuvi\u00e9ramos en nuestra propia casa. Algunos de los ejemplos de lo dicho anteriormente son: tumbarnos en la puerta del Pante\u00f3n y o\u00edr tocar a los distintos m\u00fasicos que cantaban y tocaban all\u00ed, sentarnos en unas piedras al pie del Coliseo, o simplemente pasear por las calles hablando de distintos temas y, sobre todo, algo que siempre recordar\u00e9, ir cantando por cada calle canciones t\u00edpicas de Espa\u00f1a, porque all\u00ed nos sentimos todos m\u00e1s espa\u00f1oles que nunca.<\/p>\n<p>Para los que hablamos espa\u00f1ol es una ciudad muy cercana, ya que los italianos entienden casi todo lo que decimos, aunque a nosotros nos cueste m\u00e1s entenderlos a ellos; pero no hemos tenido ning\u00fan tipo de problema para entendernos en ning\u00fan momento, puesto que la gente en su mayor\u00eda es muy amable y la comunicaci\u00f3n es r\u00e1pida. Adem\u00e1s, casi a cada paso que d\u00e1bamos nos encontr\u00e1bamos a much\u00edsimos turistas de otros pa\u00edses, pero sobre todo espa\u00f1oles, ya que se les conoc\u00eda bien, porque todos los grupos \u00edbamos con las banderas de Espa\u00f1a atadas a la espalda.<\/p>\n<p>Es una ciudad a la que volver\u00eda a ir una y mil veces m\u00e1s, para verla de nuevo y tambi\u00e9n para poder ver los monumentos que se encontraban en obras, como la Fontana de Trevi.<\/p>\n<p>Sandra Gonz\u00e1lez Tejedor. 4\u00ba ESO A<\/p>\n","protected":false},"excerpt":{"rendered":"<p>La Piazza del Popolo es una de las plazas m\u00e1s conocidas de Roma. En espa\u00f1ol su nombre se traducir\u00eda como Plaza del Pueblo. Se discute si este nombre procede de la capilla que levant\u00f3&#46;&#46;&#46;<\/p>\n","protected":false},"author":3,"featured_media":581,"comment_status":"open","ping_status":"open","sticky":false,"template":"","format":"standard","meta":{"jetpack_post_was_ever_published":false,"jetpack_publicize_message":"","jetpack_is_tweetstorm":false,"jetpack_publicize_feature_enabled":true,"jetpack_social_options":[]},"categories":[6,8],"tags":[19,35,33,36,32],"jetpack_publicize_connections":[],"jetpack_featured_media_url":"https:\/\/www.iessenara.es\/Revista\/wp-content\/uploads\/2015\/06\/popolo3.jpg","jetpack_sharing_enabled":true,"jetpack_shortlink":"https:\/\/wp.me\/p5mbkp-9k","_links":{"self":[{"href":"https:\/\/www.iessenara.es\/Revista\/index.php?rest_route=\/wp\/v2\/posts\/578"}],"collection":[{"href":"https:\/\/www.iessenara.es\/Revista\/index.php?rest_route=\/wp\/v2\/posts"}],"about":[{"href":"https:\/\/www.iessenara.es\/Revista\/index.php?rest_route=\/wp\/v2\/types\/post"}],"author":[{"embeddable":true,"href":"https:\/\/www.iessenara.es\/Revista\/index.php?rest_route=\/wp\/v2\/users\/3"}],"replies":[{"embeddable":true,"href":"https:\/\/www.iessenara.es\/Revista\/index.php?rest_route=%2Fwp%2Fv2%2Fcomments&post=578"}],"version-history":[{"count":4,"href":"https:\/\/www.iessenara.es\/Revista\/index.php?rest_route=\/wp\/v2\/posts\/578\/revisions"}],"predecessor-version":[{"id":585,"href":"https:\/\/www.iessenara.es\/Revista\/index.php?rest_route=\/wp\/v2\/posts\/578\/revisions\/585"}],"wp:featuredmedia":[{"embeddable":true,"href":"https:\/\/www.iessenara.es\/Revista\/index.php?rest_route=\/wp\/v2\/media\/581"}],"wp:attachment":[{"href":"https:\/\/www.iessenara.es\/Revista\/index.php?rest_route=%2Fwp%2Fv2%2Fmedia&parent=578"}],"wp:term":[{"taxonomy":"category","embeddable":true,"href":"https:\/\/www.iessenara.es\/Revista\/index.php?rest_route=%2Fwp%2Fv2%2Fcategories&post=578"},{"taxonomy":"post_tag","embeddable":true,"href":"https:\/\/www.iessenara.es\/Revista\/index.php?rest_route=%2Fwp%2Fv2%2Ftags&post=578"}],"curies":[{"name":"wp","href":"https:\/\/api.w.org\/{rel}","templated":true}]}}