{"id":5782,"date":"2025-11-18T13:37:42","date_gmt":"2025-11-18T12:37:42","guid":{"rendered":"https:\/\/www.iessenara.es\/Revista\/?p=5782"},"modified":"2025-11-18T15:26:58","modified_gmt":"2025-11-18T14:26:58","slug":"igualdad-a-traves-del-deporte","status":"publish","type":"post","link":"https:\/\/www.iessenara.es\/Revista\/?p=5782","title":{"rendered":"Igualdad a trav\u00e9s del deporte"},"content":{"rendered":"\n<p>AUTORAS: Ainoha Centeno D\u00edez (Dpto. Lengua Castellana y Literatura), Sabela Neira Sen\u00edn (Dpto. Lengua Castellana y Literatura) y Roc\u00edo Rodr\u00edguez Hern\u00e1ndez (Dpto. Matem\u00e1ticas)<\/p>\n\n\n\n<p>El pasado mes de Septiembre recibimos la notificaci\u00f3n por parte de la Direcci\u00f3n Provincial de Salamanca que hab\u00edamos sido seleccionados como el centro de Salamanca en el que se desarrollar\u00eda la VIII Edici\u00f3n de Igualdad a trav\u00e9s del deporte, en la que la Junta de Castilla y Le\u00f3n junto con AFEDECYL (Asociaci\u00f3n de Federaciones Deportivas de Castilla y Le\u00f3n) organizan una sesi\u00f3n divulgativa entre los adolescentes de Castilla y Le\u00f3n con el prop\u00f3sito de conseguir incentivar la actividad deportiva y reducir la brecha de g\u00e9nero en el deporte, ya que se ha detectado una alta tasa de abandono deportivo prematuro entre las ni\u00f1as de edades comprendidas entre 12 y 16 a\u00f1os. Para ello exitosas deportistas de Castilla y Le\u00f3n cuentan sus experiencias.&nbsp;<\/p>\n\n\n\n<p>De esta manera, los alumnos del IES Senara, recibieron el d\u00eda 7 de noviembre la visita de Dori Ruano y Arianna Carralero como parte de las Jornadas de Fomento de la Igualdad entre hombres y mujeres a trav\u00e9s del deporte. Ambas explicaron sus trayectorias profesionales vinculadas al deporte, exponiendo sus logros en un mundo que tradicionalmente se considera masculino.&nbsp;<\/p>\n\n\n\n<p>Arianna Carralero, nacida en Cebreros, \u00c1vila, es directora de Planificaci\u00f3n Estrat\u00e9gica de la Real Federaci\u00f3n de Castilla y Le\u00f3n de f\u00fatbol a la que lleg\u00f3 despu\u00e9s de estudiar Ciencias de la Actividad F\u00edsica y el Deporte, un M\u00e1ster en Gesti\u00f3n deportiva y un M\u00e1ster en Marketing deportivo. Muy aficionada al deporte desde su ni\u00f1ez, ofreci\u00f3 a los alumnos las cifras concretas de la participaci\u00f3n femenina en los distintos \u00e1mbitos deportivos (jugadoras, entrenadoras, \u00e1rbitros, presidentas de clubes\u2026) resaltando la escasez de mujeres y la importancia de que \u00e9stas practiquen deporte y puedan dedicarse de forma profesional a \u00e9l, dejando a un lado los estereotipos de g\u00e9nero.&nbsp; Incidi\u00f3 en varias ocasiones en que todos debemos perseguir nuestros sue\u00f1os, ya que ella, como mujer, parec\u00eda que no pod\u00eda llegar lejos en el mundo del f\u00fatbol y, en cambio, ha conseguido su posici\u00f3n actual gracias a no haber tirado la toalla y seguir luchando por sus sue\u00f1os.&nbsp;<\/p>\n\n\n\n<div class=\"wp-block-jetpack-slideshow aligncenter\" data-effect=\"slide\"><div class=\"wp-block-jetpack-slideshow_container swiper-container\"><ul class=\"wp-block-jetpack-slideshow_swiper-wrapper swiper-wrapper\"><li class=\"wp-block-jetpack-slideshow_slide swiper-slide\"><figure><img decoding=\"async\" loading=\"lazy\" width=\"1024\" height=\"768\" alt=\"\" class=\"wp-block-jetpack-slideshow_image wp-image-5783\" data-id=\"5783\" src=\"https:\/\/www.iessenara.es\/Revista\/wp-content\/uploads\/2025\/11\/WhatsApp-Image-2025-11-07-at-14.39.49-1-1024x768.jpeg\" srcset=\"https:\/\/www.iessenara.es\/Revista\/wp-content\/uploads\/2025\/11\/WhatsApp-Image-2025-11-07-at-14.39.49-1-1024x768.jpeg 1024w, https:\/\/www.iessenara.es\/Revista\/wp-content\/uploads\/2025\/11\/WhatsApp-Image-2025-11-07-at-14.39.49-1-300x225.jpeg 300w, https:\/\/www.iessenara.es\/Revista\/wp-content\/uploads\/2025\/11\/WhatsApp-Image-2025-11-07-at-14.39.49-1-768x576.jpeg 768w, https:\/\/www.iessenara.es\/Revista\/wp-content\/uploads\/2025\/11\/WhatsApp-Image-2025-11-07-at-14.39.49-1-1536x1153.jpeg 1536w, https:\/\/www.iessenara.es\/Revista\/wp-content\/uploads\/2025\/11\/WhatsApp-Image-2025-11-07-at-14.39.49-1.jpeg 1599w\" sizes=\"(max-width: 1024px) 100vw, 1024px\" \/><\/figure><\/li><li class=\"wp-block-jetpack-slideshow_slide swiper-slide\"><figure><img decoding=\"async\" loading=\"lazy\" width=\"1024\" height=\"768\" alt=\"\" class=\"wp-block-jetpack-slideshow_image wp-image-5785\" data-id=\"5785\" src=\"https:\/\/www.iessenara.es\/Revista\/wp-content\/uploads\/2025\/11\/WhatsApp-Image-2025-11-07-at-18.10.40-2-1024x768.jpeg\" srcset=\"https:\/\/www.iessenara.es\/Revista\/wp-content\/uploads\/2025\/11\/WhatsApp-Image-2025-11-07-at-18.10.40-2-1024x768.jpeg 1024w, https:\/\/www.iessenara.es\/Revista\/wp-content\/uploads\/2025\/11\/WhatsApp-Image-2025-11-07-at-18.10.40-2-300x225.jpeg 300w, https:\/\/www.iessenara.es\/Revista\/wp-content\/uploads\/2025\/11\/WhatsApp-Image-2025-11-07-at-18.10.40-2-768x576.jpeg 768w, https:\/\/www.iessenara.es\/Revista\/wp-content\/uploads\/2025\/11\/WhatsApp-Image-2025-11-07-at-18.10.40-2-1536x1152.jpeg 1536w, https:\/\/www.iessenara.es\/Revista\/wp-content\/uploads\/2025\/11\/WhatsApp-Image-2025-11-07-at-18.10.40-2.jpeg 2048w\" sizes=\"(max-width: 1024px) 100vw, 1024px\" \/><\/figure><\/li><li class=\"wp-block-jetpack-slideshow_slide swiper-slide\"><figure><img decoding=\"async\" loading=\"lazy\" width=\"1024\" height=\"768\" alt=\"\" class=\"wp-block-jetpack-slideshow_image wp-image-5786\" data-id=\"5786\" src=\"https:\/\/www.iessenara.es\/Revista\/wp-content\/uploads\/2025\/11\/WhatsApp-Image-2025-11-07-at-18.10.40-3-1024x768.jpeg\" srcset=\"https:\/\/www.iessenara.es\/Revista\/wp-content\/uploads\/2025\/11\/WhatsApp-Image-2025-11-07-at-18.10.40-3-1024x768.jpeg 1024w, https:\/\/www.iessenara.es\/Revista\/wp-content\/uploads\/2025\/11\/WhatsApp-Image-2025-11-07-at-18.10.40-3-300x225.jpeg 300w, https:\/\/www.iessenara.es\/Revista\/wp-content\/uploads\/2025\/11\/WhatsApp-Image-2025-11-07-at-18.10.40-3-768x576.jpeg 768w, https:\/\/www.iessenara.es\/Revista\/wp-content\/uploads\/2025\/11\/WhatsApp-Image-2025-11-07-at-18.10.40-3-1536x1152.jpeg 1536w, https:\/\/www.iessenara.es\/Revista\/wp-content\/uploads\/2025\/11\/WhatsApp-Image-2025-11-07-at-18.10.40-3.jpeg 2048w\" sizes=\"(max-width: 1024px) 100vw, 1024px\" \/><\/figure><\/li><li class=\"wp-block-jetpack-slideshow_slide swiper-slide\"><figure><img decoding=\"async\" loading=\"lazy\" width=\"769\" height=\"1024\" alt=\"\" class=\"wp-block-jetpack-slideshow_image wp-image-5787\" data-id=\"5787\" src=\"https:\/\/www.iessenara.es\/Revista\/wp-content\/uploads\/2025\/11\/WhatsApp-Image-2025-11-07-at-18.10.40-4-769x1024.jpeg\" srcset=\"https:\/\/www.iessenara.es\/Revista\/wp-content\/uploads\/2025\/11\/WhatsApp-Image-2025-11-07-at-18.10.40-4-769x1024.jpeg 769w, https:\/\/www.iessenara.es\/Revista\/wp-content\/uploads\/2025\/11\/WhatsApp-Image-2025-11-07-at-18.10.40-4-225x300.jpeg 225w, https:\/\/www.iessenara.es\/Revista\/wp-content\/uploads\/2025\/11\/WhatsApp-Image-2025-11-07-at-18.10.40-4-768x1023.jpeg 768w, https:\/\/www.iessenara.es\/Revista\/wp-content\/uploads\/2025\/11\/WhatsApp-Image-2025-11-07-at-18.10.40-4-1153x1536.jpeg 1153w, https:\/\/www.iessenara.es\/Revista\/wp-content\/uploads\/2025\/11\/WhatsApp-Image-2025-11-07-at-18.10.40-4.jpeg 1537w\" sizes=\"(max-width: 769px) 100vw, 769px\" \/><\/figure><\/li><li class=\"wp-block-jetpack-slideshow_slide swiper-slide\"><figure><img decoding=\"async\" loading=\"lazy\" width=\"1024\" height=\"769\" alt=\"\" class=\"wp-block-jetpack-slideshow_image wp-image-5788\" data-id=\"5788\" src=\"https:\/\/www.iessenara.es\/Revista\/wp-content\/uploads\/2025\/11\/WhatsApp-Image-2025-11-07-at-18.10.41-1-1024x769.jpeg\" srcset=\"https:\/\/www.iessenara.es\/Revista\/wp-content\/uploads\/2025\/11\/WhatsApp-Image-2025-11-07-at-18.10.41-1-1024x769.jpeg 1024w, https:\/\/www.iessenara.es\/Revista\/wp-content\/uploads\/2025\/11\/WhatsApp-Image-2025-11-07-at-18.10.41-1-300x225.jpeg 300w, https:\/\/www.iessenara.es\/Revista\/wp-content\/uploads\/2025\/11\/WhatsApp-Image-2025-11-07-at-18.10.41-1-768x576.jpeg 768w, https:\/\/www.iessenara.es\/Revista\/wp-content\/uploads\/2025\/11\/WhatsApp-Image-2025-11-07-at-18.10.41-1-1536x1153.jpeg 1536w, https:\/\/www.iessenara.es\/Revista\/wp-content\/uploads\/2025\/11\/WhatsApp-Image-2025-11-07-at-18.10.41-1.jpeg 2048w\" sizes=\"(max-width: 1024px) 100vw, 1024px\" \/><\/figure><\/li><li class=\"wp-block-jetpack-slideshow_slide swiper-slide\"><figure><img decoding=\"async\" loading=\"lazy\" width=\"769\" height=\"1024\" alt=\"\" class=\"wp-block-jetpack-slideshow_image wp-image-5789\" data-id=\"5789\" src=\"https:\/\/www.iessenara.es\/Revista\/wp-content\/uploads\/2025\/11\/WhatsApp-Image-2025-11-07-at-18.10.41-2-769x1024.jpeg\" srcset=\"https:\/\/www.iessenara.es\/Revista\/wp-content\/uploads\/2025\/11\/WhatsApp-Image-2025-11-07-at-18.10.41-2-769x1024.jpeg 769w, https:\/\/www.iessenara.es\/Revista\/wp-content\/uploads\/2025\/11\/WhatsApp-Image-2025-11-07-at-18.10.41-2-225x300.jpeg 225w, https:\/\/www.iessenara.es\/Revista\/wp-content\/uploads\/2025\/11\/WhatsApp-Image-2025-11-07-at-18.10.41-2-768x1023.jpeg 768w, https:\/\/www.iessenara.es\/Revista\/wp-content\/uploads\/2025\/11\/WhatsApp-Image-2025-11-07-at-18.10.41-2-1153x1536.jpeg 1153w, https:\/\/www.iessenara.es\/Revista\/wp-content\/uploads\/2025\/11\/WhatsApp-Image-2025-11-07-at-18.10.41-2.jpeg 1537w\" sizes=\"(max-width: 769px) 100vw, 769px\" \/><\/figure><\/li><\/ul><a class=\"wp-block-jetpack-slideshow_button-prev swiper-button-prev swiper-button-white\" role=\"button\"><\/a><a class=\"wp-block-jetpack-slideshow_button-next swiper-button-next swiper-button-white\" role=\"button\"><\/a><a aria-label=\"Pause Slideshow\" class=\"wp-block-jetpack-slideshow_button-pause\" role=\"button\"><\/a><div class=\"wp-block-jetpack-slideshow_pagination swiper-pagination swiper-pagination-white\"><\/div><\/div><\/div>\n\n\n\n<p>Por su parte, Dori Ruano, salmantina, nacida en Villamayor, ha sido campeona del mundo de ciclismo en pista y ha participado en tres Juegos Ol\u00edmpicos (Barcelona 1992, S\u00eddney 2000 y Atenas 2004) En su caso, Dori les explic\u00f3 a los alumnos cu\u00e1l ha sido su trayectoria deportiva, desde sus comienzos en el ciclismo profesional a una edad no demasiado temprana (17 a\u00f1os) hasta la actualidad, en la que sigue dedic\u00e1ndose al mundo del deporte como entrenadora y promotora del deporte femenino. De esta forma, realiz\u00f3 un repaso por sus diferentes logros y su lucha por superarse y reinventarse desde que comenz\u00f3 a practicar ciclismo en 1987.&nbsp;<\/p>\n\n\n\n<p>Ambas han resaltado la importancia de valores como la constancia, el esfuerzo o la superaci\u00f3n, que son v\u00e1lidos en el deporte y en cualquier \u00e1mbito de la vida. Con su ejemplo, han animado a las mujeres a seguir practicando deporte para disminuir el abandono en edades tempranas.&nbsp;&nbsp;<\/p>\n","protected":false},"excerpt":{"rendered":"<p>AUTORAS: Ainoha Centeno D\u00edez (Dpto. Lengua Castellana y Literatura), Sabela Neira Sen\u00edn (Dpto. Lengua Castellana y Literatura) y Roc\u00edo Rodr\u00edguez Hern\u00e1ndez (Dpto. Matem\u00e1ticas) El pasado mes de Septiembre recibimos la notificaci\u00f3n por parte de&#46;&#46;&#46;<\/p>\n","protected":false},"author":3,"featured_media":5792,"comment_status":"open","ping_status":"open","sticky":false,"template":"","format":"standard","meta":{"jetpack_post_was_ever_published":false,"jetpack_publicize_message":"","jetpack_is_tweetstorm":false,"jetpack_publicize_feature_enabled":true,"jetpack_social_options":[]},"categories":[8],"tags":[546,373,331],"jetpack_publicize_connections":[],"jetpack_featured_media_url":"https:\/\/www.iessenara.es\/Revista\/wp-content\/uploads\/2025\/11\/Igualdad-y-deporte-16_9.jpg","jetpack_sharing_enabled":true,"jetpack_shortlink":"https:\/\/wp.me\/p5mbkp-1vg","_links":{"self":[{"href":"https:\/\/www.iessenara.es\/Revista\/index.php?rest_route=\/wp\/v2\/posts\/5782"}],"collection":[{"href":"https:\/\/www.iessenara.es\/Revista\/index.php?rest_route=\/wp\/v2\/posts"}],"about":[{"href":"https:\/\/www.iessenara.es\/Revista\/index.php?rest_route=\/wp\/v2\/types\/post"}],"author":[{"embeddable":true,"href":"https:\/\/www.iessenara.es\/Revista\/index.php?rest_route=\/wp\/v2\/users\/3"}],"replies":[{"embeddable":true,"href":"https:\/\/www.iessenara.es\/Revista\/index.php?rest_route=%2Fwp%2Fv2%2Fcomments&post=5782"}],"version-history":[{"count":6,"href":"https:\/\/www.iessenara.es\/Revista\/index.php?rest_route=\/wp\/v2\/posts\/5782\/revisions"}],"predecessor-version":[{"id":5795,"href":"https:\/\/www.iessenara.es\/Revista\/index.php?rest_route=\/wp\/v2\/posts\/5782\/revisions\/5795"}],"wp:featuredmedia":[{"embeddable":true,"href":"https:\/\/www.iessenara.es\/Revista\/index.php?rest_route=\/wp\/v2\/media\/5792"}],"wp:attachment":[{"href":"https:\/\/www.iessenara.es\/Revista\/index.php?rest_route=%2Fwp%2Fv2%2Fmedia&parent=5782"}],"wp:term":[{"taxonomy":"category","embeddable":true,"href":"https:\/\/www.iessenara.es\/Revista\/index.php?rest_route=%2Fwp%2Fv2%2Fcategories&post=5782"},{"taxonomy":"post_tag","embeddable":true,"href":"https:\/\/www.iessenara.es\/Revista\/index.php?rest_route=%2Fwp%2Fv2%2Ftags&post=5782"}],"curies":[{"name":"wp","href":"https:\/\/api.w.org\/{rel}","templated":true}]}}