{"id":587,"date":"2015-06-24T15:51:35","date_gmt":"2015-06-24T15:51:35","guid":{"rendered":"http:\/\/www.iessenara.es\/Revista\/?p=587"},"modified":"2015-06-24T16:17:29","modified_gmt":"2015-06-24T16:17:29","slug":"el-foro-romano","status":"publish","type":"post","link":"https:\/\/www.iessenara.es\/Revista\/?p=587","title":{"rendered":"El Foro Romano"},"content":{"rendered":"<div id=\"attachment_603\" style=\"width: 310px\" class=\"wp-caption alignright\"><a href=\"http:\/\/www.iessenara.es\/Revista\/wp-content\/uploads\/2015\/06\/foro1.jpg\"><img aria-describedby=\"caption-attachment-603\" decoding=\"async\" loading=\"lazy\" class=\"wp-image-603 size-medium\" src=\"http:\/\/www.iessenara.es\/Revista\/wp-content\/uploads\/2015\/06\/foro1-300x200.jpg\" alt=\"El Foro Romano desde el Capitolio. En primer t\u00e9rmino las columnas del Templo de C\u00e1stor y P\u00f3lux. Detr\u00e1s la Bas\u00edlica Julia. Al fondo de derecha a izquierda: la Curia, el Arco de Septimio Severo, la Columna de Focas, el Templo de Saturno y el Templo de Vespasiano y Tito.\" width=\"300\" height=\"200\" srcset=\"https:\/\/www.iessenara.es\/Revista\/wp-content\/uploads\/2015\/06\/foro1-300x200.jpg 300w, https:\/\/www.iessenara.es\/Revista\/wp-content\/uploads\/2015\/06\/foro1-1024x682.jpg 1024w, https:\/\/www.iessenara.es\/Revista\/wp-content\/uploads\/2015\/06\/foro1.jpg 1900w\" sizes=\"(max-width: 300px) 100vw, 300px\" \/><\/a><p id=\"caption-attachment-603\" class=\"wp-caption-text\">El Foro Romano desde el Capitolio. En primer t\u00e9rmino las columnas del Templo de C\u00e1stor y P\u00f3lux. Detr\u00e1s la Bas\u00edlica Julia. Al fondo de derecha a izquierda: la Curia, el Arco de Septimio Severo, la Columna de Focas, el Templo de Saturno y el Templo de Vespasiano y Tito.<\/p><\/div>\n<p>El Foro Romano era la zona en la que se desarrollaba la vida p\u00fablica y religiosa en la antigua Roma. El Foro es, junto con el Coliseo, la mayor muestra de grandeza del Imperio Romano que se puede ver en la actualidad.<\/p>\n<p>Lugares importantes del foro:<\/p>\n<ul>\n<li><strong>V\u00eda Sacra<\/strong>: Era la principal calle de la antigua Roma y comunicaba la Plaza del Campidoglio con el Coliseo.<\/li>\n<li><strong>Arco de Tito<\/strong>: Es un arco del triunfo que conmemora la victoria de Roma sobre Jerusal\u00e9n. Fue construido tras la muerte del emperador Tito.<\/li>\n<li><strong>Arco de Septimio Severo<\/strong>: Arco erigido en el a\u00f1o 203 d.C. para conmemorar el tercer aniversario de Septimio Severo como emperador.<\/li>\n<li><strong>Templo de Antonino y Faustina<\/strong>: Construido en el siglo II, el templo de Antonino y Faustina destaca por ser el templo mejor conservado del Foro Romano.<\/li>\n<li><strong>Bas\u00edlica de Majencio y Constantino<\/strong>: Si bien est\u00e1 derruida en su mayor parte, su tama\u00f1o da motivos para pensar que fue uno de los edificios m\u00e1s importantes del Foro Romano.<\/li>\n<li><strong>La Curia<\/strong>: En este edificio se reun\u00eda el Senado para tomar decisiones administrativas y sobre el gobierno de Roma.<\/li>\n<li><strong>Columna de Focas<\/strong>: Erigida en el a\u00f1o 608 d.C. en honor al emperador de Bizancio, esta columna de m\u00e1s de 13 metros de altura es una de las pocas que han permanecido en pie desde que fue erigida.<\/li>\n<\/ul>\n<div id=\"attachment_602\" style=\"width: 310px\" class=\"wp-caption alignleft\"><a href=\"http:\/\/www.iessenara.es\/Revista\/wp-content\/uploads\/2015\/06\/foro4.jpg\"><img aria-describedby=\"caption-attachment-602\" decoding=\"async\" loading=\"lazy\" class=\"wp-image-602 size-medium\" src=\"http:\/\/www.iessenara.es\/Revista\/wp-content\/uploads\/2015\/06\/foro4-300x200.jpg\" alt=\"Arco de Tito. Detalle.\" width=\"300\" height=\"200\" srcset=\"https:\/\/www.iessenara.es\/Revista\/wp-content\/uploads\/2015\/06\/foro4-300x200.jpg 300w, https:\/\/www.iessenara.es\/Revista\/wp-content\/uploads\/2015\/06\/foro4-1024x682.jpg 1024w, https:\/\/www.iessenara.es\/Revista\/wp-content\/uploads\/2015\/06\/foro4.jpg 1900w\" sizes=\"(max-width: 300px) 100vw, 300px\" \/><\/a><p id=\"caption-attachment-602\" class=\"wp-caption-text\">Arco de Tito. Detalle.<\/p><\/div>\n<p><strong>Experiencia<\/strong>.<\/p>\n<p>Me ha parecido una gran experiencia porque hemos visto el lugar donde viv\u00edan los romanos, aunque tambi\u00e9n me he decepcionado algo al ver todo tan en ruinas, pero a pesar de ello me ha gustado.<\/p>\n<p style=\"text-align: right\">Carlos Ramos Mateos<\/p>\n","protected":false},"excerpt":{"rendered":"<p>El Foro Romano era la zona en la que se desarrollaba la vida p\u00fablica y religiosa en la antigua Roma. El Foro es, junto con el Coliseo, la mayor muestra de grandeza del Imperio&#46;&#46;&#46;<\/p>\n","protected":false},"author":3,"featured_media":602,"comment_status":"open","ping_status":"open","sticky":false,"template":"","format":"standard","meta":{"jetpack_post_was_ever_published":false,"jetpack_publicize_message":"","jetpack_is_tweetstorm":false,"jetpack_publicize_feature_enabled":true,"jetpack_social_options":[]},"categories":[6,1,8],"tags":[35,33,36,32],"jetpack_publicize_connections":[],"jetpack_featured_media_url":"https:\/\/www.iessenara.es\/Revista\/wp-content\/uploads\/2015\/06\/foro4.jpg","jetpack_sharing_enabled":true,"jetpack_shortlink":"https:\/\/wp.me\/p5mbkp-9t","_links":{"self":[{"href":"https:\/\/www.iessenara.es\/Revista\/index.php?rest_route=\/wp\/v2\/posts\/587"}],"collection":[{"href":"https:\/\/www.iessenara.es\/Revista\/index.php?rest_route=\/wp\/v2\/posts"}],"about":[{"href":"https:\/\/www.iessenara.es\/Revista\/index.php?rest_route=\/wp\/v2\/types\/post"}],"author":[{"embeddable":true,"href":"https:\/\/www.iessenara.es\/Revista\/index.php?rest_route=\/wp\/v2\/users\/3"}],"replies":[{"embeddable":true,"href":"https:\/\/www.iessenara.es\/Revista\/index.php?rest_route=%2Fwp%2Fv2%2Fcomments&post=587"}],"version-history":[{"count":5,"href":"https:\/\/www.iessenara.es\/Revista\/index.php?rest_route=\/wp\/v2\/posts\/587\/revisions"}],"predecessor-version":[{"id":604,"href":"https:\/\/www.iessenara.es\/Revista\/index.php?rest_route=\/wp\/v2\/posts\/587\/revisions\/604"}],"wp:featuredmedia":[{"embeddable":true,"href":"https:\/\/www.iessenara.es\/Revista\/index.php?rest_route=\/wp\/v2\/media\/602"}],"wp:attachment":[{"href":"https:\/\/www.iessenara.es\/Revista\/index.php?rest_route=%2Fwp%2Fv2%2Fmedia&parent=587"}],"wp:term":[{"taxonomy":"category","embeddable":true,"href":"https:\/\/www.iessenara.es\/Revista\/index.php?rest_route=%2Fwp%2Fv2%2Fcategories&post=587"},{"taxonomy":"post_tag","embeddable":true,"href":"https:\/\/www.iessenara.es\/Revista\/index.php?rest_route=%2Fwp%2Fv2%2Ftags&post=587"}],"curies":[{"name":"wp","href":"https:\/\/api.w.org\/{rel}","templated":true}]}}