{"id":5881,"date":"2026-02-12T21:35:03","date_gmt":"2026-02-12T20:35:03","guid":{"rendered":"https:\/\/www.iessenara.es\/Revista\/?p=5881"},"modified":"2026-02-12T21:35:04","modified_gmt":"2026-02-12T20:35:04","slug":"una-moderna-mirada-a-cervantes","status":"publish","type":"post","link":"https:\/\/www.iessenara.es\/Revista\/?p=5881","title":{"rendered":"Una moderna mirada a Cervantes"},"content":{"rendered":"\n<p>El pasado mi\u00e9rcoles cuatro de febrero de 2026 nos acercamos a Salamanca con los alumnos de primero de bachillerato a ver una obra de teatro de Miguel de Cervantes en el teatro Juan del Encina. Dicho teatro debe su nombre al poeta, m\u00fasico y escritor teatral Juan del Encina, en su actual graf\u00eda, o Juan del Enzina, en la graf\u00eda de su \u00e9poca, el renacimiento espa\u00f1ol de los Reyes Cat\u00f3licos.&nbsp;&nbsp;<\/p>\n\n\n\n<p>Este teatro se encuentra en una de las tres sedes que albergan la Facultad de Filolog\u00eda de Salamanca, que son el Palacio de Anaya, la Hospeder\u00eda y el denominado \u201cAnayita\u201d, edificio que a\u00fana el susodicho teatro, aulario y laboratorios de idiomas. El Palacio de Anaya es uno de los pocos edificios de estilo neocl\u00e1sico que tiene Salamanca. Sus elementos m\u00e1s llamativos son la fachada y la escalera imperial del interior del palacio, donde adem\u00e1s hay un interesante busto de Miguel de Unamuno, hecho por Victorio Macho en 1930. Tras la supresi\u00f3n de los colegios universitarios el edificio tuvo diversos usos, entre otros el de Gobierno Civil, motivo por el cual actualmente se conoce como <em>palacio<\/em>, aunque, en realidad, es un colegio. Por su parte, junto al colegio, se encuentra la Hospeder\u00eda, 1715, de Joaqu\u00edn de Churriguera, que alojaba a estudiantes que pagaban sus estudios sirviendo a otros estudiantes nobles y ricos que ocupaban el Colegio. Hoy en d\u00eda se utiliza para acoger aulas y despachos y sus antiguas caballerizas constituyen la cafeter\u00eda de la facultad.&nbsp;<\/p>\n\n\n\n<p>Tambi\u00e9n se encuentra aneja la iglesia barroca de San Sebasti\u00e1n, antigua capilla del colegio y, actualmente, parroquia de la Catedral.&nbsp;<\/p>\n\n\n\n<p>En este maravilloso lugar, del que pudimos disfrutar al salir de la representaci\u00f3n teatral, pudimos deleitarnos de una adaptaci\u00f3n de <em>Rinconete y Cortadillo<\/em>, una de las doce novelas que componen la obra<em> Novelas Ejemplares<\/em>, del escritor Miguel de Cervantes. Fueron escritas entre 1590 y 1612 y publicadas en el a\u00f1o 1613. Son doce relatos cortos que siguen el modelo italiano de hacer novela en aquella \u00e9poca. Se podr\u00edan clasificar en dos grupos: idealistas y realistas. Al primer grupo pertenecer\u00edan t\u00edtulos como<em> El amante liberal, La espa\u00f1ola inglesa<\/em> o <em>La fuerza de la sangre<\/em>, mientras que, al segundo grupo, de corte realista, pertenecer\u00edan <em>Rinconete y Cortadillo, La ilustre fregona <\/em>o <em>El coloquio de los perros<\/em>.&nbsp;<\/p>\n\n\n\n<p><em>Rinconete y Cortadillo <\/em>es representada por la compa\u00f1\u00eda teatral Factor\u00eda Teatro, una productora madrile\u00f1a con m\u00e1s de treinta a\u00f1os de trayectoria profesional. Realizan magn\u00edficas adaptaciones de autores cl\u00e1sicos (Shakespeare, Lope, Tirso, Cervantes, Quevedo, Carroll&#8230;), contempor\u00e1neos (Valle-Incl\u00e1n, Ana Mar\u00eda Matute&#8230;) y dramaturgias propias (Gonzala Mart\u00edn Scherman). Ofrecen una estupenda versi\u00f3n de la obra cervantina y acercan el l\u00e9xico a la actualidad, altern\u00e1ndolo con el original. La representaci\u00f3n dura una hora y logra captar la atenci\u00f3n de su exigente p\u00fablico adolescente, as\u00ed como la de los profesores acompa\u00f1antes.&nbsp;<\/p>\n\n\n\n<p>El argumento de la obra versa sobre la vida de dos j\u00f3venes, Pedro del Rinc\u00f3n y Diego Cortado, que huyen de su lugar de origen y se conocen en una venta de Toledo, camino a C\u00f3rdoba. Finalmente, acaban en Sevilla, donde se introducen en el fascinante mundo del hampa e intentan formar parte de \u00e9l. All\u00ed conocen a Monipodio, jefe del gremio de ladrones, y este los acoge en su casa, cambiando de nombre a \u201cRinconete\u201d y \u201cCortadillo\u201d y pasando a ser uno m\u00e1s de esa curiosa cofrad\u00eda de criminales.&nbsp;<\/p>\n\n\n\n<p>\u00a1Esperamos que os anim\u00e9is los alumnos de otros cursos a formar parte de esta excursi\u00f3n, que ya est\u00e1 instaurada como una peque\u00f1a tradici\u00f3n en el Departamento de Lengua Castellana y Literatura!&nbsp;<\/p>\n\n\n\n<figure class=\"wp-block-image size-large\"><a href=\"https:\/\/www.iessenara.es\/Revista\/wp-content\/uploads\/2026\/02\/1770846319271.jpg\"><img decoding=\"async\" loading=\"lazy\" width=\"1024\" height=\"769\" src=\"https:\/\/www.iessenara.es\/Revista\/wp-content\/uploads\/2026\/02\/1770846319271-1024x769.jpg\" alt=\"\" class=\"wp-image-5882\" srcset=\"https:\/\/www.iessenara.es\/Revista\/wp-content\/uploads\/2026\/02\/1770846319271-1024x769.jpg 1024w, https:\/\/www.iessenara.es\/Revista\/wp-content\/uploads\/2026\/02\/1770846319271-300x225.jpg 300w, https:\/\/www.iessenara.es\/Revista\/wp-content\/uploads\/2026\/02\/1770846319271-768x576.jpg 768w, https:\/\/www.iessenara.es\/Revista\/wp-content\/uploads\/2026\/02\/1770846319271-1536x1153.jpg 1536w, https:\/\/www.iessenara.es\/Revista\/wp-content\/uploads\/2026\/02\/1770846319271.jpg 2048w\" sizes=\"(max-width: 1024px) 100vw, 1024px\" \/><\/a><\/figure>\n","protected":false},"excerpt":{"rendered":"<p>El pasado mi\u00e9rcoles cuatro de febrero de 2026 nos acercamos a Salamanca con los alumnos de primero de bachillerato a ver una obra de teatro de Miguel de Cervantes en el teatro Juan del&#46;&#46;&#46;<\/p>\n","protected":false},"author":3,"featured_media":5884,"comment_status":"open","ping_status":"open","sticky":false,"template":"","format":"standard","meta":{"jetpack_post_was_ever_published":false,"jetpack_publicize_message":"","jetpack_is_tweetstorm":false,"jetpack_publicize_feature_enabled":true,"jetpack_social_options":[]},"categories":[6],"tags":[557,560,457,558,559],"jetpack_publicize_connections":[],"jetpack_featured_media_url":"https:\/\/www.iessenara.es\/Revista\/wp-content\/uploads\/2026\/02\/Rinconete-y-Cortadillo_16_9.jpg","jetpack_sharing_enabled":true,"jetpack_shortlink":"https:\/\/wp.me\/p5mbkp-1wR","_links":{"self":[{"href":"https:\/\/www.iessenara.es\/Revista\/index.php?rest_route=\/wp\/v2\/posts\/5881"}],"collection":[{"href":"https:\/\/www.iessenara.es\/Revista\/index.php?rest_route=\/wp\/v2\/posts"}],"about":[{"href":"https:\/\/www.iessenara.es\/Revista\/index.php?rest_route=\/wp\/v2\/types\/post"}],"author":[{"embeddable":true,"href":"https:\/\/www.iessenara.es\/Revista\/index.php?rest_route=\/wp\/v2\/users\/3"}],"replies":[{"embeddable":true,"href":"https:\/\/www.iessenara.es\/Revista\/index.php?rest_route=%2Fwp%2Fv2%2Fcomments&post=5881"}],"version-history":[{"count":2,"href":"https:\/\/www.iessenara.es\/Revista\/index.php?rest_route=\/wp\/v2\/posts\/5881\/revisions"}],"predecessor-version":[{"id":5885,"href":"https:\/\/www.iessenara.es\/Revista\/index.php?rest_route=\/wp\/v2\/posts\/5881\/revisions\/5885"}],"wp:featuredmedia":[{"embeddable":true,"href":"https:\/\/www.iessenara.es\/Revista\/index.php?rest_route=\/wp\/v2\/media\/5884"}],"wp:attachment":[{"href":"https:\/\/www.iessenara.es\/Revista\/index.php?rest_route=%2Fwp%2Fv2%2Fmedia&parent=5881"}],"wp:term":[{"taxonomy":"category","embeddable":true,"href":"https:\/\/www.iessenara.es\/Revista\/index.php?rest_route=%2Fwp%2Fv2%2Fcategories&post=5881"},{"taxonomy":"post_tag","embeddable":true,"href":"https:\/\/www.iessenara.es\/Revista\/index.php?rest_route=%2Fwp%2Fv2%2Ftags&post=5881"}],"curies":[{"name":"wp","href":"https:\/\/api.w.org\/{rel}","templated":true}]}}