{"id":5886,"date":"2026-02-16T13:54:22","date_gmt":"2026-02-16T12:54:22","guid":{"rendered":"https:\/\/www.iessenara.es\/Revista\/?p=5886"},"modified":"2026-02-16T13:55:37","modified_gmt":"2026-02-16T12:55:37","slug":"amor-propio","status":"publish","type":"post","link":"https:\/\/www.iessenara.es\/Revista\/?p=5886","title":{"rendered":"Amor propio"},"content":{"rendered":"\n<p>AUTORA: Mara Garc\u00eda Dom\u00ednguez (1.\u00ba Bachillerato)<\/p>\n\n\n\n<p class=\"has-drop-cap\">Querida yo:<\/p>\n\n\n\n<p>Hoy, 14 de febrero es el d\u00eda de San Valent\u00edn. El d\u00eda del amor; no solo a las parejas, sino a todas las personas que nos hacen sentir un poco mejor cada d\u00eda, un poco m\u00e1s enteros, un poco m\u00e1s nosotros mismos. El amor es aquello que nos sostiene, que nos sirve de roca, aunque muchas veces no sepamos que necesitamos apoyo. Hay un tipo de amor en especial, sin el cu\u00e1l es muy dif\u00edcil salir adelante: el amor propio.<\/p>\n\n\n\n<p>Mirarnos al espejo y no ver nada que no cambiar\u00edamos. Dudar de nuestras capacidades, de nuestro valor. Sentir que no merecemos las cosas buenas que nos suceden. No ser capaces de parar un comportamiento que nos hace mal o incluso causarlo nosotros. Sentirnos menos que cualquier persona que vemos. Todas estas situaciones son cada vez m\u00e1s comunes y de ellas solo podemos extraer una conclusi\u00f3n: Si no hay amor la vida es mucho m\u00e1s dura; si no hay amor propio, no hay motivaci\u00f3n para vivirla. Si no amas tu personalidad e intentas cambiarla, \u00bfqui\u00e9n ser\u00e1 capaz de quererte y conocerte lo suficiente como para entender como te sientes sin necesidad de palabras? \u00bfC\u00f3mo vas a ser capaz de abrirte con otras personas si ni siquiera eres capaz de afrontar lo que tienes por dentro?<\/p>\n\n\n\n<p>Por mucho que a veces no seamos capaces de aceptarnos, tenemos que pensar que la gente que tenemos alrededor s\u00ed que lo hace, s\u00ed que nos quiere, s\u00ed que ve aspectos positivos en nosotros y si esto es as\u00ed es porque realmente esas cualidades est\u00e1n ah\u00ed. Si hay personas que perciben todo el amor que eres capaz de darte a ti mismo, jam\u00e1s dudar\u00e1n del que est\u00e1s dispuesto a darles a ellos. Si ven todo el respeto que te entregas d\u00eda tras d\u00eda, servir\u00e1s como ejemplo y lugar de confianza. Tal vez, haciendo esto puedas ayudar a mucha gente que est\u00e1 en el lugar en el que t\u00fa estuviste alg\u00fan d\u00eda.<\/p>\n\n\n\n<p>No sobras, no molestas, no est\u00e1s por debajo de nadie. No dudes nunca de ti mismo, porque el d\u00eda que eso ocurra, el mundo de todas las personas que te quieren se vendr\u00e1 abajo y hasta que t\u00fa no seas capaz de superar esa situaci\u00f3n, siempre habr\u00e1 una pizca de preocupaci\u00f3n en los coraz\u00f3n de toda la gente a la que le importas.<\/p>\n\n\n\n<p>Nadie merece sentirse as\u00ed y en el caso de que esto ocurra, debemos alejar la causa de ello lo m\u00e1ximo que podamos, porque, no hay muestra m\u00e1s grande de amor propio que priorizarse a uno mismo por encima de cualquier situaci\u00f3n.<\/p>\n\n\n\n<p>Estoy muy agradecida por no tener que verme yo en esa situaci\u00f3n y por haber podido ayudar a amigas que s\u00ed que lo estaban. De todo se sale. Todo pasa.<\/p>\n\n\n\n<p>Con amor. De m\u00ed, para m\u00ed.<\/p>\n\n\n\n<p>Gracias por todo.<\/p>\n","protected":false},"excerpt":{"rendered":"<p>AUTORA: Mara Garc\u00eda Dom\u00ednguez (1.\u00ba Bachillerato) Querida yo: Hoy, 14 de febrero es el d\u00eda de San Valent\u00edn. El d\u00eda del amor; no solo a las parejas, sino a todas las personas que nos&#46;&#46;&#46;<\/p>\n","protected":false},"author":3,"featured_media":5887,"comment_status":"open","ping_status":"open","sticky":false,"template":"","format":"standard","meta":{"jetpack_post_was_ever_published":false,"jetpack_publicize_message":"","jetpack_is_tweetstorm":false,"jetpack_publicize_feature_enabled":true,"jetpack_social_options":[]},"categories":[10],"tags":[561,562],"jetpack_publicize_connections":[],"jetpack_featured_media_url":"https:\/\/www.iessenara.es\/Revista\/wp-content\/uploads\/2026\/02\/Amor-propio.jpg","jetpack_sharing_enabled":true,"jetpack_shortlink":"https:\/\/wp.me\/p5mbkp-1wW","_links":{"self":[{"href":"https:\/\/www.iessenara.es\/Revista\/index.php?rest_route=\/wp\/v2\/posts\/5886"}],"collection":[{"href":"https:\/\/www.iessenara.es\/Revista\/index.php?rest_route=\/wp\/v2\/posts"}],"about":[{"href":"https:\/\/www.iessenara.es\/Revista\/index.php?rest_route=\/wp\/v2\/types\/post"}],"author":[{"embeddable":true,"href":"https:\/\/www.iessenara.es\/Revista\/index.php?rest_route=\/wp\/v2\/users\/3"}],"replies":[{"embeddable":true,"href":"https:\/\/www.iessenara.es\/Revista\/index.php?rest_route=%2Fwp%2Fv2%2Fcomments&post=5886"}],"version-history":[{"count":3,"href":"https:\/\/www.iessenara.es\/Revista\/index.php?rest_route=\/wp\/v2\/posts\/5886\/revisions"}],"predecessor-version":[{"id":5890,"href":"https:\/\/www.iessenara.es\/Revista\/index.php?rest_route=\/wp\/v2\/posts\/5886\/revisions\/5890"}],"wp:featuredmedia":[{"embeddable":true,"href":"https:\/\/www.iessenara.es\/Revista\/index.php?rest_route=\/wp\/v2\/media\/5887"}],"wp:attachment":[{"href":"https:\/\/www.iessenara.es\/Revista\/index.php?rest_route=%2Fwp%2Fv2%2Fmedia&parent=5886"}],"wp:term":[{"taxonomy":"category","embeddable":true,"href":"https:\/\/www.iessenara.es\/Revista\/index.php?rest_route=%2Fwp%2Fv2%2Fcategories&post=5886"},{"taxonomy":"post_tag","embeddable":true,"href":"https:\/\/www.iessenara.es\/Revista\/index.php?rest_route=%2Fwp%2Fv2%2Ftags&post=5886"}],"curies":[{"name":"wp","href":"https:\/\/api.w.org\/{rel}","templated":true}]}}