{"id":5941,"date":"2026-03-09T20:09:43","date_gmt":"2026-03-09T19:09:43","guid":{"rendered":"https:\/\/www.iessenara.es\/Revista\/?p=5941"},"modified":"2026-03-09T20:09:44","modified_gmt":"2026-03-09T19:09:44","slug":"iv-carrera-solidaria-las-villas","status":"publish","type":"post","link":"https:\/\/www.iessenara.es\/Revista\/?p=5941","title":{"rendered":"IV Carrera Solidaria \u00abLas Villas\u00bb"},"content":{"rendered":"\n<p>El pr\u00f3ximo 25 de marzo, se celebrar\u00e1 en el municipio de Babilafuente la IV Carrera Solidaria Las Villas con el objetivo de apoyar a la Asociaci\u00f3n de Parkinson de Salamanca. Este evento deportivo pretende reunir a personas de todas las edades para practicar deporte mientras colaboran con una causa social muy importante.&nbsp;<\/p>\n\n\n\n<p>La carrera est\u00e1 organizada por el IES Senara, en concreto por los alumnos de 1.\u00ba de Bachillerato y cuenta con la colaboraci\u00f3n de diferentes empresas locales.&nbsp;<\/p>\n\n\n\n<p>El evento est\u00e1 organizado en varias categor\u00edas establecidas seg\u00fan la edad de los participantes y cada una tendr\u00e1 una distancia y un horario diferente.&nbsp;<\/p>\n\n\n\n<p>Las categor\u00edas, el recorrido y los horarios son los siguientes:&nbsp;<\/p>\n\n\n\n<ul>\n<li>Cadete (2012-2013): 1500m \u2013 2 vueltas al recorrido B \u2013 11:35h&nbsp;<\/li>\n<\/ul>\n\n\n\n<ul>\n<li>Juvenil (2010-2011): 1970m \u2013 1 vuelta al recorrido A y 2 vueltas al recorrido B \u2013 11:55h&nbsp;<\/li>\n<\/ul>\n\n\n\n<ul>\n<li>Junior (2008-2009): 2720m \u2013 1 vuelta al recorrido A y 3 al recorrido B \u2013 12:20h&nbsp;<\/li>\n<\/ul>\n\n\n\n<ul>\n<li>Adulto (2007 y anteriores): 2720m \u2013 1 vuelta al recorrido A y 3 al recorrido B \u2013 12:20h&nbsp;<\/li>\n<\/ul>\n\n\n\n<ul>\n<li>Marcha participativa (todas las edades): 1500m \u2013 2 vueltas al recorrido B \u2013 12:50h&nbsp;<\/li>\n<\/ul>\n\n\n\n<p>Para terminar la jornada, se realizar\u00e1 la entrega de premios a los primeros clasificados de cada categor\u00eda, adem\u00e1s de un sorteo de regalos entre todos los dorsales.&nbsp;<\/p>\n\n\n\n<p>Tambi\u00e9n, al recoger el dorsal, todos los participantes recibir\u00e1n una camiseta&nbsp;<\/p>\n\n\n\n<p>conmemorativa del evento.&nbsp;<\/p>\n\n\n\n<p>Las inscripciones pueden realizarse en el propio centro o de forma online a trav\u00e9s de la p\u00e1gina web del instituto, hasta el 15 de marzo, con un precio de 3 euros cada inscripci\u00f3n.&nbsp;<\/p>\n\n\n\n<p>Todo el dinero recaudado se destinar\u00e1 a la Asociaci\u00f3n de Parkinson de Salamanca,\u202fcon el fin de apoyar la labor que realizan con las personas afectadas por esta enfermedad.&nbsp;<\/p>\n\n\n\n<p>En conclusi\u00f3n, la Carrera Solidaria Las Villas es una actividad que une deporte y solidaridad. Gracias a la participaci\u00f3n de muchas personas, se consigue ayudar a distintas Asociaciones cada a\u00f1o y apoyar a quienes padecen estas enfermedades.&nbsp;<\/p>\n\n\n\n<figure class=\"wp-block-image size-large\"><a href=\"https:\/\/www.iessenara.es\/Revista\/wp-content\/uploads\/2026\/03\/Cartel-IV-Carrera-Solidaria-Las-Villas.jpg\"><img decoding=\"async\" loading=\"lazy\" width=\"724\" height=\"1024\" src=\"https:\/\/www.iessenara.es\/Revista\/wp-content\/uploads\/2026\/03\/Cartel-IV-Carrera-Solidaria-Las-Villas-724x1024.jpg\" alt=\"\" class=\"wp-image-5942\" srcset=\"https:\/\/www.iessenara.es\/Revista\/wp-content\/uploads\/2026\/03\/Cartel-IV-Carrera-Solidaria-Las-Villas-724x1024.jpg 724w, https:\/\/www.iessenara.es\/Revista\/wp-content\/uploads\/2026\/03\/Cartel-IV-Carrera-Solidaria-Las-Villas-212x300.jpg 212w, https:\/\/www.iessenara.es\/Revista\/wp-content\/uploads\/2026\/03\/Cartel-IV-Carrera-Solidaria-Las-Villas-768x1086.jpg 768w, https:\/\/www.iessenara.es\/Revista\/wp-content\/uploads\/2026\/03\/Cartel-IV-Carrera-Solidaria-Las-Villas-1086x1536.jpg 1086w, https:\/\/www.iessenara.es\/Revista\/wp-content\/uploads\/2026\/03\/Cartel-IV-Carrera-Solidaria-Las-Villas.jpg 1414w\" sizes=\"(max-width: 724px) 100vw, 724px\" \/><\/a><\/figure>\n","protected":false},"excerpt":{"rendered":"<p>El pr\u00f3ximo 25 de marzo, se celebrar\u00e1 en el municipio de Babilafuente la IV Carrera Solidaria Las Villas con el objetivo de apoyar a la Asociaci\u00f3n de Parkinson de Salamanca. Este evento deportivo pretende&#46;&#46;&#46;<\/p>\n","protected":false},"author":3,"featured_media":5943,"comment_status":"open","ping_status":"open","sticky":false,"template":"","format":"standard","meta":{"jetpack_post_was_ever_published":false,"jetpack_publicize_message":"","jetpack_is_tweetstorm":false,"jetpack_publicize_feature_enabled":true,"jetpack_social_options":[]},"categories":[8],"tags":[306,148,203],"jetpack_publicize_connections":[],"jetpack_featured_media_url":"https:\/\/www.iessenara.es\/Revista\/wp-content\/uploads\/2026\/03\/IV-Carrera-Solidaria-16_9.jpg","jetpack_sharing_enabled":true,"jetpack_shortlink":"https:\/\/wp.me\/p5mbkp-1xP","_links":{"self":[{"href":"https:\/\/www.iessenara.es\/Revista\/index.php?rest_route=\/wp\/v2\/posts\/5941"}],"collection":[{"href":"https:\/\/www.iessenara.es\/Revista\/index.php?rest_route=\/wp\/v2\/posts"}],"about":[{"href":"https:\/\/www.iessenara.es\/Revista\/index.php?rest_route=\/wp\/v2\/types\/post"}],"author":[{"embeddable":true,"href":"https:\/\/www.iessenara.es\/Revista\/index.php?rest_route=\/wp\/v2\/users\/3"}],"replies":[{"embeddable":true,"href":"https:\/\/www.iessenara.es\/Revista\/index.php?rest_route=%2Fwp%2Fv2%2Fcomments&post=5941"}],"version-history":[{"count":2,"href":"https:\/\/www.iessenara.es\/Revista\/index.php?rest_route=\/wp\/v2\/posts\/5941\/revisions"}],"predecessor-version":[{"id":5945,"href":"https:\/\/www.iessenara.es\/Revista\/index.php?rest_route=\/wp\/v2\/posts\/5941\/revisions\/5945"}],"wp:featuredmedia":[{"embeddable":true,"href":"https:\/\/www.iessenara.es\/Revista\/index.php?rest_route=\/wp\/v2\/media\/5943"}],"wp:attachment":[{"href":"https:\/\/www.iessenara.es\/Revista\/index.php?rest_route=%2Fwp%2Fv2%2Fmedia&parent=5941"}],"wp:term":[{"taxonomy":"category","embeddable":true,"href":"https:\/\/www.iessenara.es\/Revista\/index.php?rest_route=%2Fwp%2Fv2%2Fcategories&post=5941"},{"taxonomy":"post_tag","embeddable":true,"href":"https:\/\/www.iessenara.es\/Revista\/index.php?rest_route=%2Fwp%2Fv2%2Ftags&post=5941"}],"curies":[{"name":"wp","href":"https:\/\/api.w.org\/{rel}","templated":true}]}}