{"id":5946,"date":"2026-03-11T20:55:50","date_gmt":"2026-03-11T19:55:50","guid":{"rendered":"https:\/\/www.iessenara.es\/Revista\/?p=5946"},"modified":"2026-03-11T20:55:51","modified_gmt":"2026-03-11T19:55:51","slug":"jornada-de-puertas-abiertas-para-el-alumnado","status":"publish","type":"post","link":"https:\/\/www.iessenara.es\/Revista\/?p=5946","title":{"rendered":"Jornada de puertas abiertas para el alumnado"},"content":{"rendered":"\n<p>El 11 de marzo hemos abierto las puertas del IES Senara para recibir a nuestro futuro alumnado, a los ni\u00f1os y ni\u00f1as de 6\u00ba primaria que el pr\u00f3ximo curso entrar\u00e1n a formar parte de la gran familia del Senara.&nbsp;<\/p>\n\n\n\n<p>Ha sido una jornada diferente, ya que hemos podido disfrutar de distintos talleres, presentaciones, pruebas, etc.&nbsp;<\/p>\n\n\n\n<p>Comenzamos el d\u00eda en el hall del centro, en el que el Equipo Directivo recibe al nuevo alumnado y cinco de nuestros alumnos de FP, dirigidos por su profesor, Gonzalo, les acompa\u00f1an en todo momento, tanto para dirigir la visita como para solventar cualquier necesidad que les surja.&nbsp;<\/p>\n\n\n\n<p>Desde all\u00ed iniciamos nuestra visita y caminamos hacia la biblioteca, en ella, organizamos un juego para romper el hielo y adem\u00e1s, permitirnos a todos conocernos un poco m\u00e1s.&nbsp;<\/p>\n\n\n\n<p>A continuaci\u00f3n, nos organizamos en dos grupos. Uno de ellos fue al laboratorio de Biolog\u00eda y Geolog\u00eda, donde Jos\u00e9 \u00c1ngel, les mostr\u00f3 varios ejemplares de las colecciones de minerales y rocas, colecciones de invertebrados, y material de laboratorio y pudieron observar al microscopio c\u00e9lulas aminales y vegetales, lo que gener\u00f3 la curiosidad del nuevo alumnado. El otro grupo fue al taller de electricidad donde \u00d3scar, Alberto y todos los alumnos del ciclo de grado medio de Instalaciones El\u00e9ctricas y Autom\u00e1ticas, mostraron distintos trabajos realizados por ellos.&nbsp;<\/p>\n\n\n\n<p>Posteriormente, bajaron a las aulas de Tecnolog\u00eda, en las que Luis y V\u00edctor les ense\u00f1aron las aulas, los proyectos, c\u00f3mo se trabaja en el taller y como colof\u00f3n, los alumnos de 3\u00ba ESO les contaron qu\u00e9 hicieron para la First Lego League en la que han participado este curso.&nbsp;<\/p>\n\n\n\n<p>Ya cerca de la hora del recreo del centro, los alumnos pudieron disfrutar de un descanso, pasando previamente si as\u00ed lo deseaban, por cafeter\u00eda, en la que Mariola les hizo sentir su amabilidad.&nbsp;&nbsp;<\/p>\n\n\n\n<p>Continuamos la visita pasando por el laboratorio de F\u00edsica y Qu\u00edmica en la que nuestro compa\u00f1ero Fran les sorprendi\u00f3 con distintas reacciones y por el aula de Pl\u00e1stica donde Ram\u00f3n les permiti\u00f3 realizar un mandala. Todos estos espacios fueron muy novedosos para ellos y les generaron curiosidad y asombro.&nbsp;<\/p>\n\n\n\n<p>Para finalizar, Pilar, Mar\u00eda, Rosa, Jason y Cristina les organizaron un workshop \u201cEnglish for all\u201d en la que, por equipos, y practicando el idioma ingl\u00e9s, fueron desarrollando distintas pruebas, llegando a un equipo ganador.&nbsp;<\/p>\n\n\n\n<p>Al final de la ma\u00f1ana, los alumnos y alumnas se fueron, reconociendo que hab\u00edan disfrutado de todas las actividades preparadas y creemos, que con menos nervios que al inicio del d\u00eda.&nbsp;<\/p>\n\n\n\n<p>Es un placer poder disfrutar de estas jornadas y es gracias a la participaci\u00f3n e involucraci\u00f3n del profesorado y personal del centro.&nbsp;<\/p>\n\n\n\n<div class=\"wp-block-jetpack-slideshow aligncenter\" data-effect=\"slide\"><div class=\"wp-block-jetpack-slideshow_container swiper-container\"><ul class=\"wp-block-jetpack-slideshow_swiper-wrapper swiper-wrapper\"><li class=\"wp-block-jetpack-slideshow_slide swiper-slide\"><figure><img decoding=\"async\" loading=\"lazy\" width=\"1024\" height=\"768\" alt=\"\" class=\"wp-block-jetpack-slideshow_image wp-image-5950\" data-id=\"5950\" src=\"http:\/\/www.iessenara.es\/Revista\/wp-content\/uploads\/2026\/03\/WhatsApp-Image-2026-03-11-at-18.36.15-1024x768.jpeg\" srcset=\"https:\/\/www.iessenara.es\/Revista\/wp-content\/uploads\/2026\/03\/WhatsApp-Image-2026-03-11-at-18.36.15-1024x768.jpeg 1024w, https:\/\/www.iessenara.es\/Revista\/wp-content\/uploads\/2026\/03\/WhatsApp-Image-2026-03-11-at-18.36.15-300x225.jpeg 300w, https:\/\/www.iessenara.es\/Revista\/wp-content\/uploads\/2026\/03\/WhatsApp-Image-2026-03-11-at-18.36.15-768x576.jpeg 768w, https:\/\/www.iessenara.es\/Revista\/wp-content\/uploads\/2026\/03\/WhatsApp-Image-2026-03-11-at-18.36.15-1536x1152.jpeg 1536w, https:\/\/www.iessenara.es\/Revista\/wp-content\/uploads\/2026\/03\/WhatsApp-Image-2026-03-11-at-18.36.15.jpeg 2040w\" sizes=\"(max-width: 1024px) 100vw, 1024px\" \/><\/figure><\/li><li class=\"wp-block-jetpack-slideshow_slide swiper-slide\"><figure><img decoding=\"async\" loading=\"lazy\" width=\"1024\" height=\"768\" alt=\"\" class=\"wp-block-jetpack-slideshow_image wp-image-5947\" data-id=\"5947\" src=\"http:\/\/www.iessenara.es\/Revista\/wp-content\/uploads\/2026\/03\/WhatsApp-Image-2026-03-11-at-18.30.34-1024x768.jpeg\" srcset=\"https:\/\/www.iessenara.es\/Revista\/wp-content\/uploads\/2026\/03\/WhatsApp-Image-2026-03-11-at-18.30.34-1024x768.jpeg 1024w, https:\/\/www.iessenara.es\/Revista\/wp-content\/uploads\/2026\/03\/WhatsApp-Image-2026-03-11-at-18.30.34-300x225.jpeg 300w, https:\/\/www.iessenara.es\/Revista\/wp-content\/uploads\/2026\/03\/WhatsApp-Image-2026-03-11-at-18.30.34-768x576.jpeg 768w, https:\/\/www.iessenara.es\/Revista\/wp-content\/uploads\/2026\/03\/WhatsApp-Image-2026-03-11-at-18.30.34-1536x1152.jpeg 1536w, https:\/\/www.iessenara.es\/Revista\/wp-content\/uploads\/2026\/03\/WhatsApp-Image-2026-03-11-at-18.30.34.jpeg 2040w\" sizes=\"(max-width: 1024px) 100vw, 1024px\" \/><\/figure><\/li><li class=\"wp-block-jetpack-slideshow_slide swiper-slide\"><figure><img decoding=\"async\" loading=\"lazy\" width=\"1024\" height=\"768\" alt=\"\" class=\"wp-block-jetpack-slideshow_image wp-image-5948\" data-id=\"5948\" src=\"http:\/\/www.iessenara.es\/Revista\/wp-content\/uploads\/2026\/03\/WhatsApp-Image-2026-03-11-at-18.33.33-1024x768.jpeg\" srcset=\"https:\/\/www.iessenara.es\/Revista\/wp-content\/uploads\/2026\/03\/WhatsApp-Image-2026-03-11-at-18.33.33-1024x768.jpeg 1024w, https:\/\/www.iessenara.es\/Revista\/wp-content\/uploads\/2026\/03\/WhatsApp-Image-2026-03-11-at-18.33.33-300x225.jpeg 300w, https:\/\/www.iessenara.es\/Revista\/wp-content\/uploads\/2026\/03\/WhatsApp-Image-2026-03-11-at-18.33.33-768x576.jpeg 768w, https:\/\/www.iessenara.es\/Revista\/wp-content\/uploads\/2026\/03\/WhatsApp-Image-2026-03-11-at-18.33.33-1536x1152.jpeg 1536w, https:\/\/www.iessenara.es\/Revista\/wp-content\/uploads\/2026\/03\/WhatsApp-Image-2026-03-11-at-18.33.33.jpeg 2040w\" sizes=\"(max-width: 1024px) 100vw, 1024px\" \/><\/figure><\/li><li class=\"wp-block-jetpack-slideshow_slide swiper-slide\"><figure><img decoding=\"async\" loading=\"lazy\" width=\"769\" height=\"1024\" alt=\"\" class=\"wp-block-jetpack-slideshow_image wp-image-5949\" data-id=\"5949\" src=\"http:\/\/www.iessenara.es\/Revista\/wp-content\/uploads\/2026\/03\/WhatsApp-Image-2026-03-11-at-18.34.18-769x1024.jpeg\" srcset=\"https:\/\/www.iessenara.es\/Revista\/wp-content\/uploads\/2026\/03\/WhatsApp-Image-2026-03-11-at-18.34.18-769x1024.jpeg 769w, https:\/\/www.iessenara.es\/Revista\/wp-content\/uploads\/2026\/03\/WhatsApp-Image-2026-03-11-at-18.34.18-225x300.jpeg 225w, https:\/\/www.iessenara.es\/Revista\/wp-content\/uploads\/2026\/03\/WhatsApp-Image-2026-03-11-at-18.34.18-768x1023.jpeg 768w, https:\/\/www.iessenara.es\/Revista\/wp-content\/uploads\/2026\/03\/WhatsApp-Image-2026-03-11-at-18.34.18-1153x1536.jpeg 1153w, https:\/\/www.iessenara.es\/Revista\/wp-content\/uploads\/2026\/03\/WhatsApp-Image-2026-03-11-at-18.34.18.jpeg 1537w\" sizes=\"(max-width: 769px) 100vw, 769px\" \/><\/figure><\/li><li class=\"wp-block-jetpack-slideshow_slide swiper-slide\"><figure><img decoding=\"async\" loading=\"lazy\" width=\"1024\" height=\"769\" alt=\"\" class=\"wp-block-jetpack-slideshow_image wp-image-5951\" data-id=\"5951\" src=\"http:\/\/www.iessenara.es\/Revista\/wp-content\/uploads\/2026\/03\/WhatsApp-Image-2026-03-11-at-19.07.55-1024x769.jpeg\" srcset=\"https:\/\/www.iessenara.es\/Revista\/wp-content\/uploads\/2026\/03\/WhatsApp-Image-2026-03-11-at-19.07.55-1024x769.jpeg 1024w, https:\/\/www.iessenara.es\/Revista\/wp-content\/uploads\/2026\/03\/WhatsApp-Image-2026-03-11-at-19.07.55-300x225.jpeg 300w, https:\/\/www.iessenara.es\/Revista\/wp-content\/uploads\/2026\/03\/WhatsApp-Image-2026-03-11-at-19.07.55-768x576.jpeg 768w, https:\/\/www.iessenara.es\/Revista\/wp-content\/uploads\/2026\/03\/WhatsApp-Image-2026-03-11-at-19.07.55-1536x1153.jpeg 1536w, https:\/\/www.iessenara.es\/Revista\/wp-content\/uploads\/2026\/03\/WhatsApp-Image-2026-03-11-at-19.07.55.jpeg 2048w\" sizes=\"(max-width: 1024px) 100vw, 1024px\" \/><\/figure><\/li><\/ul><a class=\"wp-block-jetpack-slideshow_button-prev swiper-button-prev swiper-button-white\" role=\"button\"><\/a><a class=\"wp-block-jetpack-slideshow_button-next swiper-button-next swiper-button-white\" role=\"button\"><\/a><a aria-label=\"Pause Slideshow\" class=\"wp-block-jetpack-slideshow_button-pause\" role=\"button\"><\/a><div class=\"wp-block-jetpack-slideshow_pagination swiper-pagination swiper-pagination-white\"><\/div><\/div><\/div>\n","protected":false},"excerpt":{"rendered":"<p>El 11 de marzo hemos abierto las puertas del IES Senara para recibir a nuestro futuro alumnado, a los ni\u00f1os y ni\u00f1as de 6\u00ba primaria que el pr\u00f3ximo curso entrar\u00e1n a formar parte de&#46;&#46;&#46;<\/p>\n","protected":false},"author":3,"featured_media":5953,"comment_status":"open","ping_status":"open","sticky":false,"template":"","format":"standard","meta":{"jetpack_post_was_ever_published":false,"jetpack_publicize_message":"","jetpack_is_tweetstorm":false,"jetpack_publicize_feature_enabled":true,"jetpack_social_options":[]},"categories":[8],"tags":[402,461,399,587,42,586,585,407,447],"jetpack_publicize_connections":[],"jetpack_featured_media_url":"https:\/\/www.iessenara.es\/Revista\/wp-content\/uploads\/2026\/03\/Jornada-puestas-abiertas-2025-16_9.jpg","jetpack_sharing_enabled":true,"jetpack_shortlink":"https:\/\/wp.me\/p5mbkp-1xU","_links":{"self":[{"href":"https:\/\/www.iessenara.es\/Revista\/index.php?rest_route=\/wp\/v2\/posts\/5946"}],"collection":[{"href":"https:\/\/www.iessenara.es\/Revista\/index.php?rest_route=\/wp\/v2\/posts"}],"about":[{"href":"https:\/\/www.iessenara.es\/Revista\/index.php?rest_route=\/wp\/v2\/types\/post"}],"author":[{"embeddable":true,"href":"https:\/\/www.iessenara.es\/Revista\/index.php?rest_route=\/wp\/v2\/users\/3"}],"replies":[{"embeddable":true,"href":"https:\/\/www.iessenara.es\/Revista\/index.php?rest_route=%2Fwp%2Fv2%2Fcomments&post=5946"}],"version-history":[{"count":1,"href":"https:\/\/www.iessenara.es\/Revista\/index.php?rest_route=\/wp\/v2\/posts\/5946\/revisions"}],"predecessor-version":[{"id":5952,"href":"https:\/\/www.iessenara.es\/Revista\/index.php?rest_route=\/wp\/v2\/posts\/5946\/revisions\/5952"}],"wp:featuredmedia":[{"embeddable":true,"href":"https:\/\/www.iessenara.es\/Revista\/index.php?rest_route=\/wp\/v2\/media\/5953"}],"wp:attachment":[{"href":"https:\/\/www.iessenara.es\/Revista\/index.php?rest_route=%2Fwp%2Fv2%2Fmedia&parent=5946"}],"wp:term":[{"taxonomy":"category","embeddable":true,"href":"https:\/\/www.iessenara.es\/Revista\/index.php?rest_route=%2Fwp%2Fv2%2Fcategories&post=5946"},{"taxonomy":"post_tag","embeddable":true,"href":"https:\/\/www.iessenara.es\/Revista\/index.php?rest_route=%2Fwp%2Fv2%2Ftags&post=5946"}],"curies":[{"name":"wp","href":"https:\/\/api.w.org\/{rel}","templated":true}]}}