{"id":596,"date":"2015-06-24T16:29:40","date_gmt":"2015-06-24T16:29:40","guid":{"rendered":"http:\/\/www.iessenara.es\/Revista\/?p=596"},"modified":"2015-06-24T16:30:21","modified_gmt":"2015-06-24T16:30:21","slug":"la-basilica-de-san-pedro","status":"publish","type":"post","link":"https:\/\/www.iessenara.es\/Revista\/?p=596","title":{"rendered":"La Bas\u00edlica de San Pedro"},"content":{"rendered":"<div id=\"attachment_607\" style=\"width: 310px\" class=\"wp-caption alignleft\"><a href=\"http:\/\/www.iessenara.es\/Revista\/wp-content\/uploads\/2015\/06\/san_pedro3.jpg\"><img aria-describedby=\"caption-attachment-607\" decoding=\"async\" loading=\"lazy\" class=\"wp-image-607 size-medium\" src=\"http:\/\/www.iessenara.es\/Revista\/wp-content\/uploads\/2015\/06\/san_pedro3-300x200.jpg\" alt=\"La Bas\u00edlica de San Pedro desde la Via della Conciliazione. Desde este punto de contempla mejor la c\u00fapula de Miguel \u00c1ngel.\" width=\"300\" height=\"200\" srcset=\"https:\/\/www.iessenara.es\/Revista\/wp-content\/uploads\/2015\/06\/san_pedro3-300x200.jpg 300w, https:\/\/www.iessenara.es\/Revista\/wp-content\/uploads\/2015\/06\/san_pedro3-1024x682.jpg 1024w, https:\/\/www.iessenara.es\/Revista\/wp-content\/uploads\/2015\/06\/san_pedro3.jpg 1900w\" sizes=\"(max-width: 300px) 100vw, 300px\" \/><\/a><p id=\"caption-attachment-607\" class=\"wp-caption-text\">La Bas\u00edlica de San Pedro desde la Via della Conciliazione. Desde este punto de contempla mejor la c\u00fapula de Miguel \u00c1ngel.<\/p><\/div>\n<p>La Bas\u00edlica de San Pedro del Vaticano se levanta sobre la tumba del ap\u00f3stol. La primera bas\u00edlica vaticana fue construida por Constantino en el siglo IV d.C. y estuvo en pie durante m\u00e1s de 1.000 a\u00f1os, hasta que los papas del Renacimiento la derribaron para poder levantar una nueva bas\u00edlica sobre la tumba de San Pedro.<\/p>\n<p>Sus dimensiones eran tan gigantescas que parec\u00eda irrealizable y estuvo a punto de sucumbir. Las obras duraron 160 a\u00f1os y en ellas trabajaron artistas de primer orden. La fachada de Maderno, la c\u00fapula de Miguel \u00c1ngel o la Plaza de Bernini son \u00fanicas en el mundo, pero la primera vez que uno penetra en el interior de la bas\u00edlica recibe una impresi\u00f3n casi sobrecogedora.<\/p>\n<div id=\"attachment_605\" style=\"width: 310px\" class=\"wp-caption alignright\"><a href=\"http:\/\/www.iessenara.es\/Revista\/wp-content\/uploads\/2015\/06\/san_pedro4.jpg\"><img aria-describedby=\"caption-attachment-605\" decoding=\"async\" loading=\"lazy\" class=\"wp-image-605 size-medium\" src=\"http:\/\/www.iessenara.es\/Revista\/wp-content\/uploads\/2015\/06\/san_pedro4-300x200.jpg\" alt=\"El Baldaquino de Bernini en el interior de la Bas\u00edlica de San Pedro.\" width=\"300\" height=\"200\" srcset=\"https:\/\/www.iessenara.es\/Revista\/wp-content\/uploads\/2015\/06\/san_pedro4-300x200.jpg 300w, https:\/\/www.iessenara.es\/Revista\/wp-content\/uploads\/2015\/06\/san_pedro4-1024x682.jpg 1024w, https:\/\/www.iessenara.es\/Revista\/wp-content\/uploads\/2015\/06\/san_pedro4.jpg 1900w\" sizes=\"(max-width: 300px) 100vw, 300px\" \/><\/a><p id=\"caption-attachment-605\" class=\"wp-caption-text\">El Baldaquino de Bernini en el interior de la Bas\u00edlica de San Pedro.<\/p><\/div>\n<p><strong>Puntos de inter\u00e9s en la Bas\u00edlica de San Pedro<\/strong><\/p>\n<p>1. Estatua ecuestre de Constantino<\/p>\n<p>2. Puertas de bronce<\/p>\n<p>3. La Piedad<\/p>\n<p>4. Estatua de bronce de San Pedro<\/p>\n<p>5. Baldaquino de bronce<\/p>\n<p>6. Tumba de San Pedro<\/p>\n<p>7. Pilares de las reliquias<\/p>\n<p>8. Interior de la c\u00fapula<\/p>\n<p>9. Monumento de Clemente XIII<\/p>\n<p>10. Tumbas de los anteriores Papas<\/p>\n<div id=\"attachment_606\" style=\"width: 310px\" class=\"wp-caption alignleft\"><a href=\"http:\/\/www.iessenara.es\/Revista\/wp-content\/uploads\/2015\/06\/san_pedro2.jpg\"><img aria-describedby=\"caption-attachment-606\" decoding=\"async\" loading=\"lazy\" class=\"wp-image-606 size-medium\" src=\"http:\/\/www.iessenara.es\/Revista\/wp-content\/uploads\/2015\/06\/san_pedro2-300x200.jpg\" alt=\"El grupo de 36 alumnos ante la facha de la Bas\u00edlica de San Pedro.\" width=\"300\" height=\"200\" srcset=\"https:\/\/www.iessenara.es\/Revista\/wp-content\/uploads\/2015\/06\/san_pedro2-300x200.jpg 300w, https:\/\/www.iessenara.es\/Revista\/wp-content\/uploads\/2015\/06\/san_pedro2-1024x682.jpg 1024w, https:\/\/www.iessenara.es\/Revista\/wp-content\/uploads\/2015\/06\/san_pedro2.jpg 1900w\" sizes=\"(max-width: 300px) 100vw, 300px\" \/><\/a><p id=\"caption-attachment-606\" class=\"wp-caption-text\">El grupo de 36 alumnos ante la facha de la Bas\u00edlica de San Pedro.<\/p><\/div>\n<h3><strong>Opini\u00f3n personal<\/strong><\/h3>\n<p>Es un monumento impresionante porque sus medidas son extremadamente grandes. Su fachada es muy bonita, con cinco puertas, una de las cuales es la Puerta Santa que est\u00e1 cerrada. El interior es precioso, tiene un techo que es impresionante con esa luz que entra\u00a0y\u00a0un altar donde dice misa el papa cada domingo. Nos gust\u00f3 mucho.<\/p>\n<p style=\"text-align: right\">Elena y Alba<\/p>\n","protected":false},"excerpt":{"rendered":"<p>La Bas\u00edlica de San Pedro del Vaticano se levanta sobre la tumba del ap\u00f3stol. La primera bas\u00edlica vaticana fue construida por Constantino en el siglo IV d.C. y estuvo en pie durante m\u00e1s de&#46;&#46;&#46;<\/p>\n","protected":false},"author":3,"featured_media":606,"comment_status":"open","ping_status":"open","sticky":false,"template":"","format":"standard","meta":{"jetpack_post_was_ever_published":false,"jetpack_publicize_message":"","jetpack_is_tweetstorm":false,"jetpack_publicize_feature_enabled":true,"jetpack_social_options":[]},"categories":[6,8],"tags":[35,33,36,32],"jetpack_publicize_connections":[],"jetpack_featured_media_url":"https:\/\/www.iessenara.es\/Revista\/wp-content\/uploads\/2015\/06\/san_pedro2.jpg","jetpack_sharing_enabled":true,"jetpack_shortlink":"https:\/\/wp.me\/p5mbkp-9C","_links":{"self":[{"href":"https:\/\/www.iessenara.es\/Revista\/index.php?rest_route=\/wp\/v2\/posts\/596"}],"collection":[{"href":"https:\/\/www.iessenara.es\/Revista\/index.php?rest_route=\/wp\/v2\/posts"}],"about":[{"href":"https:\/\/www.iessenara.es\/Revista\/index.php?rest_route=\/wp\/v2\/types\/post"}],"author":[{"embeddable":true,"href":"https:\/\/www.iessenara.es\/Revista\/index.php?rest_route=\/wp\/v2\/users\/3"}],"replies":[{"embeddable":true,"href":"https:\/\/www.iessenara.es\/Revista\/index.php?rest_route=%2Fwp%2Fv2%2Fcomments&post=596"}],"version-history":[{"count":4,"href":"https:\/\/www.iessenara.es\/Revista\/index.php?rest_route=\/wp\/v2\/posts\/596\/revisions"}],"predecessor-version":[{"id":610,"href":"https:\/\/www.iessenara.es\/Revista\/index.php?rest_route=\/wp\/v2\/posts\/596\/revisions\/610"}],"wp:featuredmedia":[{"embeddable":true,"href":"https:\/\/www.iessenara.es\/Revista\/index.php?rest_route=\/wp\/v2\/media\/606"}],"wp:attachment":[{"href":"https:\/\/www.iessenara.es\/Revista\/index.php?rest_route=%2Fwp%2Fv2%2Fmedia&parent=596"}],"wp:term":[{"taxonomy":"category","embeddable":true,"href":"https:\/\/www.iessenara.es\/Revista\/index.php?rest_route=%2Fwp%2Fv2%2Fcategories&post=596"},{"taxonomy":"post_tag","embeddable":true,"href":"https:\/\/www.iessenara.es\/Revista\/index.php?rest_route=%2Fwp%2Fv2%2Ftags&post=596"}],"curies":[{"name":"wp","href":"https:\/\/api.w.org\/{rel}","templated":true}]}}