{"id":6031,"date":"2026-04-15T09:20:31","date_gmt":"2026-04-15T08:20:31","guid":{"rendered":"https:\/\/www.iessenara.es\/Revista\/?p=6031"},"modified":"2026-04-15T09:20:34","modified_gmt":"2026-04-15T08:20:34","slug":"ubicat-el-proyecto-que-llega-mas-alla-del-aula","status":"publish","type":"post","link":"https:\/\/www.iessenara.es\/Revista\/?p=6031","title":{"rendered":"UbicaT+: el proyecto que llega m\u00e1s all\u00e1 del aula\u00a0"},"content":{"rendered":"\n<p>AUTOR: V\u00edctor Manuel Baez Bernal (Dpto. Tecnolog\u00eda)<\/p>\n\n\n\n<p>En el IES Senara nos gusta aprender haciendo, pero este curso hemos ido un paso m\u00e1s all\u00e1. El proyecto UbicaT+, desarrollado por el alumnado de 1.\u00ba de Bachillerato de Tecnolog\u00eda e Ingenier\u00eda, es un buen ejemplo de c\u00f3mo lo que trabajamos en clase puede tener una utilidad real en nuestro entorno.&nbsp;<\/p>\n\n\n\n<p>La idea nace de algo cercano, vivimos en una zona rodeada de campos de ma\u00edz que, en determinadas \u00e9pocas, superan la altura de una persona. En este contexto, no es dif\u00edcil imaginar que alguien pueda desorientarse y perderse. A partir de ah\u00ed surgi\u00f3 el reto: crear un dispositivo que permita localizar a una persona en una situaci\u00f3n as\u00ed.&nbsp;<\/p>\n\n\n\n<figure class=\"wp-block-image size-large\"><a href=\"https:\/\/www.iessenara.es\/Revista\/wp-content\/uploads\/2026\/04\/WhatsApp-Image-2026-04-14-at-20.36.001.jpeg\"><img decoding=\"async\" loading=\"lazy\" width=\"1024\" height=\"768\" src=\"https:\/\/www.iessenara.es\/Revista\/wp-content\/uploads\/2026\/04\/WhatsApp-Image-2026-04-14-at-20.36.001-1024x768.jpeg\" alt=\"\" class=\"wp-image-6032\" srcset=\"https:\/\/www.iessenara.es\/Revista\/wp-content\/uploads\/2026\/04\/WhatsApp-Image-2026-04-14-at-20.36.001-1024x768.jpeg 1024w, https:\/\/www.iessenara.es\/Revista\/wp-content\/uploads\/2026\/04\/WhatsApp-Image-2026-04-14-at-20.36.001-300x225.jpeg 300w, https:\/\/www.iessenara.es\/Revista\/wp-content\/uploads\/2026\/04\/WhatsApp-Image-2026-04-14-at-20.36.001-768x576.jpeg 768w, https:\/\/www.iessenara.es\/Revista\/wp-content\/uploads\/2026\/04\/WhatsApp-Image-2026-04-14-at-20.36.001-1536x1152.jpeg 1536w, https:\/\/www.iessenara.es\/Revista\/wp-content\/uploads\/2026\/04\/WhatsApp-Image-2026-04-14-at-20.36.001.jpeg 1600w\" sizes=\"(max-width: 1024px) 100vw, 1024px\" \/><\/a><\/figure>\n\n\n\n<p><\/p>\n\n\n\n<p>Dise\u00f1amos un sistema basado en Arduino que incorpora GPS, sensores ambientales y comunicaci\u00f3n por radio. Este dispositivo env\u00eda datos en tiempo real a un ordenador, donde se pueden visualizar aspectos como la ubicaci\u00f3n, el recorrido o las condiciones del entorno. En otras palabras, podemos saber d\u00f3nde est\u00e1 una persona, c\u00f3mo se mueve y en qu\u00e9 condiciones se encuentra.&nbsp;<\/p>\n\n\n\n<p>Pero lo m\u00e1s importante no ha sido solo el resultado, sino todo lo aprendido por el camino. Hemos tenido que investigar, probar, equivocarnos y volver a intentarlo, trabajado en equipo y tomado decisiones, como ocurre en cualquier proyecto tecnol\u00f3gico a nivel profesional.&nbsp;<\/p>\n\n\n\n<p>En el equipo de UbicaT+ hemos dise\u00f1ado piezas en 3D, creado el logo del equipo, pegatinas y camisetas, y aprendido a utilizar herramientas como la cortadora l\u00e1ser. Nuestras presentaciones con Canva son las mejores y mantenemos a diario la p\u00e1gina web ( <a rel=\"noreferrer noopener\" href=\"https:\/\/ubicatsenara.wixsite.com\/ubicatsenara\" target=\"_blank\">https:\/\/ubicatsenara.wixsite.com\/ubicatsenara<\/a> ) y nuestras redes sociales (@ubicat_senara).&nbsp;&nbsp;<\/p>\n\n\n\n<figure class=\"wp-block-image size-large\"><a href=\"https:\/\/www.iessenara.es\/Revista\/wp-content\/uploads\/2026\/04\/WhatsApp-Image-2026-04-14-at-20.35.59.jpeg\"><img decoding=\"async\" loading=\"lazy\" width=\"768\" height=\"1024\" src=\"https:\/\/www.iessenara.es\/Revista\/wp-content\/uploads\/2026\/04\/WhatsApp-Image-2026-04-14-at-20.35.59-768x1024.jpeg\" alt=\"\" class=\"wp-image-6033\" srcset=\"https:\/\/www.iessenara.es\/Revista\/wp-content\/uploads\/2026\/04\/WhatsApp-Image-2026-04-14-at-20.35.59-768x1024.jpeg 768w, https:\/\/www.iessenara.es\/Revista\/wp-content\/uploads\/2026\/04\/WhatsApp-Image-2026-04-14-at-20.35.59-225x300.jpeg 225w, https:\/\/www.iessenara.es\/Revista\/wp-content\/uploads\/2026\/04\/WhatsApp-Image-2026-04-14-at-20.35.59-1152x1536.jpeg 1152w, https:\/\/www.iessenara.es\/Revista\/wp-content\/uploads\/2026\/04\/WhatsApp-Image-2026-04-14-at-20.35.59.jpeg 1200w\" sizes=\"(max-width: 768px) 100vw, 768px\" \/><\/a><\/figure>\n\n\n\n<p><\/p>\n\n\n\n<p>\u00daltimamente el proyecto ha tenido tambi\u00e9n repercusi\u00f3n fuera del instituto. Medios de comunicaci\u00f3n como Noticias a Tiempo( <a rel=\"noreferrer noopener\" href=\"https:\/\/noticiasatiempo.es\/20260409\/alumnos-del-ies-senara-de-babilafuente-inventan-un-dispositivo-de-geolocalizacion-de-personas-que-puedan-perderse-en-un-maizal\/\" target=\"_blank\">https:\/\/noticiasatiempo.es\/20260409\/alumnos-del-ies-senara-de-babilafuente-inventan-un-dispositivo-de-geolocalizacion-de-personas-que-puedan-perderse-en-un-maizal\/<\/a> ) y La Gaceta de Salamanca( <a rel=\"noreferrer noopener\" href=\"https:\/\/www.lagacetadesalamanca.es\/provincia\/ies-senara-babilafuente-optara-premios-innovacion-educativa-20260409000726-nt.html?ref=https%3A%2F%2Fwww.google.com%2F\" target=\"_blank\">https:\/\/www.lagacetadesalamanca.es\/provincia\/ies-senara-babilafuente-optara-premios-innovacion-educativa-20260409000726-nt.html?ref=https%3A%2F%2Fwww.google.com%2F<\/a> ) se han hecho eco de la iniciativa, lo que nos est\u00e1 sirviendo de motivaci\u00f3n extra.&nbsp;<\/p>\n\n\n\n<p>Damos las gracias a nuestros patrocinadores, empresas de la zona que han apostado por nosotros.<\/p>\n\n\n\n<figure class=\"wp-block-image size-full\"><a href=\"https:\/\/www.iessenara.es\/Revista\/wp-content\/uploads\/2026\/04\/WhatsApp-Image-2026-04-14-at-20.36.00-1.jpeg\"><img decoding=\"async\" loading=\"lazy\" width=\"813\" height=\"419\" src=\"https:\/\/www.iessenara.es\/Revista\/wp-content\/uploads\/2026\/04\/WhatsApp-Image-2026-04-14-at-20.36.00-1.jpeg\" alt=\"\" class=\"wp-image-6034\" srcset=\"https:\/\/www.iessenara.es\/Revista\/wp-content\/uploads\/2026\/04\/WhatsApp-Image-2026-04-14-at-20.36.00-1.jpeg 813w, https:\/\/www.iessenara.es\/Revista\/wp-content\/uploads\/2026\/04\/WhatsApp-Image-2026-04-14-at-20.36.00-1-300x155.jpeg 300w, https:\/\/www.iessenara.es\/Revista\/wp-content\/uploads\/2026\/04\/WhatsApp-Image-2026-04-14-at-20.36.00-1-768x396.jpeg 768w\" sizes=\"(max-width: 813px) 100vw, 813px\" \/><\/a><\/figure>\n","protected":false},"excerpt":{"rendered":"<p>AUTOR: V\u00edctor Manuel Baez Bernal (Dpto. Tecnolog\u00eda) En el IES Senara nos gusta aprender haciendo, pero este curso hemos ido un paso m\u00e1s all\u00e1. El proyecto UbicaT+, desarrollado por el alumnado de 1.\u00ba de&#46;&#46;&#46;<\/p>\n","protected":false},"author":3,"featured_media":6036,"comment_status":"open","ping_status":"open","sticky":false,"template":"","format":"standard","meta":{"jetpack_post_was_ever_published":false,"jetpack_publicize_message":"","jetpack_is_tweetstorm":false,"jetpack_publicize_feature_enabled":true,"jetpack_social_options":[]},"categories":[8],"tags":[497,447,589],"jetpack_publicize_connections":[],"jetpack_featured_media_url":"https:\/\/www.iessenara.es\/Revista\/wp-content\/uploads\/2026\/04\/Ubicate-19_9.jpg","jetpack_sharing_enabled":true,"jetpack_shortlink":"https:\/\/wp.me\/p5mbkp-1zh","_links":{"self":[{"href":"https:\/\/www.iessenara.es\/Revista\/index.php?rest_route=\/wp\/v2\/posts\/6031"}],"collection":[{"href":"https:\/\/www.iessenara.es\/Revista\/index.php?rest_route=\/wp\/v2\/posts"}],"about":[{"href":"https:\/\/www.iessenara.es\/Revista\/index.php?rest_route=\/wp\/v2\/types\/post"}],"author":[{"embeddable":true,"href":"https:\/\/www.iessenara.es\/Revista\/index.php?rest_route=\/wp\/v2\/users\/3"}],"replies":[{"embeddable":true,"href":"https:\/\/www.iessenara.es\/Revista\/index.php?rest_route=%2Fwp%2Fv2%2Fcomments&post=6031"}],"version-history":[{"count":3,"href":"https:\/\/www.iessenara.es\/Revista\/index.php?rest_route=\/wp\/v2\/posts\/6031\/revisions"}],"predecessor-version":[{"id":6038,"href":"https:\/\/www.iessenara.es\/Revista\/index.php?rest_route=\/wp\/v2\/posts\/6031\/revisions\/6038"}],"wp:featuredmedia":[{"embeddable":true,"href":"https:\/\/www.iessenara.es\/Revista\/index.php?rest_route=\/wp\/v2\/media\/6036"}],"wp:attachment":[{"href":"https:\/\/www.iessenara.es\/Revista\/index.php?rest_route=%2Fwp%2Fv2%2Fmedia&parent=6031"}],"wp:term":[{"taxonomy":"category","embeddable":true,"href":"https:\/\/www.iessenara.es\/Revista\/index.php?rest_route=%2Fwp%2Fv2%2Fcategories&post=6031"},{"taxonomy":"post_tag","embeddable":true,"href":"https:\/\/www.iessenara.es\/Revista\/index.php?rest_route=%2Fwp%2Fv2%2Ftags&post=6031"}],"curies":[{"name":"wp","href":"https:\/\/api.w.org\/{rel}","templated":true}]}}