{"id":618,"date":"2015-06-26T18:47:19","date_gmt":"2015-06-26T18:47:19","guid":{"rendered":"http:\/\/www.iessenara.es\/Revista\/?p=618"},"modified":"2015-06-26T18:47:19","modified_gmt":"2015-06-26T18:47:19","slug":"viaje-a-roma-piazza-di-spagna","status":"publish","type":"post","link":"https:\/\/www.iessenara.es\/Revista\/?p=618","title":{"rendered":"Viaje a Roma: Piazza di Spagna"},"content":{"rendered":"<div id=\"attachment_620\" style=\"width: 210px\" class=\"wp-caption alignleft\"><a href=\"http:\/\/www.iessenara.es\/Revista\/wp-content\/uploads\/2015\/06\/spagna1.jpg\"><img aria-describedby=\"caption-attachment-620\" decoding=\"async\" loading=\"lazy\" class=\"wp-image-620 size-medium\" src=\"http:\/\/www.iessenara.es\/Revista\/wp-content\/uploads\/2015\/06\/spagna1-200x300.jpg\" alt=\"Piazza di Spagna. En primer t\u00e9rmino la Fontana della Barcaccia de Pietro Bernini. Detr\u00e1s la escalinata que conduce a la iglesia de Trinit\u00e0 dei Monti.\" width=\"200\" height=\"300\" srcset=\"https:\/\/www.iessenara.es\/Revista\/wp-content\/uploads\/2015\/06\/spagna1-200x300.jpg 200w, https:\/\/www.iessenara.es\/Revista\/wp-content\/uploads\/2015\/06\/spagna1-682x1024.jpg 682w, https:\/\/www.iessenara.es\/Revista\/wp-content\/uploads\/2015\/06\/spagna1.jpg 1900w\" sizes=\"(max-width: 200px) 100vw, 200px\" \/><\/a><p id=\"caption-attachment-620\" class=\"wp-caption-text\">Piazza di Spagna. En primer t\u00e9rmino la Fontana della Barcaccia de Pietro Bernini. Detr\u00e1s la escalinata que conduce a la iglesia de Trinit\u00e0 dei Monti.<\/p><\/div>\n<p>La Plaza de Espa\u00f1a es una de las plazas m\u00e1s famosas de Roma. Fue construida en el siglo XVII. Recibe este nombre porque est\u00e1 situada justo al lado del Palacio de Espa\u00f1a o Palacio Monaldeschi, en cuyo interior se encuentra la embajada espa\u00f1ola.<\/p>\n<p>En ella se puede encontrar una fuente en el centro, la Fuente de la Barcaza (<em>Fontana della Barcaccia), <\/em>que recibe ese nombre porque se asemeja a un barco naufragado. Fue construida por Bernini padre en 1627, inspirado por un barco que lleg\u00f3 a la plaza debido a un desbordamiento del r\u00edo T\u00edber.<\/p>\n<p>La grandiosa escalinata de 135 pelda\u00f1os fue inaugurada en 1725. Se construy\u00f3 para resolver el problema de desnivel que hab\u00eda y que dificultaba el acceso a la iglesia. Est\u00e1 decorada por numerosas terrazas-jardines.<\/p>\n<p>Visitamos esta plaza el lunes por la tarde-noche. Despu\u00e9s de la explicaci\u00f3n de Fernando, nos dejaron un tiempo de descanso y fuimos a cenar a un restaurante que hab\u00eda cerca de all\u00ed. Aunque estuvo lloviendo un rato, pudimos salir luego a sentarnos en las escaleras de la plaza. Estuvimos todos juntos esperando a que volvieran los profesores. Durante este tiempo compraron unos silbatos que se colocaban en la lengua y al soplar hac\u00eda unos sonidos muy agudos.<\/p>\n<div id=\"attachment_621\" style=\"width: 310px\" class=\"wp-caption alignright\"><a href=\"http:\/\/www.iessenara.es\/Revista\/wp-content\/uploads\/2015\/06\/spagna2.jpg\"><img aria-describedby=\"caption-attachment-621\" decoding=\"async\" loading=\"lazy\" class=\"wp-image-621 size-medium\" src=\"http:\/\/www.iessenara.es\/Revista\/wp-content\/uploads\/2015\/06\/spagna2-300x200.jpg\" alt=\"El grupo en la Plaza de Espa\u00f1a con la bandera de \u00eddem.\" width=\"300\" height=\"200\" srcset=\"https:\/\/www.iessenara.es\/Revista\/wp-content\/uploads\/2015\/06\/spagna2-300x200.jpg 300w, https:\/\/www.iessenara.es\/Revista\/wp-content\/uploads\/2015\/06\/spagna2-1024x682.jpg 1024w, https:\/\/www.iessenara.es\/Revista\/wp-content\/uploads\/2015\/06\/spagna2.jpg 1900w\" sizes=\"(max-width: 300px) 100vw, 300px\" \/><\/a><p id=\"caption-attachment-621\" class=\"wp-caption-text\">El grupo en la Plaza de Espa\u00f1a con la bandera de \u00eddem.<\/p><\/div>\n<p>Ya cuando hab\u00edan llegado Luis y Fernando vimos c\u00f3mo un hombre le ped\u00eda matrimonio a su novia en medio de la escalinata. Cuando dijo que s\u00ed unos m\u00fasicos empezaron a tocar una canci\u00f3n y todos los que est\u00e1bamos en la plaza les aplaudimos, muchos fueron a felicitarles directamente. Unos hombres que andaban vendiendo flores por la plaza le regalaron unas rosas a la mujer.<\/p>\n<p>La Plaza de Espa\u00f1a es el lugar que m\u00e1s me ha gustado de todo lo que hemos visto en Roma en esta excursi\u00f3n. Aunque las terrazas-jardines estaban sin flores cuando fuimos la plaza me pareci\u00f3 preciosa.<\/p>\n<p style=\"text-align: right\">Beatriz Mart\u00edn Maestre<\/p>\n","protected":false},"excerpt":{"rendered":"<p>La Plaza de Espa\u00f1a es una de las plazas m\u00e1s famosas de Roma. Fue construida en el siglo XVII. Recibe este nombre porque est\u00e1 situada justo al lado del Palacio de Espa\u00f1a o Palacio&#46;&#46;&#46;<\/p>\n","protected":false},"author":3,"featured_media":620,"comment_status":"open","ping_status":"open","sticky":false,"template":"","format":"standard","meta":{"jetpack_post_was_ever_published":false,"jetpack_publicize_message":"","jetpack_is_tweetstorm":false,"jetpack_publicize_feature_enabled":true,"jetpack_social_options":[]},"categories":[6,1,8],"tags":[35,33,36,32],"jetpack_publicize_connections":[],"jetpack_featured_media_url":"https:\/\/www.iessenara.es\/Revista\/wp-content\/uploads\/2015\/06\/spagna1.jpg","jetpack_sharing_enabled":true,"jetpack_shortlink":"https:\/\/wp.me\/p5mbkp-9Y","_links":{"self":[{"href":"https:\/\/www.iessenara.es\/Revista\/index.php?rest_route=\/wp\/v2\/posts\/618"}],"collection":[{"href":"https:\/\/www.iessenara.es\/Revista\/index.php?rest_route=\/wp\/v2\/posts"}],"about":[{"href":"https:\/\/www.iessenara.es\/Revista\/index.php?rest_route=\/wp\/v2\/types\/post"}],"author":[{"embeddable":true,"href":"https:\/\/www.iessenara.es\/Revista\/index.php?rest_route=\/wp\/v2\/users\/3"}],"replies":[{"embeddable":true,"href":"https:\/\/www.iessenara.es\/Revista\/index.php?rest_route=%2Fwp%2Fv2%2Fcomments&post=618"}],"version-history":[{"count":3,"href":"https:\/\/www.iessenara.es\/Revista\/index.php?rest_route=\/wp\/v2\/posts\/618\/revisions"}],"predecessor-version":[{"id":624,"href":"https:\/\/www.iessenara.es\/Revista\/index.php?rest_route=\/wp\/v2\/posts\/618\/revisions\/624"}],"wp:featuredmedia":[{"embeddable":true,"href":"https:\/\/www.iessenara.es\/Revista\/index.php?rest_route=\/wp\/v2\/media\/620"}],"wp:attachment":[{"href":"https:\/\/www.iessenara.es\/Revista\/index.php?rest_route=%2Fwp%2Fv2%2Fmedia&parent=618"}],"wp:term":[{"taxonomy":"category","embeddable":true,"href":"https:\/\/www.iessenara.es\/Revista\/index.php?rest_route=%2Fwp%2Fv2%2Fcategories&post=618"},{"taxonomy":"post_tag","embeddable":true,"href":"https:\/\/www.iessenara.es\/Revista\/index.php?rest_route=%2Fwp%2Fv2%2Ftags&post=618"}],"curies":[{"name":"wp","href":"https:\/\/api.w.org\/{rel}","templated":true}]}}