{"id":636,"date":"2015-06-26T19:30:41","date_gmt":"2015-06-26T19:30:41","guid":{"rendered":"http:\/\/www.iessenara.es\/Revista\/?p=636"},"modified":"2015-06-26T19:31:34","modified_gmt":"2015-06-26T19:31:34","slug":"viaje-a-roma-plaza-de-san-pedro","status":"publish","type":"post","link":"https:\/\/www.iessenara.es\/Revista\/?p=636","title":{"rendered":"Viaje a Roma: Plaza de San Pedro"},"content":{"rendered":"<div id=\"attachment_644\" style=\"width: 310px\" class=\"wp-caption alignleft\"><a href=\"http:\/\/www.iessenara.es\/Revista\/wp-content\/uploads\/2015\/06\/piazza_san_pedro2.jpg\"><img aria-describedby=\"caption-attachment-644\" decoding=\"async\" loading=\"lazy\" class=\"wp-image-644 size-medium\" src=\"http:\/\/www.iessenara.es\/Revista\/wp-content\/uploads\/2015\/06\/piazza_san_pedro2-300x200.jpg\" alt=\"El grupo escucha \u00bfatento? las explicaciones del profesor ante la columnata de Bernini en la Plaza de San Pedro del Vaticano.\" width=\"300\" height=\"200\" srcset=\"https:\/\/www.iessenara.es\/Revista\/wp-content\/uploads\/2015\/06\/piazza_san_pedro2-300x200.jpg 300w, https:\/\/www.iessenara.es\/Revista\/wp-content\/uploads\/2015\/06\/piazza_san_pedro2-1024x682.jpg 1024w, https:\/\/www.iessenara.es\/Revista\/wp-content\/uploads\/2015\/06\/piazza_san_pedro2.jpg 1900w\" sizes=\"(max-width: 300px) 100vw, 300px\" \/><\/a><p id=\"caption-attachment-644\" class=\"wp-caption-text\">Salvo los del \u00abselfi\u00bb, el resto del grupo escucha atento las explicaciones del profesor ante la columnata de Bernini en la Plaza de San Pedro del Vaticano.<\/p><\/div>\n<p>La Plaza de San Pedro es una de las plazas m\u00e1s bonitas y grandes del mundo. Se encuentra situada en El Vaticano, a los pies de la Bas\u00edlica de San Pedro. Fue proyectada por Gian Lorenzo Bernini con el apoyo del Papa Alejando XII entre 1656 y 1667.<\/p>\n<p>Lo m\u00e1s impresionante de la plaza, adem\u00e1s de su tama\u00f1o, son las 284 columnas y 88 pilastras que bordean la plaza en un p\u00f3rtico de cuatro filas. En lo alto de las columnas hay 140 estatuas de santos realizadas en 1670 por los disc\u00edpulos de Bernini.<\/p>\n<p>En el centro de la plaza destaca el obelisco y las dos fuentes, una de Bernini, construida en 1675 y otra de Maderno realizada en 1614. El obelisco, de 25 metros de alto, fue llevado a Roma desde Egipto en \u00e9poca de Cal\u00edgula.<\/p>\n<p>La forma m\u00e1s espectacular de llegar a la Plaza de San Pedro es por la Via della Conciliazione, una larga calle que comienza en el Castillo de Sant&#8217;Angelo.<\/p>\n<p><strong>Opini\u00f3n sobre la plaza de San Pedro<\/strong><\/p>\n<div id=\"attachment_643\" style=\"width: 310px\" class=\"wp-caption alignright\"><a href=\"http:\/\/www.iessenara.es\/Revista\/wp-content\/uploads\/2015\/06\/piazza_san_pedro1.jpg\"><img aria-describedby=\"caption-attachment-643\" decoding=\"async\" loading=\"lazy\" class=\"wp-image-643 size-medium\" src=\"http:\/\/www.iessenara.es\/Revista\/wp-content\/uploads\/2015\/06\/piazza_san_pedro1-300x200.jpg\" alt=\"Plaza de San Pedro. Columnata de Bernini.\" width=\"300\" height=\"200\" srcset=\"https:\/\/www.iessenara.es\/Revista\/wp-content\/uploads\/2015\/06\/piazza_san_pedro1-300x200.jpg 300w, https:\/\/www.iessenara.es\/Revista\/wp-content\/uploads\/2015\/06\/piazza_san_pedro1-1024x682.jpg 1024w, https:\/\/www.iessenara.es\/Revista\/wp-content\/uploads\/2015\/06\/piazza_san_pedro1.jpg 1900w\" sizes=\"(max-width: 300px) 100vw, 300px\" \/><\/a><p id=\"caption-attachment-643\" class=\"wp-caption-text\">Plaza de San Pedro. Columnata de Bernini.<\/p><\/div>\n<p>Mi opini\u00f3n sobre la plaza de San Pedro es que es un lugar de los m\u00e1s bonitos que se puedan visitar en Roma. El s\u00e1bado 21 fue el d\u00eda que visitamos el Vaticano y estuvimos en esta plaza. All\u00ed, Fernando nos explic\u00f3 la plaza, las columnas, los santos, qui\u00e9n las hizo, qui\u00e9n proyect\u00f3 esa obra, etc.<\/p>\n<p>A todos nos sonaba este lugar de verlo tantas veces en la televisi\u00f3n, y nos parec\u00eda que ya hab\u00edamos estado all\u00ed alguna vez. Justamente unos d\u00edas despu\u00e9s, el Papa iba a estar en esa plaza, y pudimos ver la cantidad de sillas que hab\u00eda colocadas varios d\u00edas antes para ver al Papa.<\/p>\n<p>De esta plaza me llevo un bonito recuerdo y buenos momentos con mis compa\u00f1eros. Para m\u00ed fue uno de los lugares m\u00e1s hermosos\u00a0que visitamos en la excursi\u00f3n y me gustar\u00eda haber podido dedicar m\u00e1s tiempo a la explicaci\u00f3n de este lugar, porque lo veo un lugar muy interesante y con bastantes cosas que aprender de \u00e9l.<\/p>\n<p>Tenemos varias fotos de grupo en esta plaza con la fachada de la bas\u00edlica de San Pedro detr\u00e1s que nos servir\u00e1n de gran recuerdo a todos los que fuimos, y recordar a quienes estuvimos all\u00ed y los buenos momentos que pasamos todos juntos.<\/p>\n<p><strong>Opini\u00f3n sobre el viaje en general<\/strong><\/p>\n<div id=\"attachment_642\" style=\"width: 310px\" class=\"wp-caption alignleft\"><a href=\"http:\/\/www.iessenara.es\/Revista\/wp-content\/uploads\/2015\/06\/piazza_san_pedro3.jpg\"><img aria-describedby=\"caption-attachment-642\" decoding=\"async\" loading=\"lazy\" class=\"wp-image-642 size-medium\" src=\"http:\/\/www.iessenara.es\/Revista\/wp-content\/uploads\/2015\/06\/piazza_san_pedro3-300x200.jpg\" alt=\"Despu\u00e9s de visitar los Museos Vaticanos (aqu\u00ed fotografiando el grupo escult\u00f3rico del Laocoonte) caminamos por la Plaza de San Pedro.\" width=\"300\" height=\"200\" srcset=\"https:\/\/www.iessenara.es\/Revista\/wp-content\/uploads\/2015\/06\/piazza_san_pedro3-300x200.jpg 300w, https:\/\/www.iessenara.es\/Revista\/wp-content\/uploads\/2015\/06\/piazza_san_pedro3-1024x682.jpg 1024w, https:\/\/www.iessenara.es\/Revista\/wp-content\/uploads\/2015\/06\/piazza_san_pedro3.jpg 1900w\" sizes=\"(max-width: 300px) 100vw, 300px\" \/><\/a><p id=\"caption-attachment-642\" class=\"wp-caption-text\">Despu\u00e9s de visitar los Museos Vaticanos (aqu\u00ed fotografiando el grupo escult\u00f3rico del Laocoonte) caminamos por la Plaza de San Pedro.<\/p><\/div>\n<p>La excursi\u00f3n a Roma ha sido uno de los mejores viajes que he hecho en mi vida, con buenos amigos y buenos compa\u00f1eros de clase.<\/p>\n<p>Durante la excursi\u00f3n hubo muy buenos momentos, y muy pocos momentos malos, por no decir ninguno. Los profesores se portaron muy bien con nosotros, igual que nosotros con ellos en mi opini\u00f3n, aunque alguna vez no atendi\u00e9ramos demasiado por estar hablando o distra\u00eddos con otras cosas menos importantes, pero en general creo que la actitud del grupo en pocos aspectos se pod\u00eda haber mejorado. El humor y el trato que tuvieron con nosotros los profesores tampoco pudo mejorarse porque fue muy bueno, y en ese aspecto no se puede quejar ninguno de los que fuimos a la excursi\u00f3n.<\/p>\n<p>La actitud del grupo en el hotel por la noche alg\u00fan d\u00eda no fue tan buena como pod\u00eda haber sido, pero los profesores nos llamaron la atenci\u00f3n y la actitud del grupo cambi\u00f3 por completo.<\/p>\n<p>Todos debemos dar las gracias a nuestros padres principalmente por haber hecho posible que fu\u00e9ramos a esta excursi\u00f3n, y agradecer tambi\u00e9n a Fernando y Luis el trato que nos dieron, y por haber hecho posible que el viaje pudiera realizarse.<\/p>\n<p style=\"text-align: right\">Manuel Monsalvo Paz. 4\u00ba ESO A<\/p>\n","protected":false},"excerpt":{"rendered":"<p>La Plaza de San Pedro es una de las plazas m\u00e1s bonitas y grandes del mundo. Se encuentra situada en El Vaticano, a los pies de la Bas\u00edlica de San Pedro. Fue proyectada por&#46;&#46;&#46;<\/p>\n","protected":false},"author":3,"featured_media":644,"comment_status":"open","ping_status":"open","sticky":false,"template":"","format":"standard","meta":{"jetpack_post_was_ever_published":false,"jetpack_publicize_message":"","jetpack_is_tweetstorm":false,"jetpack_publicize_feature_enabled":true,"jetpack_social_options":[]},"categories":[6,1,8],"tags":[35,33,36,32],"jetpack_publicize_connections":[],"jetpack_featured_media_url":"https:\/\/www.iessenara.es\/Revista\/wp-content\/uploads\/2015\/06\/piazza_san_pedro2.jpg","jetpack_sharing_enabled":true,"jetpack_shortlink":"https:\/\/wp.me\/p5mbkp-ag","_links":{"self":[{"href":"https:\/\/www.iessenara.es\/Revista\/index.php?rest_route=\/wp\/v2\/posts\/636"}],"collection":[{"href":"https:\/\/www.iessenara.es\/Revista\/index.php?rest_route=\/wp\/v2\/posts"}],"about":[{"href":"https:\/\/www.iessenara.es\/Revista\/index.php?rest_route=\/wp\/v2\/types\/post"}],"author":[{"embeddable":true,"href":"https:\/\/www.iessenara.es\/Revista\/index.php?rest_route=\/wp\/v2\/users\/3"}],"replies":[{"embeddable":true,"href":"https:\/\/www.iessenara.es\/Revista\/index.php?rest_route=%2Fwp%2Fv2%2Fcomments&post=636"}],"version-history":[{"count":5,"href":"https:\/\/www.iessenara.es\/Revista\/index.php?rest_route=\/wp\/v2\/posts\/636\/revisions"}],"predecessor-version":[{"id":647,"href":"https:\/\/www.iessenara.es\/Revista\/index.php?rest_route=\/wp\/v2\/posts\/636\/revisions\/647"}],"wp:featuredmedia":[{"embeddable":true,"href":"https:\/\/www.iessenara.es\/Revista\/index.php?rest_route=\/wp\/v2\/media\/644"}],"wp:attachment":[{"href":"https:\/\/www.iessenara.es\/Revista\/index.php?rest_route=%2Fwp%2Fv2%2Fmedia&parent=636"}],"wp:term":[{"taxonomy":"category","embeddable":true,"href":"https:\/\/www.iessenara.es\/Revista\/index.php?rest_route=%2Fwp%2Fv2%2Fcategories&post=636"},{"taxonomy":"post_tag","embeddable":true,"href":"https:\/\/www.iessenara.es\/Revista\/index.php?rest_route=%2Fwp%2Fv2%2Ftags&post=636"}],"curies":[{"name":"wp","href":"https:\/\/api.w.org\/{rel}","templated":true}]}}