{"id":686,"date":"2016-01-27T09:31:29","date_gmt":"2016-01-27T09:31:29","guid":{"rendered":"http:\/\/www.iessenara.es\/Revista\/?p=686"},"modified":"2019-07-16T09:51:30","modified_gmt":"2019-07-16T09:51:30","slug":"entrevistas-en-la-residencia-i","status":"publish","type":"post","link":"https:\/\/www.iessenara.es\/Revista\/?p=686","title":{"rendered":"Entrevistas en la Residencia (I)"},"content":{"rendered":"<p>&nbsp;<\/p>\n<p><em><span style=\"color: #000000\">Hemos charlado con algunos habitantes de la residencia de mayores \u00abBella Vista\u00bb, contigua al instituto, que amablemente han contestado a nuestras preguntas y nos han contado cosas sobre su vida y su familia.<\/span><\/em><\/p>\n<p>&nbsp;<\/p>\n<p><strong><span style=\"color: #000000\">Simona<\/span><\/strong><\/p>\n<p><span style=\"color: #800000\"><strong>\u00bfC\u00f3mo fue su infancia?<\/strong><\/span><\/p>\n<p><span style=\"color: #000000\">Muy pobre; con un trozo de pan com\u00edamos todos los hermanos y nos manten\u00edamos.<\/span><\/p>\n<p><strong><span style=\"color: #800000\">\u00bfC\u00f3mo eran las matanzas?<img decoding=\"async\" loading=\"lazy\" class=\"alignright wp-image-691\" src=\"http:\/\/www.iessenara.es\/Revista\/wp-content\/uploads\/2016\/01\/Ra\u00fal-y-Samuel-1-300x168.jpg\" alt=\"Ra\u00fal y Samuel 1\" width=\"355\" height=\"200\" srcset=\"https:\/\/www.iessenara.es\/Revista\/wp-content\/uploads\/2016\/01\/Ra\u00fal-y-Samuel-1-300x168.jpg 300w, https:\/\/www.iessenara.es\/Revista\/wp-content\/uploads\/2016\/01\/Ra\u00fal-y-Samuel-1-1024x576.jpg 1024w\" sizes=\"(max-width: 355px) 100vw, 355px\" \/><\/span><\/strong><\/p>\n<p><span style=\"color: #000000\">Mat\u00e1bamos un cerdo, y nos lo pas\u00e1bamos muy bien toda la familia.<\/span><\/p>\n<p><span style=\"color: #800000\"><strong>\u00bfC\u00f3mo era la vida en el campo?<\/strong><\/span><\/p>\n<p><span style=\"color: #000000\">Muy dura, iba a espigar.<\/span><\/p>\n<p><span style=\"color: #800000\"><strong>\u00bfTuvo marido e hijos?<\/strong><\/span><\/p>\n<p><span style=\"color: #000000\">S\u00ed, tuve cuatro hijos: Javier, Justo, Tom\u00e1s <em>(no recuerda el nombre del cuarto)<\/em>, y una hija que se llamaba Mar\u00eda del Carmen. Mi marido se llamaba Tom\u00e1s.<\/span><\/p>\n<p>&nbsp;<\/p>\n<p><span style=\"color: #000000\"><strong>Inocencia<\/strong><\/span><\/p>\n<p><strong><span style=\"color: #800000\">\u00bfC\u00f3mo fue su infancia?<\/span><\/strong><\/p>\n<p><span style=\"color: #000000\">Era muy pobre, lo pas\u00e1bamos muy mal para poder comer. \u00c9ramos nueve hermanos. Uno de ellos se mat\u00f3 tir\u00e1ndose de un s\u00e9ptimo piso.<\/span><\/p>\n<p><span style=\"color: #800000\"><strong>\u00bfC\u00f3mo eran las matanzas?<\/strong><\/span><\/p>\n<p><span style=\"color: #000000\">Mat\u00e1bamos uno o dos marranos, era algo muy familiar.<\/span><\/p>\n<p><span style=\"color: #800000\"><strong>\u00bfC\u00f3mo era la vida en el campo?<\/strong><\/span><\/p>\n<p><span style=\"color: #000000\">Mis hermanos ayudaban en el campo a entresacar remolacha y las hermanas a espigar para alimentar a los animales.<\/span><\/p>\n<p><span style=\"color: #800000\"><strong>\u00bfTuvo marido e hijos?<\/strong><\/span><\/p>\n<p><span style=\"color: #000000\">S\u00ed, mi marido se llamaba Andr\u00e9s. Se muri\u00f3 hace cinco a\u00f1os.&nbsp;Tuve dos hijas y tres hijos; a una de las hijas la pill\u00f3 un coche y casi la mata, estuvo m\u00e1s all\u00e1 que \u00abpa\u2019 ac\u00e1\u00bb.<\/span><\/p>\n<p><a href=\"http:\/\/www.iessenara.es\/Revista\/wp-content\/uploads\/2016\/01\/Ra\u00fal-y-Samuel-2.jpg\"><img decoding=\"async\" loading=\"lazy\" class=\"aligncenter wp-image-693\" src=\"http:\/\/www.iessenara.es\/Revista\/wp-content\/uploads\/2016\/01\/Ra\u00fal-y-Samuel-2-300x168.jpg\" alt=\"Ra\u00fal y Samuel 2\" width=\"350\" height=\"197\" srcset=\"https:\/\/www.iessenara.es\/Revista\/wp-content\/uploads\/2016\/01\/Ra\u00fal-y-Samuel-2-300x168.jpg 300w, https:\/\/www.iessenara.es\/Revista\/wp-content\/uploads\/2016\/01\/Ra\u00fal-y-Samuel-2-1024x576.jpg 1024w\" sizes=\"(max-width: 350px) 100vw, 350px\" \/><\/a><\/p>\n<p>&nbsp;<\/p>\n<p><span style=\"color: #000000\"><strong>Juan<\/strong><\/span><\/p>\n<p><span style=\"color: #800000\"><strong>En su tiempo libre, \u00bfqu\u00e9 hac\u00eda usted?<\/strong><\/span><\/p>\n<p><span style=\"color: #000000\">Casi no ten\u00edamos tiempo libre; trabaj\u00e1bamos casi siempre con nuestro padre en el campo.<\/span><\/p>\n<p><span style=\"color: #800000\"><strong>\u00bfA qu\u00e9 juegos jugaban?<\/strong><\/span><\/p>\n<p><span style=\"color: #000000\">A las canicas y al rayado.<\/span><\/p>\n<p><span style=\"color: #800000\"><strong>\u00bfQu\u00e9 trabajos hab\u00eda antes?<\/strong><\/span><\/p>\n<p><span style=\"color: #000000\">En el ganado y en la agricultura.<\/span><\/p>\n<p><span style=\"color: #800000\"><strong>\u00bfC\u00f3mo eran las escuelas?<\/strong><\/span><\/p>\n<p><span style=\"color: #000000\">Fr\u00edas; ten\u00edamos que ir con zuecos.<\/span><\/p>\n<p><span style=\"color: #800000\"><strong>\u00bfTen\u00edan tiempo libre?<\/strong><\/span><\/p>\n<p><span style=\"color: #000000\">Poco.<\/span><\/p>\n<p><span style=\"color: #800000\"><strong>\u00bfC\u00f3mo eran antes los pueblos?<\/strong><\/span><\/p>\n<p><span style=\"color: #000000\">Peque\u00f1os y con mucho ganado.<\/span><\/p>\n<p><span style=\"color: #800000\"><strong>\u00bfSal\u00edan con sus amigos?<\/strong><\/span><\/p>\n<p><span style=\"color: #000000\">S\u00ed, pero poco, y solo \u00edbamos de fiesta cuando eran las fiestas del pueblo.<\/span><\/p>\n<p><span style=\"color: #800000\"><strong>\u00bfQu\u00e9 se hac\u00eda en el campo?<\/strong><\/span><\/p>\n<p><span style=\"color: #000000\">Segar, cultivar, recoger los frutos&#8230;<\/span><\/p>\n<p><span style=\"color: #800000\"><strong>\u00bfTen\u00edan sus padres ganado?<\/strong><\/span><\/p>\n<p><span style=\"color: #000000\">S\u00ed, toros, mulas, gallinas, etc.<\/span><\/p>\n<p><span style=\"color: #800000\"><strong>\u00bfCu\u00e1ntos hermanos eran en la casa?<\/strong><\/span><\/p>\n<p><span style=\"color: #000000\">Seis.<\/span><\/p>\n<p><span style=\"color: #800000\"><strong>\u00bfQu\u00e9 canciones recuerda de su infancia?<\/strong><\/span><\/p>\n<p><span style=\"color: #000000\">No recuerdo ninguna.<\/span><\/p>\n<p><span style=\"color: #800000\"><strong>\u00bfQu\u00e9 hac\u00edan en el verano?<\/strong><\/span><\/p>\n<p><span style=\"color: #000000\">Meternos en la charca para refrescarnos, y trabajar.<\/span><\/p>\n<p><span style=\"color: #800000\"><strong>\u00bfC\u00f3mo eran antes las matanzas?<\/strong><\/span><\/p>\n<p><span style=\"color: #000000\">Muy parecidas a las de ahora, y se curaban mejor las carnes.<\/span><\/p>\n<p><span style=\"color: #800000\"><strong>\u00bfPracticaban alg\u00fan deporte?<\/strong><\/span><\/p>\n<p><span style=\"color: #000000\">No, ninguno.<\/span><\/p>\n<p><span style=\"color: #800000\"><strong>\u00bfQu\u00e9 echa de menos?<\/strong><\/span><\/p>\n<p><span style=\"color: #000000\">A mi mujer y la vida de antes.<\/span><\/p>\n<p><span style=\"color: #800000\"><strong>\u00bfEra buen estudiante?<\/strong><\/span><\/p>\n<p><span style=\"color: #000000\">No estudi\u00e9.<\/span><\/p>\n<p><span style=\"color: #800000\"><strong>\u00bfC\u00f3mo eran sus ropas?<\/strong><\/span><\/p>\n<p><span style=\"color: #000000\">Un pantal\u00f3n y una chaqueta y para las mujeres igual.<\/span><\/p>\n<p><span style=\"color: #800000\"><strong>\u00bfSe acuerda de alg\u00fan refr\u00e1n?<\/strong><\/span><\/p>\n<p><span style=\"color: #000000\">En abril aguas mil; por San Blas la cig\u00fce\u00f1a ver\u00e1s, y si no la ves, a\u00f1o de nieve ser\u00e1&#8230;<\/span><\/p>\n<p><span style=\"color: #800000\"><strong>\u00bfQu\u00e9 consejos&nbsp; nos da para la vida?<\/strong><\/span><\/p>\n<p><span style=\"color: #000000\">Estudiar, no perder el tiempo y disfrutar todo lo que podamos de la vida.<\/span><\/p>\n<p><span style=\"color: #800000\"><strong>\u00bfQu\u00e9 piensa de la juventud de ahora?<\/strong><\/span><\/p>\n<p><span style=\"color: #000000\">Que est\u00e1n muy locos.<\/span><\/p>\n<p><span style=\"color: #000000\"><img decoding=\"async\" loading=\"lazy\" class=\"aligncenter wp-image-699\" src=\"http:\/\/www.iessenara.es\/Revista\/wp-content\/uploads\/2016\/01\/Jos\u00e9-Antonio-y-Alberto-300x168.jpg\" alt=\"Jos\u00e9 Antonio y Alberto\" width=\"420\" height=\"236\" srcset=\"https:\/\/www.iessenara.es\/Revista\/wp-content\/uploads\/2016\/01\/Jos\u00e9-Antonio-y-Alberto-300x168.jpg 300w, https:\/\/www.iessenara.es\/Revista\/wp-content\/uploads\/2016\/01\/Jos\u00e9-Antonio-y-Alberto-1024x576.jpg 1024w\" sizes=\"(max-width: 420px) 100vw, 420px\" \/><\/span><\/p>\n<p><span style=\"color: #000000\">&nbsp;<\/span><\/p>\n<p><strong><span style=\"color: #000000\">Benita<\/span><\/strong><\/p>\n<p><span style=\"color: #800000\"><strong>En su tiempo libre, \u00bfque hac\u00eda usted?<\/strong><\/span><\/p>\n<p><span style=\"color: #000000\">No ten\u00edamos tiempo libre.<\/span><\/p>\n<p><span style=\"color: #800000\"><strong>\u00bfA qu\u00e9 juegos jugaban?<\/strong><\/span><\/p>\n<p><span style=\"color: #000000\">No jug\u00e1bamos, porque ten\u00edamos que cuidar de la casa.<\/span><\/p>\n<p><span style=\"color: #800000\"><strong>\u00bfQu\u00e9 trabajos hab\u00eda antes?<\/strong><\/span><\/p>\n<p><span style=\"color: #000000\">En el campo y en la ganader\u00eda.<\/span><\/p>\n<p><span style=\"color: #800000\"><strong>\u00bfC\u00f3mo eran antes las escuelas?<\/strong><\/span><\/p>\n<p><span style=\"color: #000000\">No fui a la escuela.<\/span><\/p>\n<p><span style=\"color: #800000\"><strong>\u00bfSal\u00edan de fiesta?<\/strong><\/span><\/p>\n<p><span style=\"color: #000000\">Muy poco, y siempre a los pueblos de al lado.<\/span><\/p>\n<p><span style=\"color: #800000\"><strong>\u00bfSus padres ten\u00edan ganado?<\/strong><\/span><\/p>\n<p><span style=\"color: #000000\">No, no ten\u00edan.<\/span><\/p>\n<p><span style=\"color: #800000\"><strong>\u00bfQu\u00e9 piensa sobre la juventud de ahora?<\/strong><\/span><\/p>\n<p><span style=\"color: #000000\">Que est\u00e1 muy loca y que tiene que estudiar m\u00e1s.<\/span><\/p>\n<p><span style=\"color: #800000\"><strong>\u00bfC\u00f3mo era la ropa de entonces?<\/strong><\/span><\/p>\n<p><span style=\"color: #000000\">Las mujeres llevaban falda.<\/span><\/p>\n<p><span style=\"color: #800000\"><strong>\u00bfC\u00f3mo eran las matanzas de antes en relaci\u00f3n con las de ahora?<\/strong><\/span><\/p>\n<p><span style=\"color: #000000\">Se curaban mejor las carnes antes que ahora.<\/span><\/p>\n<p><span style=\"color: #800000\"><strong>\u00bfEran buenos estudiantes?<\/strong><\/span><\/p>\n<p><span style=\"color: #000000\">No, porque yo no conozco la escuela.<\/span><\/p>\n<p><span style=\"color: #800000\"><strong>Y ahora, \u00bfqu\u00e9 echa de menos?<\/strong><\/span><\/p>\n<p><span style=\"color: #000000\">A mi marido y a las amigas de antes, y los buenos ratos que nos pas\u00e1bamos.<\/span><\/p>\n<p><span style=\"color: #800000\"><strong>\u00bfQu\u00e9 se hac\u00eda en el campo?<\/strong><\/span><\/p>\n<p><span style=\"color: #000000\">Segar, sembrar y llevar alimento a casa para que comieran los hijos o hijas.<\/span><\/p>\n<p><span style=\"color: #800000\"><strong>\u00bfCu\u00e1ntos hermanos eran en casa?<\/strong><\/span><\/p>\n<p><span style=\"color: #000000\">\u00c9ramos siete hermanos.<\/span><\/p>\n<p><span style=\"color: #800000\"><strong>\u00bfPracticaba alg\u00fan deporte?<\/strong><\/span><\/p>\n<p><span style=\"color: #000000\">Ninguno.<\/span><\/p>\n<p>&nbsp;<\/p>\n<p style=\"text-align: right\"><span style=\"color: #008000\"><strong>Ra\u00fal Barbero Dom\u00ednguez<\/strong><\/span><\/p>\n<p style=\"text-align: right\"><span style=\"color: #008000\"><strong>Samuel L\u00f3pez Serna<\/strong><\/span><\/p>\n<p style=\"text-align: right\"><span style=\"color: #008000\"><strong>Jos\u00e9 Antonio Tavera Plaza<\/strong><\/span><\/p>\n<p style=\"text-align: right\"><span style=\"color: #008000\"><strong>Alberto Villaboa Bonal<\/strong><\/span><\/p>\n<p style=\"text-align: right\"><span style=\"color: #008000\"><strong>(Primer curso de FPB)<\/strong><\/span><\/p>\n","protected":false},"excerpt":{"rendered":"<p>&nbsp; Hemos charlado con algunos habitantes de la residencia de mayores \u00abBella Vista\u00bb, contigua al instituto, que amablemente han contestado a nuestras preguntas y nos han contado cosas sobre su vida y su familia.&#46;&#46;&#46;<\/p>\n","protected":false},"author":3,"featured_media":699,"comment_status":"open","ping_status":"open","sticky":false,"template":"","format":"standard","meta":{"jetpack_post_was_ever_published":false,"jetpack_publicize_message":"","jetpack_is_tweetstorm":false,"jetpack_publicize_feature_enabled":true,"jetpack_social_options":[]},"categories":[9],"tags":[27,19,30],"jetpack_publicize_connections":[],"jetpack_featured_media_url":"https:\/\/www.iessenara.es\/Revista\/wp-content\/uploads\/2016\/01\/Jos\u00e9-Antonio-y-Alberto.jpg","jetpack_sharing_enabled":true,"jetpack_shortlink":"https:\/\/wp.me\/p5mbkp-b4","_links":{"self":[{"href":"https:\/\/www.iessenara.es\/Revista\/index.php?rest_route=\/wp\/v2\/posts\/686"}],"collection":[{"href":"https:\/\/www.iessenara.es\/Revista\/index.php?rest_route=\/wp\/v2\/posts"}],"about":[{"href":"https:\/\/www.iessenara.es\/Revista\/index.php?rest_route=\/wp\/v2\/types\/post"}],"author":[{"embeddable":true,"href":"https:\/\/www.iessenara.es\/Revista\/index.php?rest_route=\/wp\/v2\/users\/3"}],"replies":[{"embeddable":true,"href":"https:\/\/www.iessenara.es\/Revista\/index.php?rest_route=%2Fwp%2Fv2%2Fcomments&post=686"}],"version-history":[{"count":20,"href":"https:\/\/www.iessenara.es\/Revista\/index.php?rest_route=\/wp\/v2\/posts\/686\/revisions"}],"predecessor-version":[{"id":1663,"href":"https:\/\/www.iessenara.es\/Revista\/index.php?rest_route=\/wp\/v2\/posts\/686\/revisions\/1663"}],"wp:featuredmedia":[{"embeddable":true,"href":"https:\/\/www.iessenara.es\/Revista\/index.php?rest_route=\/wp\/v2\/media\/699"}],"wp:attachment":[{"href":"https:\/\/www.iessenara.es\/Revista\/index.php?rest_route=%2Fwp%2Fv2%2Fmedia&parent=686"}],"wp:term":[{"taxonomy":"category","embeddable":true,"href":"https:\/\/www.iessenara.es\/Revista\/index.php?rest_route=%2Fwp%2Fv2%2Fcategories&post=686"},{"taxonomy":"post_tag","embeddable":true,"href":"https:\/\/www.iessenara.es\/Revista\/index.php?rest_route=%2Fwp%2Fv2%2Ftags&post=686"}],"curies":[{"name":"wp","href":"https:\/\/api.w.org\/{rel}","templated":true}]}}