{"id":709,"date":"2016-03-07T17:51:28","date_gmt":"2016-03-07T17:51:28","guid":{"rendered":"http:\/\/www.iessenara.es\/Revista\/?p=709"},"modified":"2019-07-16T09:51:02","modified_gmt":"2019-07-16T09:51:02","slug":"entrevistas-en-la-residencia-ii","status":"publish","type":"post","link":"https:\/\/www.iessenara.es\/Revista\/?p=709","title":{"rendered":"Entrevistas en la Residencia (II)"},"content":{"rendered":"<p>&nbsp;<\/p>\n<p><span style=\"color: #000000\"><em>Seguimos charlando con nuestros vecinos mayores de \u00abBella Vista\u00bb; en esta ocasi\u00f3n vamos a conocer a Mar\u00eda Luisa y a Ana Mar\u00eda, que guardan muchos recuerdos de otros tiempos.<\/em><\/span><\/p>\n<p><span style=\"color: #000000\">&nbsp;<\/span><\/p>\n<p><span style=\"color: #000000\"><strong>Mar\u00eda Luisa<\/strong><\/span><\/p>\n<p><span style=\"color: #000000\">&nbsp;<\/span><\/p>\n<p><span style=\"color: #0000ff\"><strong>\u00bfTiene usted hijos?<\/strong><\/span><\/p>\n<p><span style=\"color: #000000\">S\u00ed, tengo seis, tres chicos y tres chicas.<\/span><\/p>\n<p><span style=\"color: #000000\">&nbsp;<img decoding=\"async\" loading=\"lazy\" class=\"alignright size-medium wp-image-718\" src=\"http:\/\/www.iessenara.es\/Revista\/wp-content\/uploads\/2016\/01\/Amara-y-Ana-1-300x168.jpg\" alt=\"Amara y Ana 1\" width=\"300\" height=\"168\" srcset=\"https:\/\/www.iessenara.es\/Revista\/wp-content\/uploads\/2016\/01\/Amara-y-Ana-1-300x168.jpg 300w, https:\/\/www.iessenara.es\/Revista\/wp-content\/uploads\/2016\/01\/Amara-y-Ana-1-1024x576.jpg 1024w\" sizes=\"(max-width: 300px) 100vw, 300px\" \/><\/span><\/p>\n<p><span style=\"color: #0000ff\"><strong>\u00bfHa viajado mucho?<\/strong><\/span><\/p>\n<p><span style=\"color: #000000\">No mucho; alguna vez con el Inserso, y a Suiza con mi marido. Fuimos tres meses porque \u00e9l ten\u00eda que trabajar all\u00ed.<\/span><\/p>\n<p><span style=\"color: #000000\">&nbsp;<\/span><\/p>\n<p><span style=\"color: #0000ff\"><strong>\u00bfTiene usted hermanos?<\/strong><\/span><\/p>\n<p><span style=\"color: #000000\">S\u00ed, ten\u00eda siete y murieron todos, s\u00f3lo quedo yo.<\/span><\/p>\n<p><span style=\"color: #000000\">&nbsp;<\/span><\/p>\n<p><span style=\"color: #0000ff\"><strong>\u00bfHasta qu\u00e9 edad estuvo en la escuela?<\/strong><\/span><\/p>\n<p><span style=\"color: #000000\">Hasta los doce a\u00f1os.<\/span><\/p>\n<p><span style=\"color: #000000\">&nbsp;<\/span><\/p>\n<p><span style=\"color: #0000ff\"><strong>\u00bfQu\u00e9 es lo que m\u00e1s echa de menos estando en la residencia?<\/strong><\/span><\/p>\n<p><span style=\"color: #000000\">Mi casa y a mis hijos.<\/span><\/p>\n<p><span style=\"color: #000000\">&nbsp;<\/span><\/p>\n<p><span style=\"color: #0000ff\"><strong>\u00bfPor qu\u00e9 dej\u00f3 tan pronto la escuela?<\/strong><\/span><\/p>\n<p><span style=\"color: #000000\">Para ir a trabajar a una casa.<\/span><\/p>\n<p><span style=\"color: #000000\">&nbsp;<\/span><\/p>\n<p><span style=\"color: #0000ff\"><strong>D\u00edganos alg\u00fan refr\u00e1n, si se acuerda.<\/strong><\/span><\/p>\n<p><span style=\"color: #000000\">Ahora mismo no recuerdo ninguno.<\/span><\/p>\n<p><span style=\"color: #000000\">&nbsp;<\/span><\/p>\n<p><span style=\"color: #0000ff\"><strong>\u00bfC\u00f3mo era la vida de antes, comparada con la de ahora?<\/strong><\/span><\/p>\n<p><span style=\"color: #000000\">Muy distinta. Te agarraba un chico de la mano, y era distinto. Nos ha tocado vivir la peor \u00e9poca.<\/span><\/p>\n<p><span style=\"color: #000000\">&nbsp;<\/span><\/p>\n<p><span style=\"color: #0000ff\"><strong>\u00bfAlguna mala y buena racha de su vida?<\/strong><\/span><\/p>\n<p><span style=\"color: #000000\">La buena, que he visto a mis hijos nacer. La mala, que vi morir a mi madre cuando yo ten\u00eda veinte a\u00f1os; adem\u00e1s, ella muri\u00f3 muy joven, ten\u00eda sesenta y cinco a\u00f1os.<\/span><\/p>\n<p><span style=\"color: #000000\">&nbsp;<\/span><\/p>\n<p><span style=\"color: #0000ff\"><strong>\u00bfC\u00f3mo conoci\u00f3 usted a su marido?<\/strong><\/span><\/p>\n<p><span style=\"color: #000000\">Le conoc\u00ed en la fiesta de la Virgen de la Vega.<\/span><\/p>\n<p><span style=\"color: #000000\">&nbsp;<\/span><\/p>\n<p><span style=\"color: #0000ff\"><strong>\u00bfC\u00f3mo era \u00e9l?<\/strong><\/span><\/p>\n<p><span style=\"color: #000000\">Muy trabajador; trabajaba en la mimbre.<\/span><\/p>\n<p>&nbsp;<\/p>\n<p><span style=\"color: #0000ff\"><strong>\u00bfC\u00f3mo recuerda la matanza?<\/strong><\/span><\/p>\n<p><span style=\"color: #000000\">\u00cdbamos a buscar agua a la fuente; apenas pod\u00edamos salir de casa, ten\u00edamos mucho trabajo. Siempre com\u00edamos un cachito de tocino.<\/span><\/p>\n<p><span style=\"color: #000000\">&nbsp;<\/span><\/p>\n<p><span style=\"color: #0000ff\"><strong>\u00bfTuvo usted alg\u00fan animal?<\/strong><\/span><\/p>\n<p><span style=\"color: #000000\">S\u00ed, tuve una cabra despu\u00e9s de casarme con mi marido, y un cerdito.<\/span><\/p>\n<p><span style=\"color: #000000\">&nbsp;<\/span><\/p>\n<p><span style=\"color: #0000ff\"><strong>\u00bfLe cost\u00f3 mucho mantener a sus hijos?<\/strong><\/span><\/p>\n<p><span style=\"color: #000000\">Me cost\u00f3 much\u00edsimo; lo consegu\u00ed con sacrificio.<\/span><\/p>\n<p><span style=\"color: #000000\">&nbsp;<\/span><\/p>\n<p><span style=\"color: #0000ff\"><strong>\u00bfC\u00f3mo se llaman sus hijos?<\/strong><\/span><\/p>\n<p><span style=\"color: #000000\">Mar\u00eda Agustina, como mi madre; Justo y Sebasti\u00e1n, como los hermanos de mi marido; Juli\u00e1n, Juliana, y la peque\u00f1a es Mar\u00eda Dolores.<\/span><\/p>\n<p><span style=\"color: #000000\">&nbsp;<\/span><\/p>\n<p><span style=\"color: #0000ff\"><strong>\u00bfQu\u00e9 juegos recuerda de su infancia?<\/strong><\/span><\/p>\n<p><span style=\"color: #000000\">La comba, las canicas, un monopat\u00edn y una pizarra en el pueblo.<\/span><\/p>\n<p><span style=\"color: #000000\">&nbsp;<\/span><\/p>\n<p><span style=\"color: #0000ff\"><strong>\u00bfDe qu\u00e9 pueblo es usted?<\/strong><\/span><\/p>\n<p><span style=\"color: #000000\">De Villamayor.<\/span><\/p>\n<p><span style=\"color: #000000\">&nbsp;<\/span><\/p>\n<p><span style=\"color: #0000ff\"><strong>\u00bfY cu\u00e1ntos nietos tiene?<\/strong><\/span><\/p>\n<p><span style=\"color: #000000\">Tengo diez. Dos de cada uno de mis hijos, pero una hija m\u00eda no ha querido casarse ni nada, y ahora tiene 47 a\u00f1os.<\/span><\/p>\n<p><span style=\"color: #000000\">&nbsp;<\/span><\/p>\n<p><span style=\"color: #0000ff\"><strong>\u00bfC\u00f3mo recuerda las fiestas en su \u00e9poca, comparando con las de ahora?<\/strong><\/span><\/p>\n<p><span style=\"color: #000000\">No eran como ahora. Se hac\u00edan muchos festejos con pastas y bebidas, barbacoas, y despu\u00e9s de las pastas \u00edbamos a misa y a la procesi\u00f3n.<\/span><\/p>\n<p><span style=\"color: #000000\">&nbsp;<\/span><\/p>\n<p><span style=\"color: #000000\">&nbsp;<\/span><\/p>\n<p><strong><span style=\"color: #000000\">Ana Mar\u00eda<\/span><\/strong><\/p>\n<p><span style=\"color: #000000\">&nbsp;<\/span><\/p>\n<p><strong><span style=\"color: #0000ff\">\u00bfEst\u00e1 casada o soltera?<\/span><\/strong><\/p>\n<p><span style=\"color: #000000\">Estoy soltera, nunca me he llegado a casar.<\/span><\/p>\n<p><span style=\"color: #000000\">&nbsp;<\/span><\/p>\n<p><strong><span style=\"color: #0000ff\">\u00bfTiene hermanos o hermanas?<\/span><\/strong><\/p>\n<p><span style=\"color: #000000\">Un hermano, que ahora mismo est\u00e1 en Brasil.<\/span><\/p>\n<p><span style=\"color: #000000\">&nbsp;<\/span><\/p>\n<p><span style=\"color: #0000ff\"><strong>\u00bfHa viajado mucho? \u00bfA qu\u00e9 zonas?<\/strong><\/span><\/p>\n<p><span style=\"color: #000000\">S\u00ed, he viajado mucho.&nbsp;Por Francia, que estuve trabajando un tiempo all\u00ed, lo que se pod\u00eda&#8230; Tambi\u00e9n por Holanda, Italia, Portugal y B\u00e9lgica.<\/span><\/p>\n<p><span style=\"color: #000000\">&nbsp;<\/span><\/p>\n<p><span style=\"color: #0000ff\"><strong>\u00bfC\u00f3mo se vive aqu\u00ed?<\/strong><\/span><\/p>\n<p><span style=\"color: #000000\">Nos acostamos muy pronto, comemos sobre las 12:00, cenamos sobre las 19:00 o 19.30, y pasamos el rato.<\/span><\/p>\n<p><span style=\"color: #000000\">&nbsp;<\/span><\/p>\n<p><span style=\"color: #0000ff\"><strong>\u00bfEn qu\u00e9 m\u00e1s ha trabajado?<\/strong><\/span><\/p>\n<p><span style=\"color: #000000\">De guardarropa en C\u00e1ceres, aunque me hubiera gustado trabajar m\u00e1s.<\/span><\/p>\n<p><span style=\"color: #000000\">&nbsp;<\/span><\/p>\n<p><span style=\"color: #0000ff\"><strong>\u00bfCu\u00e1ntos a\u00f1os tiene?<\/strong><\/span><\/p>\n<p><span style=\"color: #000000\">92 a\u00f1os; el 15 de diciembre [de 2015] cumplir\u00e9 los 93.<\/span><\/p>\n<p><span style=\"color: #000000\">&nbsp;<\/span><\/p>\n<p><span style=\"color: #0000ff\"><strong>\u00bfY no tiene hijos?<\/strong><\/span><\/p>\n<p><span style=\"color: #000000\">No, aunque cuando estuve en Francia viv\u00eda con una familia que ten\u00eda cuatro ni\u00f1os; a una la trat\u00e9 especialmente como si fuese hija m\u00eda. La llev\u00e9 al colegio, y al volver ven\u00eda llorando. Me dijo que lloraba porque pensaba que me iba y que me echar\u00eda de menos.<\/span><\/p>\n<p><span style=\"color: #000000\">&nbsp;<\/span><\/p>\n<p><span style=\"color: #0000ff\"><strong>\u00bfD\u00f3nde naci\u00f3?<\/strong><\/span><\/p>\n<p><span style=\"color: #000000\">En un peque\u00f1o pueblo de Salamanca, cerquita de aqu\u00ed.<\/span><\/p>\n<p><span style=\"color: #000000\">&nbsp;<\/span><\/p>\n<p><span style=\"color: #0000ff\"><strong>\u00bfY qu\u00e9 es lo que le gusta hacer?<\/strong><\/span><\/p>\n<p><span style=\"color: #000000\">Me gusta pintar en tela; a veces ense\u00f1aba a muchas personas.<\/span><\/p>\n<p><span style=\"color: #000000\">&nbsp;<\/span><\/p>\n<p><span style=\"color: #0000ff\"><strong><img decoding=\"async\" loading=\"lazy\" class=\"alignleft size-medium wp-image-722\" src=\"http:\/\/www.iessenara.es\/Revista\/wp-content\/uploads\/2016\/01\/Amara-y-Ana-2-300x168.jpg\" alt=\"Amara y Ana 2\" width=\"300\" height=\"168\" srcset=\"https:\/\/www.iessenara.es\/Revista\/wp-content\/uploads\/2016\/01\/Amara-y-Ana-2-300x168.jpg 300w, https:\/\/www.iessenara.es\/Revista\/wp-content\/uploads\/2016\/01\/Amara-y-Ana-2-1024x576.jpg 1024w\" sizes=\"(max-width: 300px) 100vw, 300px\" \/>\u00bfQu\u00e9 le regalaban por Reyes o en Navidad?<\/strong><\/span><\/p>\n<p><span style=\"color: #000000\">Me sol\u00edan regalar cubiertos de plata, una docena de tenedores peque\u00f1os, cucharas, cuchillos; un a\u00f1o una televisi\u00f3n, y en B\u00e9lgica, de peque\u00f1a, me regalaron caramelos.<\/span><\/p>\n<p><span style=\"color: #000000\">&nbsp;<\/span><\/p>\n<p><span style=\"color: #0000ff\"><strong>\u00bfC\u00f3mo lleg\u00f3 aqu\u00ed?<\/strong><\/span><\/p>\n<p><span style=\"color: #000000\">Fue un d\u00eda, saliendo de la iglesia; me ca\u00ed en la puerta y me tuvieron que llevar al hospital. Me acuerdo de que vino una amiga m\u00eda a verme, y estuve all\u00ed quince d\u00edas. De all\u00ed me llevaron a casa y poco despu\u00e9s a la residencia. En septiembre cumpl\u00ed cuatro meses aqu\u00ed.<\/span><\/p>\n<p><span style=\"color: #000000\">&nbsp;<\/span><\/p>\n<p><span style=\"color: #0000ff\"><strong>\u00bfY qu\u00e9 opina de los j\u00f3venes en la actualidad?<\/strong><\/span><\/p>\n<p><span style=\"color: #000000\">Uf, han cambiado much\u00edsimo las cosas desde entonces; antes no se estudiaba y sal\u00edas muy pronto de la escuela, la mayor\u00eda de la gente a partir de los doce a\u00f1os. Pasan los a\u00f1os y cada vez es m\u00e1s distinto, han cambiado mucho las cosas; antes s\u00ed que se viv\u00eda peor, pero los j\u00f3venes de ahora est\u00e1n cambiando mucho, especialmente cuando conocen a una persona. No se parece en nada a cuando yo era joven. Nosotros cog\u00edamos frutas, ciruelas, casta\u00f1as, nueces, y ayud\u00e1bamos a nuestros padres en todo para poder vivir c\u00f3modamente.<\/span><\/p>\n<p><span style=\"color: #000000\">&nbsp;<\/span><\/p>\n<p><span style=\"color: #0000ff\"><strong>\u00bfC\u00f3mo eran las fiestas antes?<\/strong><\/span><\/p>\n<p><span style=\"color: #000000\">Hac\u00edamos muchas comidas y cenas con amigos y familiares, \u00edbamos a los toros, que son sobre el 15 de agosto, y el 3 de mayo la cruz bendita.<\/span><\/p>\n<p><span style=\"color: #000000\">&nbsp;<\/span><\/p>\n<p><span style=\"color: #0000ff\"><strong>Y, finalmente, \u00bfnos podr\u00eda contar c\u00f3mo se encuentra ahora mismo aqu\u00ed?<\/strong><\/span><\/p>\n<p><span style=\"color: #000000\">Se est\u00e1 bastante bien, hay chicas muy majas y simp\u00e1ticas que te ayudan en todo. Antes estuve en otra residencia, y me vienen muchos recuerdos de all\u00ed.<\/span><\/p>\n<p><span style=\"color: #000000\">&nbsp;<\/span><\/p>\n<p><span style=\"color: #000000\">&nbsp;<\/span><\/p>\n<p style=\"text-align: right\"><span style=\"color: #0000ff\"><strong>Amara Romero Mart\u00edn<\/strong><\/span><\/p>\n<p style=\"text-align: right\"><span style=\"color: #0000ff\"><strong>Ana S\u00e1nchez Casc\u00f3n<\/strong><\/span><\/p>\n<p style=\"text-align: right\"><span style=\"color: #0000ff\"><strong>(Primer curso de FPB)<\/strong><\/span><\/p>\n","protected":false},"excerpt":{"rendered":"<p>&nbsp; Seguimos charlando con nuestros vecinos mayores de \u00abBella Vista\u00bb; en esta ocasi\u00f3n vamos a conocer a Mar\u00eda Luisa y a Ana Mar\u00eda, que guardan muchos recuerdos de otros tiempos. &nbsp; Mar\u00eda Luisa &nbsp;&#46;&#46;&#46;<\/p>\n","protected":false},"author":3,"featured_media":722,"comment_status":"open","ping_status":"open","sticky":false,"template":"","format":"standard","meta":{"jetpack_post_was_ever_published":false,"jetpack_publicize_message":"","jetpack_is_tweetstorm":false,"jetpack_publicize_feature_enabled":true,"jetpack_social_options":[]},"categories":[9],"tags":[27,19,30],"jetpack_publicize_connections":[],"jetpack_featured_media_url":"https:\/\/www.iessenara.es\/Revista\/wp-content\/uploads\/2016\/01\/Amara-y-Ana-2.jpg","jetpack_sharing_enabled":true,"jetpack_shortlink":"https:\/\/wp.me\/p5mbkp-br","_links":{"self":[{"href":"https:\/\/www.iessenara.es\/Revista\/index.php?rest_route=\/wp\/v2\/posts\/709"}],"collection":[{"href":"https:\/\/www.iessenara.es\/Revista\/index.php?rest_route=\/wp\/v2\/posts"}],"about":[{"href":"https:\/\/www.iessenara.es\/Revista\/index.php?rest_route=\/wp\/v2\/types\/post"}],"author":[{"embeddable":true,"href":"https:\/\/www.iessenara.es\/Revista\/index.php?rest_route=\/wp\/v2\/users\/3"}],"replies":[{"embeddable":true,"href":"https:\/\/www.iessenara.es\/Revista\/index.php?rest_route=%2Fwp%2Fv2%2Fcomments&post=709"}],"version-history":[{"count":17,"href":"https:\/\/www.iessenara.es\/Revista\/index.php?rest_route=\/wp\/v2\/posts\/709\/revisions"}],"predecessor-version":[{"id":1662,"href":"https:\/\/www.iessenara.es\/Revista\/index.php?rest_route=\/wp\/v2\/posts\/709\/revisions\/1662"}],"wp:featuredmedia":[{"embeddable":true,"href":"https:\/\/www.iessenara.es\/Revista\/index.php?rest_route=\/wp\/v2\/media\/722"}],"wp:attachment":[{"href":"https:\/\/www.iessenara.es\/Revista\/index.php?rest_route=%2Fwp%2Fv2%2Fmedia&parent=709"}],"wp:term":[{"taxonomy":"category","embeddable":true,"href":"https:\/\/www.iessenara.es\/Revista\/index.php?rest_route=%2Fwp%2Fv2%2Fcategories&post=709"},{"taxonomy":"post_tag","embeddable":true,"href":"https:\/\/www.iessenara.es\/Revista\/index.php?rest_route=%2Fwp%2Fv2%2Ftags&post=709"}],"curies":[{"name":"wp","href":"https:\/\/api.w.org\/{rel}","templated":true}]}}