{"id":771,"date":"2016-02-23T12:42:02","date_gmt":"2016-02-23T12:42:02","guid":{"rendered":"http:\/\/www.iessenara.es\/Revista\/?p=771"},"modified":"2016-02-23T12:42:02","modified_gmt":"2016-02-23T12:42:02","slug":"ocho-apellidos-vascos","status":"publish","type":"post","link":"https:\/\/www.iessenara.es\/Revista\/?p=771","title":{"rendered":"\u00abOcho apellidos vascos\u00bb"},"content":{"rendered":"<p>&nbsp;<\/p>\n<p><span style=\"color: #000000\">T\u00edtulo: <span style=\"color: #008000\"><em>Ocho apellidos vascos<\/em><\/span>.<a style=\"color: #000000\" href=\"http:\/\/www.iessenara.es\/Revista\/wp-content\/uploads\/2016\/02\/Ocho-apellidos-vascos.jpg\"><img decoding=\"async\" loading=\"lazy\" class=\"alignright size-medium wp-image-772\" src=\"http:\/\/www.iessenara.es\/Revista\/wp-content\/uploads\/2016\/02\/Ocho-apellidos-vascos-210x300.jpg\" alt=\"Ocho apellidos vascos\" width=\"210\" height=\"300\" srcset=\"https:\/\/www.iessenara.es\/Revista\/wp-content\/uploads\/2016\/02\/Ocho-apellidos-vascos-210x300.jpg 210w, https:\/\/www.iessenara.es\/Revista\/wp-content\/uploads\/2016\/02\/Ocho-apellidos-vascos-716x1024.jpg 716w, https:\/\/www.iessenara.es\/Revista\/wp-content\/uploads\/2016\/02\/Ocho-apellidos-vascos.jpg 840w\" sizes=\"(max-width: 210px) 100vw, 210px\" \/><\/a><\/span><\/p>\n<p><span style=\"color: #000000\">Pa\u00eds y a\u00f1o: Espa\u00f1a, 2014.<\/span><\/p>\n<p><span style=\"color: #000000\">Director: Emilio Mart\u00ednez-L\u00e1zaro.<\/span><\/p>\n<p><span style=\"color: #000000\">Principales actores: Dani Rovira, Clara Lago, Karra Elejalde, Carmen Machi.<\/span><\/p>\n<p><span style=\"color: #000000\">\u00a0<\/span><\/p>\n<p><span style=\"color: #000000\">Me ha gustado esta pel\u00edcula porque es una comedia rom\u00e1ntica hecha para demostrar que los primeros, los vascos, no son tan agresivos, ni los otros, los andaluces, tan perezosos como subrayan los t\u00f3picos.<\/span><\/p>\n<p><span style=\"color: #000000\">Al ver esta pel\u00edcula me he echado muchas risas, por las bromas que hacen sobre los usos y costumbres de los del norte y los del sur. El personaje que m\u00e1s me ha gustado es el protagonista, Rafa, porque al principio es un sevillano cerrado, pero por amor acaba en el Pa\u00eds Vasco y aprende el euskera en menos de lo que canta un gallo. El personaje de Rafa tiene muy buenos \u201cgolpes\u201d.<\/span><\/p>\n<p><span style=\"color: #000000\">As\u00ed que esta pel\u00edcula se la recomiendo a la gente para que se eche unas risas y pase un rato agradable.<\/span><\/p>\n<p style=\"text-align: right\"><span style=\"color: #800000\"><strong>Jorge Garc\u00eda D\u00edez (Tercero de ESO)<\/strong><\/span><\/p>\n<p style=\"text-align: right\">\n","protected":false},"excerpt":{"rendered":"<p>&nbsp; T\u00edtulo: Ocho apellidos vascos. Pa\u00eds y a\u00f1o: Espa\u00f1a, 2014. Director: Emilio Mart\u00ednez-L\u00e1zaro. Principales actores: Dani Rovira, Clara Lago, Karra Elejalde, Carmen Machi. \u00a0 Me ha gustado esta pel\u00edcula porque es una comedia rom\u00e1ntica&#46;&#46;&#46;<\/p>\n","protected":false},"author":3,"featured_media":772,"comment_status":"open","ping_status":"open","sticky":false,"template":"","format":"standard","meta":{"jetpack_post_was_ever_published":false,"jetpack_publicize_message":"","jetpack_is_tweetstorm":false,"jetpack_publicize_feature_enabled":true,"jetpack_social_options":[]},"categories":[12],"tags":[40,24,23],"jetpack_publicize_connections":[],"jetpack_featured_media_url":"https:\/\/www.iessenara.es\/Revista\/wp-content\/uploads\/2016\/02\/Ocho-apellidos-vascos.jpg","jetpack_sharing_enabled":true,"jetpack_shortlink":"https:\/\/wp.me\/p5mbkp-cr","_links":{"self":[{"href":"https:\/\/www.iessenara.es\/Revista\/index.php?rest_route=\/wp\/v2\/posts\/771"}],"collection":[{"href":"https:\/\/www.iessenara.es\/Revista\/index.php?rest_route=\/wp\/v2\/posts"}],"about":[{"href":"https:\/\/www.iessenara.es\/Revista\/index.php?rest_route=\/wp\/v2\/types\/post"}],"author":[{"embeddable":true,"href":"https:\/\/www.iessenara.es\/Revista\/index.php?rest_route=\/wp\/v2\/users\/3"}],"replies":[{"embeddable":true,"href":"https:\/\/www.iessenara.es\/Revista\/index.php?rest_route=%2Fwp%2Fv2%2Fcomments&post=771"}],"version-history":[{"count":7,"href":"https:\/\/www.iessenara.es\/Revista\/index.php?rest_route=\/wp\/v2\/posts\/771\/revisions"}],"predecessor-version":[{"id":779,"href":"https:\/\/www.iessenara.es\/Revista\/index.php?rest_route=\/wp\/v2\/posts\/771\/revisions\/779"}],"wp:featuredmedia":[{"embeddable":true,"href":"https:\/\/www.iessenara.es\/Revista\/index.php?rest_route=\/wp\/v2\/media\/772"}],"wp:attachment":[{"href":"https:\/\/www.iessenara.es\/Revista\/index.php?rest_route=%2Fwp%2Fv2%2Fmedia&parent=771"}],"wp:term":[{"taxonomy":"category","embeddable":true,"href":"https:\/\/www.iessenara.es\/Revista\/index.php?rest_route=%2Fwp%2Fv2%2Fcategories&post=771"},{"taxonomy":"post_tag","embeddable":true,"href":"https:\/\/www.iessenara.es\/Revista\/index.php?rest_route=%2Fwp%2Fv2%2Ftags&post=771"}],"curies":[{"name":"wp","href":"https:\/\/api.w.org\/{rel}","templated":true}]}}