{"id":798,"date":"2016-05-31T16:28:21","date_gmt":"2016-05-31T16:28:21","guid":{"rendered":"http:\/\/www.iessenara.es\/Revista\/?p=798"},"modified":"2016-05-31T16:28:21","modified_gmt":"2016-05-31T16:28:21","slug":"parques-nacionales-de-espana-y-europa","status":"publish","type":"post","link":"https:\/\/www.iessenara.es\/Revista\/?p=798","title":{"rendered":"Parques nacionales de Espa\u00f1a y Europa"},"content":{"rendered":"<p>&nbsp;<\/p>\n<p><em><span style=\"color: #000000\">Una serie de destinos muy interesantes en nuestro pa\u00eds, y alguno de los alrededores&#8230;<\/span><\/em><\/p>\n<p><span style=\"color: #000000\">\u00a0<\/span><\/p>\n<p><span style=\"color: #000000\"><strong>Monfrag\u00fce<\/strong><\/span><\/p>\n<p><span style=\"color: #000000\">\u009bSe encuentra en la provincia de C\u00e1ceres, en el centro del tri\u00e1ngulo formado por Navalmoral de la Mata, Plasencia y Trujillo. Fue declarado Parque Nacional y Reserva Mundial de la Biosfera por la UNESCO en el a\u00f1o 1979.<\/span><\/p>\n<p><a href=\"http:\/\/www.iessenara.es\/Revista\/wp-content\/uploads\/2016\/03\/Monfrag\u00fce1.jpg\"><img decoding=\"async\" loading=\"lazy\" class=\"aligncenter size-full wp-image-815\" src=\"http:\/\/www.iessenara.es\/Revista\/wp-content\/uploads\/2016\/03\/Monfrag\u00fce1.jpg\" alt=\"Monfrag\u00fce\" width=\"370\" height=\"271\" srcset=\"https:\/\/www.iessenara.es\/Revista\/wp-content\/uploads\/2016\/03\/Monfrag\u00fce1.jpg 370w, https:\/\/www.iessenara.es\/Revista\/wp-content\/uploads\/2016\/03\/Monfrag\u00fce1-300x219.jpg 300w\" sizes=\"(max-width: 370px) 100vw, 370px\" \/><\/a><\/p>\n<p style=\"text-align: center\">\u00a0<a href=\"http:\/\/www.iessenara.es\/Revista\/wp-content\/uploads\/2016\/03\/Monfrag\u00fce.pptx\">Monfrag\u00fce<\/a><\/p>\n<p>&nbsp;<\/p>\n<p><strong><span style=\"color: #000000\">Sierra<\/span><span style=\"color: #000000\"> de Guadarrama<\/span><\/strong><\/p>\n<p><span style=\"color: #000000\">Se localiza en la parte oriental del Sistema Central y se extiende por las cumbres de la Sierra de Guadarrama, entre las provincias de Segovia y Madrid. Cuenta con una gran variedad de especies animales y vegetales.<\/span><\/p>\n<p><a href=\"http:\/\/www.iessenara.es\/Revista\/wp-content\/uploads\/2016\/03\/Guadarrama.jpg\"><img decoding=\"async\" loading=\"lazy\" class=\"aligncenter size-full wp-image-814\" src=\"http:\/\/www.iessenara.es\/Revista\/wp-content\/uploads\/2016\/03\/Guadarrama.jpg\" alt=\"Guadarrama\" width=\"571\" height=\"331\" srcset=\"https:\/\/www.iessenara.es\/Revista\/wp-content\/uploads\/2016\/03\/Guadarrama.jpg 571w, https:\/\/www.iessenara.es\/Revista\/wp-content\/uploads\/2016\/03\/Guadarrama-300x173.jpg 300w\" sizes=\"(max-width: 571px) 100vw, 571px\" \/><\/a><\/p>\n<p style=\"text-align: center\"><a href=\"http:\/\/www.iessenara.es\/Revista\/wp-content\/uploads\/2016\/03\/Sierra-de-Guadarrama.pptx\">Sierra de Guadarrama<\/a><\/p>\n<p><span style=\"color: #000000\">\u00a0<\/span><\/p>\n<p><span style=\"color: #000000\"><b>Picos de Europa<\/b><\/span><\/p>\n<p><span style=\"color: #000000\">El Parque Nacional Picos de Europa es un parque nacional espa\u00f1ol de 67 455 hect\u00e1reas situado en la cordillera Cant\u00e1brica, en las provincias de Asturias, Le\u00f3n y Cantabria. Representa los ecosistemas ligados al bosque atl\u00e1ntico e incluye la mayor formaci\u00f3n caliza de la Europa Atl\u00e1ntica.<\/span><\/p>\n<p><a href=\"http:\/\/www.iessenara.es\/Revista\/wp-content\/uploads\/2016\/03\/Picos.jpg\"><img decoding=\"async\" loading=\"lazy\" class=\"aligncenter wp-image-816\" src=\"http:\/\/www.iessenara.es\/Revista\/wp-content\/uploads\/2016\/03\/Picos-300x204.jpg\" alt=\"Picos\" width=\"420\" height=\"287\" srcset=\"https:\/\/www.iessenara.es\/Revista\/wp-content\/uploads\/2016\/03\/Picos-300x204.jpg 300w, https:\/\/www.iessenara.es\/Revista\/wp-content\/uploads\/2016\/03\/Picos-1024x699.jpg 1024w, https:\/\/www.iessenara.es\/Revista\/wp-content\/uploads\/2016\/03\/Picos.jpg 1092w\" sizes=\"(max-width: 420px) 100vw, 420px\" \/><\/a><\/p>\n<p style=\"text-align: center\"><a href=\"http:\/\/www.iessenara.es\/Revista\/wp-content\/uploads\/2016\/03\/Picos-de-Europa.ppsx\">Picos de Europa<\/a><\/p>\n<p><span style=\"color: #000000\">\u00a0<\/span><\/p>\n<p><span style=\"color: #000000\"><strong>Ordesa y Monte Perdido<\/strong><\/span><\/p>\n<p><span style=\"color: #000000\">Est\u00e1 ubicado en el Pirineo oscense, \u00edntegramente en la comarca del Sobrarbe (Arag\u00f3n). Nieve, glaciares, bosques de hayas y abetos, cascadas en el fondo de los valles y desiertos de altura componen estos paisajes.<\/span><\/p>\n<p><a href=\"http:\/\/www.iessenara.es\/Revista\/wp-content\/uploads\/2016\/03\/Ordesa.jpg\"><img decoding=\"async\" loading=\"lazy\" class=\"aligncenter wp-image-817\" src=\"http:\/\/www.iessenara.es\/Revista\/wp-content\/uploads\/2016\/03\/Ordesa-300x198.jpg\" alt=\"Ordesa\" width=\"425\" height=\"282\" srcset=\"https:\/\/www.iessenara.es\/Revista\/wp-content\/uploads\/2016\/03\/Ordesa-300x198.jpg 300w, https:\/\/www.iessenara.es\/Revista\/wp-content\/uploads\/2016\/03\/Ordesa.jpg 943w\" sizes=\"(max-width: 425px) 100vw, 425px\" \/><\/a><\/p>\n<p style=\"text-align: center\"><a href=\"http:\/\/www.iessenara.es\/Revista\/wp-content\/uploads\/2016\/03\/Ordesa-y-Monte-Perdido.pptx\">Ordesa y Monte Perdido<\/a><\/p>\n<p><span style=\"color: #000000\">\u00a0<\/span><\/p>\n<p><span style=\"color: #000000\"><strong>Tablas de Daimiel<\/strong><\/span><\/p>\n<p><span style=\"color: #000000\">Es un parque natural situado en Castilla-La Mancha, en el que se encuentra un humedal pr\u00e1cticamente \u00fanico en Europa, caracter\u00edstico de la llanura central de nuestra Pen\u00ednsula. Uno de los ecosistemas m\u00e1s valiosos de la Mancha, que asegura la supervivencia de la avifauna.<\/span><\/p>\n<p><a href=\"http:\/\/www.iessenara.es\/Revista\/wp-content\/uploads\/2016\/03\/Tablas.jpg\"><img decoding=\"async\" loading=\"lazy\" class=\"aligncenter wp-image-818\" src=\"http:\/\/www.iessenara.es\/Revista\/wp-content\/uploads\/2016\/03\/Tablas.jpg\" alt=\"Tablas\" width=\"450\" height=\"224\" srcset=\"https:\/\/www.iessenara.es\/Revista\/wp-content\/uploads\/2016\/03\/Tablas.jpg 317w, https:\/\/www.iessenara.es\/Revista\/wp-content\/uploads\/2016\/03\/Tablas-300x149.jpg 300w\" sizes=\"(max-width: 450px) 100vw, 450px\" \/><\/a><\/p>\n<p style=\"text-align: center\"><a href=\"http:\/\/www.iessenara.es\/Revista\/wp-content\/uploads\/2016\/03\/Tablas-de-Daimiel.pptx\">Tablas de Daimiel<\/a><\/p>\n<p><span style=\"color: #000000\">\u00a0<\/span><\/p>\n<p><span style=\"color: #000000\"><strong>Do\u00f1ana<\/strong><\/span><\/p>\n<p><span style=\"color: #000000\">Se encuentra entre las provincias de Huelva, Sevilla y C\u00e1diz, sobre la depresi\u00f3n del Guadalquivir. Destacan sobre todo sus marismas, de extraordinaria importancia como lugar de paso, cr\u00eda e invernada para miles de aves europeas y africanas.<\/span><\/p>\n<p><a href=\"http:\/\/www.iessenara.es\/Revista\/wp-content\/uploads\/2016\/03\/Do\u00f1ana.jpg\"><img decoding=\"async\" loading=\"lazy\" class=\"aligncenter wp-image-819\" src=\"http:\/\/www.iessenara.es\/Revista\/wp-content\/uploads\/2016\/03\/Do\u00f1ana.jpg\" alt=\"Do\u00f1ana\" width=\"512\" height=\"324\" \/><\/a><\/p>\n<p style=\"text-align: center\"><a href=\"http:\/\/www.iessenara.es\/Revista\/wp-content\/uploads\/2016\/03\/Do\u00f1ana.ppt\">Do\u00f1ana<\/a><\/p>\n<p><span style=\"color: #000000\">\u00a0<\/span><\/p>\n<p><span style=\"color: #000000\"><strong>Garajonay<\/strong><\/span><\/p>\n<p><span style=\"color: #000000\">Est\u00e1 situado en la meseta central de la isla canaria de La Gomera. Ocupa una superficie de 3.984 hect\u00e1reas, lo que supone m\u00e1s del diez por ciento de la superficie total de esta isla. El parque fue declarado Patrimonio de la Humanidad por la UNESCO en el a\u00f1o 1986.<\/span><\/p>\n<p><a href=\"http:\/\/www.iessenara.es\/Revista\/wp-content\/uploads\/2016\/03\/Garajonay.jpg\"><img decoding=\"async\" loading=\"lazy\" class=\"aligncenter wp-image-820\" src=\"http:\/\/www.iessenara.es\/Revista\/wp-content\/uploads\/2016\/03\/Garajonay.jpg\" alt=\"Garajonay\" width=\"552\" height=\"311\" srcset=\"https:\/\/www.iessenara.es\/Revista\/wp-content\/uploads\/2016\/03\/Garajonay.jpg 642w, https:\/\/www.iessenara.es\/Revista\/wp-content\/uploads\/2016\/03\/Garajonay-300x169.jpg 300w\" sizes=\"(max-width: 552px) 100vw, 552px\" \/><\/a><\/p>\n<p style=\"text-align: center\"><a href=\"http:\/\/www.iessenara.es\/Revista\/wp-content\/uploads\/2016\/03\/Garajonay.pptx\">Garajonay<\/a><\/p>\n<p><span style=\"color: #000000\">\u00a0<\/span><\/p>\n<p><span style=\"color: #000000\"><strong>Timanfaya<\/strong><\/span><\/p>\n<p><span style=\"color: #000000\">Se encuentra en los municipios de Yaiza y Tinajo, en la isla de Lanzarote. Destaca por sus m\u00e1s de veinticinco volcanes, como las Monta\u00f1as del Fuego y la Monta\u00f1a Rajada. Posee una gran riqueza en fauna invertebrada.<\/span><\/p>\n<p><a href=\"http:\/\/www.iessenara.es\/Revista\/wp-content\/uploads\/2016\/03\/Timanfaya.jpg\"><img decoding=\"async\" loading=\"lazy\" class=\"aligncenter size-full wp-image-821\" src=\"http:\/\/www.iessenara.es\/Revista\/wp-content\/uploads\/2016\/03\/Timanfaya.jpg\" alt=\"Timanfaya\" width=\"493\" height=\"276\" srcset=\"https:\/\/www.iessenara.es\/Revista\/wp-content\/uploads\/2016\/03\/Timanfaya.jpg 493w, https:\/\/www.iessenara.es\/Revista\/wp-content\/uploads\/2016\/03\/Timanfaya-300x167.jpg 300w\" sizes=\"(max-width: 493px) 100vw, 493px\" \/><\/a><\/p>\n<p style=\"text-align: center\"><a href=\"http:\/\/www.iessenara.es\/Revista\/wp-content\/uploads\/2016\/03\/Timanfaya.pptx\">Timanfaya<\/a><\/p>\n<p><span style=\"color: #000000\">\u00a0<\/span><\/p>\n<p><span style=\"color: #000000\"><strong>Las Dolomitas<\/strong><\/span><\/p>\n<p><span style=\"color: #000000\">El parque nacional de las Dolomitas se encuentra en el nordeste de Italia (Belluno). Esta zona fue declarada Patrimonio de la Humanidad por la UNESCO en el a\u00f1o 2009. La mayor\u00eda de sus visitantes son esquiadores (la pista mide 1200 km y es una de las mayores de Europa) y escaladores.<\/span><\/p>\n<p><a href=\"http:\/\/www.iessenara.es\/Revista\/wp-content\/uploads\/2016\/03\/Dolomitas.jpg\"><img decoding=\"async\" loading=\"lazy\" class=\"aligncenter size-full wp-image-822\" src=\"http:\/\/www.iessenara.es\/Revista\/wp-content\/uploads\/2016\/03\/Dolomitas.jpg\" alt=\"Dolomitas\" width=\"478\" height=\"299\" srcset=\"https:\/\/www.iessenara.es\/Revista\/wp-content\/uploads\/2016\/03\/Dolomitas.jpg 478w, https:\/\/www.iessenara.es\/Revista\/wp-content\/uploads\/2016\/03\/Dolomitas-300x187.jpg 300w\" sizes=\"(max-width: 478px) 100vw, 478px\" \/><\/a><\/p>\n<p style=\"text-align: center\"><a href=\"http:\/\/www.iessenara.es\/Revista\/wp-content\/uploads\/2016\/03\/Las-Dolomitas.pptx\">Las Dolomitas<\/a><\/p>\n<p>&nbsp;<\/p>\n<p style=\"text-align: right\"><span style=\"color: #0000ff\"><strong>Alumnos de Tercero de ESO<\/strong><\/span><\/p>\n","protected":false},"excerpt":{"rendered":"<p>&nbsp; Una serie de destinos muy interesantes en nuestro pa\u00eds, y alguno de los alrededores&#8230; \u00a0 Monfrag\u00fce \u009bSe encuentra en la provincia de C\u00e1ceres, en el centro del tri\u00e1ngulo formado por Navalmoral de la&#46;&#46;&#46;<\/p>\n","protected":false},"author":3,"featured_media":819,"comment_status":"open","ping_status":"open","sticky":false,"template":"","format":"standard","meta":{"jetpack_post_was_ever_published":false,"jetpack_publicize_message":"","jetpack_is_tweetstorm":false,"jetpack_publicize_feature_enabled":true,"jetpack_social_options":[]},"categories":[8],"tags":[37,38,32],"jetpack_publicize_connections":[],"jetpack_featured_media_url":"https:\/\/www.iessenara.es\/Revista\/wp-content\/uploads\/2016\/03\/Do\u00f1ana.jpg","jetpack_sharing_enabled":true,"jetpack_shortlink":"https:\/\/wp.me\/p5mbkp-cS","_links":{"self":[{"href":"https:\/\/www.iessenara.es\/Revista\/index.php?rest_route=\/wp\/v2\/posts\/798"}],"collection":[{"href":"https:\/\/www.iessenara.es\/Revista\/index.php?rest_route=\/wp\/v2\/posts"}],"about":[{"href":"https:\/\/www.iessenara.es\/Revista\/index.php?rest_route=\/wp\/v2\/types\/post"}],"author":[{"embeddable":true,"href":"https:\/\/www.iessenara.es\/Revista\/index.php?rest_route=\/wp\/v2\/users\/3"}],"replies":[{"embeddable":true,"href":"https:\/\/www.iessenara.es\/Revista\/index.php?rest_route=%2Fwp%2Fv2%2Fcomments&post=798"}],"version-history":[{"count":11,"href":"https:\/\/www.iessenara.es\/Revista\/index.php?rest_route=\/wp\/v2\/posts\/798\/revisions"}],"predecessor-version":[{"id":881,"href":"https:\/\/www.iessenara.es\/Revista\/index.php?rest_route=\/wp\/v2\/posts\/798\/revisions\/881"}],"wp:featuredmedia":[{"embeddable":true,"href":"https:\/\/www.iessenara.es\/Revista\/index.php?rest_route=\/wp\/v2\/media\/819"}],"wp:attachment":[{"href":"https:\/\/www.iessenara.es\/Revista\/index.php?rest_route=%2Fwp%2Fv2%2Fmedia&parent=798"}],"wp:term":[{"taxonomy":"category","embeddable":true,"href":"https:\/\/www.iessenara.es\/Revista\/index.php?rest_route=%2Fwp%2Fv2%2Fcategories&post=798"},{"taxonomy":"post_tag","embeddable":true,"href":"https:\/\/www.iessenara.es\/Revista\/index.php?rest_route=%2Fwp%2Fv2%2Ftags&post=798"}],"curies":[{"name":"wp","href":"https:\/\/api.w.org\/{rel}","templated":true}]}}