{"id":828,"date":"2016-03-19T19:53:51","date_gmt":"2016-03-19T19:53:51","guid":{"rendered":"http:\/\/www.iessenara.es\/Revista\/?p=828"},"modified":"2016-03-19T19:53:51","modified_gmt":"2016-03-19T19:53:51","slug":"canticos-de-morinigo-para-la-resurreccion","status":"publish","type":"post","link":"https:\/\/www.iessenara.es\/Revista\/?p=828","title":{"rendered":"C\u00e1nticos de Mor\u00ed\u00f1igo para la Resurrecci\u00f3n"},"content":{"rendered":"<p>&nbsp;<\/p>\n<p><a href=\"http:\/\/www.iessenara.es\/Revista\/wp-content\/uploads\/2016\/03\/Mor\u00ed\u00f1igo.png\"><img decoding=\"async\" loading=\"lazy\" class=\"alignright wp-image-833\" src=\"http:\/\/www.iessenara.es\/Revista\/wp-content\/uploads\/2016\/03\/Mor\u00ed\u00f1igo.png\" alt=\"Mor\u00ed\u00f1igo\" width=\"250\" height=\"438\" \/><\/a>La licencia le pedimos<\/p>\n<p>al se\u00f1or Beneficiado<\/p>\n<p>para cantarle unos versos<\/p>\n<p>a\u00a0la Virgen del Rosario.<\/p>\n<p>&nbsp;<\/p>\n<p>Buenos d\u00edas tengan ustedes,<\/p>\n<p>los de dentro y los de fuera;<\/p>\n<p>y a la Virgen del Rosario<\/p>\n<p>se los damos la primera.<\/p>\n<p>&nbsp;<\/p>\n<p>Ya sale la palomita<\/p>\n<p>de su lindo palomar;<\/p>\n<p>ya sale la Virgen Pura<\/p>\n<p>a Jesucristo buscar.<\/p>\n<p>&nbsp;<\/p>\n<p>Ya cantan los pajarcillos,<\/p>\n<p>cantemos con alegr\u00eda;<\/p>\n<p>ya cantan los pajarcillos<\/p>\n<p>en el portal de Mar\u00eda.<\/p>\n<p>&nbsp;<\/p>\n<p>En el portal de Bel\u00e9n<\/p>\n<p>hay una piedra redonda,<\/p>\n<p>donde puso Cristo el pie<\/p>\n<p>para subir a la gloria.<\/p>\n<p>&nbsp;<\/p>\n<p>Miradle por d\u00f3nde viene,<\/p>\n<p>tan humilde y tan humano,<\/p>\n<p>con la bandera extendida,<\/p>\n<p>recogiendo a sus soldados.<\/p>\n<p>&nbsp;<\/p>\n<p>Quitarle ese manto negro<\/p>\n<p>a\u00a0la pur\u00edsima Mar\u00eda;<\/p>\n<p>quitarle ese manto negro<\/p>\n<p>que nos causa la alegr\u00eda.<\/p>\n<p>&nbsp;<\/p>\n<p>Quitaros, se\u00f1ora, el manto<\/p>\n<p>y dejar ya de llorar,<\/p>\n<p>que vuestro hijo precioso<\/p>\n<p>ha vuelto a resucitar.<\/p>\n<p>&nbsp;<\/p>\n<p>A la cruz se han juntado<\/p>\n<p>la Virgen Mar\u00eda y Cristo;<\/p>\n<p>a\u00a0la cruz se han juntado,<\/p>\n<p>tres d\u00edas que no se han visto.<\/p>\n<p>&nbsp;<\/p>\n<p>A la cruz se han juntado<\/p>\n<p>la Madre y el Redentor;<\/p>\n<p>a\u00a0la cruz se han juntado,<\/p>\n<p>Pascua de Resurrecci\u00f3n.<\/p>\n<p>&nbsp;<\/p>\n<p>Qu\u00e9 triste estabas, Se\u00f1or,<\/p>\n<p>Jueves Santo al mediod\u00eda;<\/p>\n<p>y c\u00f3mo lo est\u00e1s ahora,<\/p>\n<p>D\u00eda de Pascua Florida.<\/p>\n<p>&nbsp;<\/p>\n<p>Del cielo baja una nube<\/p>\n<p>toda cubierta de azul:<\/p>\n<p>en\u00a0ella baja Mar\u00eda<\/p>\n<p>y el coraz\u00f3n de Jes\u00fas.<\/p>\n<p>&nbsp;<\/p>\n<p>Echadnos la bendici\u00f3n,<\/p>\n<p>Virgen Santa del Rosario;<\/p>\n<p>echadnos la bendici\u00f3n,<\/p>\n<p>que nos vamos al Calvario.<\/p>\n<p>&nbsp;<\/p>\n<p>Vamos, vamos, compa\u00f1eras,<\/p>\n<p>ninguna se quede atr\u00e1s,<\/p>\n<p>que, si a\u00fan huelen las rosas,<\/p>\n<p>cerca estamos del rosal.<\/p>\n<p>&nbsp;<\/p>\n<p>Sent\u00e9monos de rodillas<\/p>\n<p>delante de esta se\u00f1ora,<\/p>\n<p>pues ella nos dar\u00e1 el pie<\/p>\n<p>para subir a la gloria.<\/p>\n<p>&nbsp;<\/p>\n<p>La Virgen tiene un rosario<\/p>\n<p>y en el medio est\u00e1 la cruz;<\/p>\n<p>adorarla, pecadores,<\/p>\n<p>que en ella muri\u00f3 Jes\u00fas.<\/p>\n<p>&nbsp;<\/p>\n<p>El camino de la Iglesia<\/p>\n<p>lo\u00a0hemos hallado florido:<\/p>\n<p>como es ma\u00f1ana Pascua,<\/p>\n<p>la Virgen lo ha florecido.<\/p>\n<p>&nbsp;<\/p>\n<p>Abrid la puerta, portera,<\/p>\n<p>las puertas del tribunal.<\/p>\n<p>Las puertas ya est\u00e1n abiertas;<\/p>\n<p>entrad si quer\u00e9is entrar.<\/p>\n<p>&nbsp;<\/p>\n<p>Tomemos agua bendita,<\/p>\n<p>pues la pila est\u00e1 brindada,<\/p>\n<p>y sabemos que por ella<\/p>\n<p>se\u00a0perdonan los pecados.<\/p>\n<p>&nbsp;<\/p>\n<p>Por la puerta de la Iglesia<\/p>\n<p>entramos todas cantando;<\/p>\n<p>as\u00ed entramos en el cielo,<\/p>\n<p>rosas y lirios cantando.<\/p>\n<p>&nbsp;<\/p>\n<p>\u00bfQu\u00e9 es aquello que reluce<\/p>\n<p>por detr\u00e1s de la custodia?<\/p>\n<p>Es el hijo de Mar\u00eda<\/p>\n<p>que nos viene a dar su gloria.<\/p>\n<p>&nbsp;<\/p>\n<p>La despedida te damos,<\/p>\n<p>Virgen Santa del dolor,<\/p>\n<p>las doncellas que cantamos<\/p>\n<p>Pascua de Resurrecci\u00f3n.<\/p>\n<p>&nbsp;<\/p>\n<p>Qu\u00e9 bonita est\u00e1 la Virgen<\/p>\n<p>con cinta feligranada;<\/p>\n<p>se\u00a0la ha puesto un sacerdote,<\/p>\n<p>que el Padre Santos se llama.<\/p>\n<p>&nbsp;<\/p>\n<p>&nbsp;<\/p>\n<p style=\"text-align: right\"><span style=\"color: #800080\">Recogidos por<\/span><\/p>\n<p style=\"text-align: right\"><strong><span style=\"color: #800080\">Sof\u00eda Barabino Valle\u00a0 (2\u00ba de ESO B)<\/span><\/strong><\/p>\n","protected":false},"excerpt":{"rendered":"<p>&nbsp; La licencia le pedimos al se\u00f1or Beneficiado para cantarle unos versos a\u00a0la Virgen del Rosario. &nbsp; Buenos d\u00edas tengan ustedes, los de dentro y los de fuera; y a la Virgen del Rosario&#46;&#46;&#46;<\/p>\n","protected":false},"author":3,"featured_media":833,"comment_status":"open","ping_status":"open","sticky":false,"template":"","format":"standard","meta":{"jetpack_post_was_ever_published":false,"jetpack_publicize_message":"","jetpack_is_tweetstorm":false,"jetpack_publicize_feature_enabled":true,"jetpack_social_options":[]},"categories":[7],"tags":[21,33,30],"jetpack_publicize_connections":[],"jetpack_featured_media_url":"https:\/\/www.iessenara.es\/Revista\/wp-content\/uploads\/2016\/03\/Mor\u00ed\u00f1igo.png","jetpack_sharing_enabled":true,"jetpack_shortlink":"https:\/\/wp.me\/p5mbkp-dm","_links":{"self":[{"href":"https:\/\/www.iessenara.es\/Revista\/index.php?rest_route=\/wp\/v2\/posts\/828"}],"collection":[{"href":"https:\/\/www.iessenara.es\/Revista\/index.php?rest_route=\/wp\/v2\/posts"}],"about":[{"href":"https:\/\/www.iessenara.es\/Revista\/index.php?rest_route=\/wp\/v2\/types\/post"}],"author":[{"embeddable":true,"href":"https:\/\/www.iessenara.es\/Revista\/index.php?rest_route=\/wp\/v2\/users\/3"}],"replies":[{"embeddable":true,"href":"https:\/\/www.iessenara.es\/Revista\/index.php?rest_route=%2Fwp%2Fv2%2Fcomments&post=828"}],"version-history":[{"count":4,"href":"https:\/\/www.iessenara.es\/Revista\/index.php?rest_route=\/wp\/v2\/posts\/828\/revisions"}],"predecessor-version":[{"id":834,"href":"https:\/\/www.iessenara.es\/Revista\/index.php?rest_route=\/wp\/v2\/posts\/828\/revisions\/834"}],"wp:featuredmedia":[{"embeddable":true,"href":"https:\/\/www.iessenara.es\/Revista\/index.php?rest_route=\/wp\/v2\/media\/833"}],"wp:attachment":[{"href":"https:\/\/www.iessenara.es\/Revista\/index.php?rest_route=%2Fwp%2Fv2%2Fmedia&parent=828"}],"wp:term":[{"taxonomy":"category","embeddable":true,"href":"https:\/\/www.iessenara.es\/Revista\/index.php?rest_route=%2Fwp%2Fv2%2Fcategories&post=828"},{"taxonomy":"post_tag","embeddable":true,"href":"https:\/\/www.iessenara.es\/Revista\/index.php?rest_route=%2Fwp%2Fv2%2Ftags&post=828"}],"curies":[{"name":"wp","href":"https:\/\/api.w.org\/{rel}","templated":true}]}}