{"id":835,"date":"2016-05-12T08:12:46","date_gmt":"2016-05-12T08:12:46","guid":{"rendered":"http:\/\/www.iessenara.es\/Revista\/?p=835"},"modified":"2019-07-16T09:55:17","modified_gmt":"2019-07-16T09:55:17","slug":"entrevistas-en-la-residencia-iii","status":"publish","type":"post","link":"https:\/\/www.iessenara.es\/Revista\/?p=835","title":{"rendered":"Entrevistas en la Residencia (III)"},"content":{"rendered":"<p>&nbsp;<\/p>\n<p><em><span style=\"color: #000000\">Charlando con nuestros amigos Isidro, Mar\u00eda y Mar\u00eda Antonia&#8230;<\/span><\/em><\/p>\n<p>&nbsp;<\/p>\n<p><strong><span style=\"color: #000000\">Isidro<\/span><\/strong><\/p>\n<p><span style=\"color: #008000\"><strong>\u00bfC\u00f3mo viv\u00eda en sus tiempos?<\/strong><\/span><br \/>\n<span style=\"color: #000000\">Viv\u00eda con mucha miseria. No hab\u00eda maquinaria y se hac\u00eda todo a mano.<\/span><\/p>\n<p><span style=\"color: #008000\"><strong>\u00bfEmigr\u00f3 a otro pa\u00eds?<\/strong><\/span><br \/>\n<span style=\"color: #000000\">Fui a Suiza y a Barcelona. En Suiza estuve mucho tiempo, trabaj\u00e9 hasta los 27 a\u00f1os.<\/span><\/p>\n<p><span style=\"color: #008000\"><strong>\u00bfD\u00f3nde trabajaba?<\/strong><\/span><br \/>\n<span style=\"color: #000000\">Trabaj\u00e9 en una f\u00e1brica de armas.<\/span><\/p>\n<p><span style=\"color: #008000\"><strong>\u00bfAlguna vez ha tenido tiempos buenos o malos?<\/strong><\/span><br \/>\n<span style=\"color: #000000\">No tuve momentos muy buenos ni muy malos.<\/span><\/p>\n<p><span style=\"color: #008000\"><strong>\u00bfQu\u00e9 eran los quintos?<\/strong><\/span><br \/>\n<span style=\"color: #000000\">En los quintos pon\u00edamos el mayo y arm\u00e1bamos.<\/span><\/p>\n<p><span style=\"color: #008000\"><strong>\u00bfC\u00f3mo era su casa?<\/strong><\/span><br \/>\n<span style=\"color: #000000\">Las casas eran medio ruinas.<\/span><\/p>\n<p><span style=\"color: #008000\"><strong>\u00bfC\u00f3mo eran las fiestas en su pueblo?<\/strong><\/span><br \/>\n<span style=\"color: #000000\">En las fiestas, la m\u00e1s importante eran los toros; se hac\u00edan con remolques en c\u00edrculo.<\/span><\/p>\n<p><span style=\"color: #008000\"><strong>\u00bfTuvo que dejar el colegio?<\/strong><\/span><br \/>\n<span style=\"color: #000000\">Tuve que dejarlo a los 13 a\u00f1os para estudiar una FP B\u00e1sica en Salamanca.<\/span><\/p>\n<p><span style=\"color: #008000\"><strong>\u00bfEst\u00e1 casado?<\/strong><\/span><br \/>\n<span style=\"color: #000000\">Estoy soltero. Tengo cuatro hermanos y dos hermanas que a\u00fan viven.<\/span><\/p>\n<p><span style=\"color: #008000\"><strong>\u00bfC\u00f3mo eran las matanzas en su pueblo?<\/strong><\/span><br \/>\n<span style=\"color: #000000\">Para la matanza ten\u00edamos que tener mucha fuerza; nos tir\u00e1bamos todo el d\u00eda de fiesta, acud\u00eda toda clase de gente, incluidos los vecinos y familiares.<\/span><\/p>\n<p><span style=\"color: #008000\"><strong>\u00bfQu\u00e9 le tra\u00edan los Reyes Magos?<\/strong><\/span><br \/>\n<span style=\"color: #000000\">Los Reyes Magos me tra\u00edan pocas cosas; una vez me trajeron un tren de chapa.<\/span><\/p>\n<p><span style=\"color: #008000\"><strong>\u00bfDe qu\u00e9 canciones se acuerda?<\/strong><\/span><br \/>\n<span style=\"color: #000000\">Me acuerdo de <em>El sonido del silencio <\/em>[de Simon&nbsp;&amp; Garfunkel].&nbsp;Y de alguna canci\u00f3n de los Beatles.<\/span><\/p>\n<p><span style=\"color: #008000\"><strong>\u00bfSe acuerda de alg\u00fan refr\u00e1n?<\/strong><\/span><br \/>\n<span style=\"color: #000000\">\u00abNo por mucho madrugar amanece m\u00e1s temprano\u00bb; \u00abA quien madruga, Dios le ayuda\u00bb.<\/span><\/p>\n<p>&nbsp;<\/p>\n<p>&nbsp;<\/p>\n<p><strong><span style=\"color: #000000\">Mar\u00eda<\/span><\/strong><\/p>\n<p><span style=\"color: #008000\"><strong>\u00bfC\u00f3mo viv\u00eda en sus tiempos?<\/strong><\/span><br \/>\n<span style=\"color: #000000\">Viv\u00eda bien, a mi aire; no me falt\u00f3 de nada, fui pobre, pero con mucha educaci\u00f3n.<\/span><\/p>\n<p><strong><span style=\"color: #008000\">\u00bfQu\u00e9 hac\u00eda durante el tiempo libre?<\/span><\/strong><br \/>\n<span style=\"color: #000000\">Todos los d\u00edas sol\u00eda pasear. En mi tiempo libre trabajaba o me iba con las amigas.<\/span><\/p>\n<p><span style=\"color: #008000\"><strong>\u00bfC\u00f3mo eran esos tiempos?<\/strong><\/span><br \/>\n<span style=\"color: #000000\">Tuve buenos y malos momentos, pero mejor que ahora.<\/span><\/p>\n<p><span style=\"color: #008000\"><strong>\u00bfTrabajaban mucho?<\/strong><\/span><br \/>\n<span style=\"color: #000000\">Trabajaba mucho, me levantaba y me pintaba. Trabajaba en un taller de coser.<\/span><\/p>\n<p><span style=\"color: #008000\"><strong>\u00bfAlguna vez ha tenido tiempos buenos o malos?<\/strong><\/span><br \/>\n<span style=\"color: #000000\">Hubo tiempos buenos y malos.<\/span><\/p>\n<p><span style=\"color: #008000\"><strong>\u00bfQu\u00e9 eran los quintos?<\/strong><\/span><br \/>\n<span style=\"color: #000000\">La fiesta en la que cumpl\u00edamos la juventud, la mayor\u00eda de edad.<\/span><\/p>\n<p><span style=\"color: #008000\"><strong>\u00bfD\u00f3nde trabajaba?<\/strong><\/span><br \/>\n<span style=\"color: #000000\">En una f\u00e1brica de coser.<img decoding=\"async\" loading=\"lazy\" class=\"aligncenter wp-image-838\" src=\"http:\/\/www.iessenara.es\/Revista\/wp-content\/uploads\/2016\/03\/Catalin-y-Ra\u00fal-300x168.jpg\" alt=\"Catalin y Ra\u00fal\" width=\"500\" height=\"281\" srcset=\"https:\/\/www.iessenara.es\/Revista\/wp-content\/uploads\/2016\/03\/Catalin-y-Ra\u00fal-300x168.jpg 300w, https:\/\/www.iessenara.es\/Revista\/wp-content\/uploads\/2016\/03\/Catalin-y-Ra\u00fal-1024x576.jpg 1024w\" sizes=\"(max-width: 500px) 100vw, 500px\" \/><\/span><\/p>\n<p><span style=\"color: #008000\"><strong>\u00bfC\u00f3mo era su casa?<\/strong><\/span><br \/>\n<span style=\"color: #000000\">Con unas paredes muy anchas y muy fr\u00edas.<\/span><\/p>\n<p><span style=\"color: #008000\"><strong>\u00bfC\u00f3mo eran las fiestas en su pueblo?<\/strong><\/span><br \/>\n<span style=\"color: #000000\">En las fiestas hab\u00eda toros y carruajes para los ni\u00f1os.<\/span><\/p>\n<p><span style=\"color: #008000\"><strong>\u00bfDe qu\u00e9 canciones se acuerda?<\/strong><\/span><br \/>\n<span style=\"color: #000000\">Las de la Pantoja.<\/span><\/p>\n<p><span style=\"color: #008000\"><strong>\u00bfTuvo que dejar el colegio?<\/strong><\/span><br \/>\n<span style=\"color: #000000\">S\u00ed, fui poco tiempo, debido a que ten\u00eda que trabajar, y cuidar a mi madre, gravemente enferma.<\/span><\/p>\n<p><span style=\"color: #008000\"><strong>\u00bfC\u00f3mo eran las escuelas?<\/strong><\/span><br \/>\n<span style=\"color: #000000\">Eran peque\u00f1as, y hab\u00eda muy pocos profesores.<\/span><\/p>\n<p><span style=\"color: #008000\"><strong>\u00bfC\u00f3mo eran las bodas?<\/strong><\/span><br \/>\n<span style=\"color: #000000\">En las bodas te ibas a un hotel, t\u00fa lo hac\u00edas todo y lo pagabas.<\/span><\/p>\n<p><span style=\"color: #008000\"><strong>\u00bfC\u00f3mo eran las matanzas en su pueblo?<\/strong><\/span><br \/>\n<span style=\"color: #000000\">En las matanzas mataban al cerdo, le sacaban todo y lo aprovechaban.<\/span><\/p>\n<p><span style=\"color: #008000\"><strong>\u00bfQu\u00e9 le tra\u00edan los Reyes Magos?<\/strong><\/span><br \/>\n<span style=\"color: #000000\">Me tra\u00edan 10 c\u00e9ntimos y una naranja.<\/span><\/p>\n<p><span style=\"color: #008000\"><strong>\u00bfA qu\u00e9 juegos jugaba en su infancia?<\/strong><\/span><br \/>\n<span style=\"color: #000000\">Jug\u00e1bamos a la comba, y tambi\u00e9n a las prendas (se jugaba apostando dinero).<\/span><\/p>\n<p><span style=\"color: #ffffff\">&#8211;<\/span><\/p>\n<p><span style=\"color: #ffffff\">&#8211;<\/span><br \/>\n<strong><span style=\"color: #000000\">Mar\u00eda Antonia<\/span><\/strong><\/p>\n<p><span style=\"color: #008000\"><strong>\u00bfC\u00f3mo viv\u00eda en sus tiempos?<\/strong><\/span><br \/>\n<span style=\"color: #000000\">Cuando era peque\u00f1a viv\u00eda mejor que ahora. Antes \u00e9ramos como una familia, ahora es como m\u00e1s inseguro todo.<\/span><\/p>\n<p><span style=\"color: #008000\"><strong>\u00bfQu\u00e9 hac\u00eda durante el tiempo libre?<\/strong><\/span><br \/>\n<span style=\"color: #000000\">En mi tiempo libre iba al parque con las amigas. Por la noche \u00edbamos a rezar el rosario.<\/span><\/p>\n<p><span style=\"color: #008000\"><strong>\u00bfC\u00f3mo eran esos tiempos?<\/strong><\/span><br \/>\n<span style=\"color: #000000\">Ni buenos ni malos; distintos.<\/span><\/p>\n<p><span style=\"color: #008000\"><strong>\u00bfTrabajaba mucho?<\/strong><\/span><br \/>\n<span style=\"color: #000000\">S\u00ed, porque mi madre cay\u00f3 gravemente enferma y ten\u00eda que cuidar a mis hermanas y a mi padre, que lamentablemente falleci\u00f3.<\/span><\/p>\n<p><span style=\"color: #008000\"><strong>\u00bfAlguna vez ha tenido tiempos buenos o malos?<\/strong><\/span><br \/>\n<span style=\"color: #000000\">S\u00ed, buenos y malos.<\/span><\/p>\n<p><span style=\"color: #008000\"><strong>\u00bfQu\u00e9 eran los quintos?<\/strong><\/span><br \/>\n<span style=\"color: #000000\">Los quintos era cuando nos junt\u00e1bamos y hac\u00edamos fiestas de varios d\u00edas de duraci\u00f3n.<\/span><\/p>\n<p><strong><span style=\"color: #008000\">\u00bfD\u00f3nde trabajaba?<\/span><\/strong><br \/>\n<span style=\"color: #000000\">Trabaj\u00e9 en Salamanca.<\/span><\/p>\n<p><span style=\"color: #008000\"><strong>\u00bfC\u00f3mo era su casa?<\/strong><\/span><br \/>\n<span style=\"color: #000000\">Las casas eran muy grandes y con paredes muy anchas.<\/span><\/p>\n<p><span style=\"color: #008000\"><strong>\u00bfC\u00f3mo eran las fiestas en su pueblo?<\/strong><\/span><br \/>\n<span style=\"color: #000000\">Eran muy b\u00e1sicas, con toros y atracciones para los m\u00e1s peque\u00f1os.<\/span><\/p>\n<p><span style=\"color: #008000\"><strong>\u00bfDe qu\u00e9 canciones se acuerda?<\/strong><\/span><br \/>\n<span style=\"color: #000000\">Me acuerdo de <em>La Cucaracha<\/em>.<\/span><\/p>\n<p><span style=\"color: #008000\"><strong>\u00bfTuvo que dejar el colegio?<\/strong><\/span><br \/>\n<span style=\"color: #000000\">S\u00ed, por mi madre.<\/span><\/p>\n<p><span style=\"color: #008000\"><strong>\u00bfC\u00f3mo eran las escuelas?<\/strong><\/span><br \/>\n<span style=\"color: #000000\">Peque\u00f1as y con muchos alumnos.<\/span><\/p>\n<p><span style=\"color: #008000\"><strong>\u00bfC\u00f3mo eran las bodas?<\/strong><\/span><br \/>\n<span style=\"color: #000000\">Duraban tres o cuatro d\u00edas.<\/span><\/p>\n<p><span style=\"color: #008000\"><strong>\u00bfC\u00f3mo eran las matanzas en su pueblo?<\/strong><\/span><br \/>\n<span style=\"color: #000000\">Las matanzas eran divertidas. Nos junt\u00e1bamos toda la familia.<\/span><\/p>\n<p><span style=\"color: #ffffff\">&#8211;<\/span><\/p>\n<p style=\"text-align: right\"><span style=\"color: #008000\"><strong>Ra\u00fal G\u00f3mez<\/strong><\/span><br \/>\n<span style=\"color: #008000\"><strong> Catalin Tagariciu<\/strong><\/span><br \/>\n<span style=\"color: #008000\"><strong> (Primer curso de FPB)<\/strong><\/span><\/p>\n","protected":false},"excerpt":{"rendered":"<p>&nbsp; Charlando con nuestros amigos Isidro, Mar\u00eda y Mar\u00eda Antonia&#8230; &nbsp; Isidro \u00bfC\u00f3mo viv\u00eda en sus tiempos? Viv\u00eda con mucha miseria. No hab\u00eda maquinaria y se hac\u00eda todo a mano. \u00bfEmigr\u00f3 a otro pa\u00eds?&#46;&#46;&#46;<\/p>\n","protected":false},"author":3,"featured_media":838,"comment_status":"open","ping_status":"open","sticky":false,"template":"","format":"standard","meta":{"jetpack_post_was_ever_published":false,"jetpack_publicize_message":"","jetpack_is_tweetstorm":false,"jetpack_publicize_feature_enabled":true,"jetpack_social_options":[]},"categories":[7],"tags":[27,28,30],"jetpack_publicize_connections":[],"jetpack_featured_media_url":"https:\/\/www.iessenara.es\/Revista\/wp-content\/uploads\/2016\/03\/Catalin-y-Ra\u00fal.jpg","jetpack_sharing_enabled":true,"jetpack_shortlink":"https:\/\/wp.me\/p5mbkp-dt","_links":{"self":[{"href":"https:\/\/www.iessenara.es\/Revista\/index.php?rest_route=\/wp\/v2\/posts\/835"}],"collection":[{"href":"https:\/\/www.iessenara.es\/Revista\/index.php?rest_route=\/wp\/v2\/posts"}],"about":[{"href":"https:\/\/www.iessenara.es\/Revista\/index.php?rest_route=\/wp\/v2\/types\/post"}],"author":[{"embeddable":true,"href":"https:\/\/www.iessenara.es\/Revista\/index.php?rest_route=\/wp\/v2\/users\/3"}],"replies":[{"embeddable":true,"href":"https:\/\/www.iessenara.es\/Revista\/index.php?rest_route=%2Fwp%2Fv2%2Fcomments&post=835"}],"version-history":[{"count":11,"href":"https:\/\/www.iessenara.es\/Revista\/index.php?rest_route=\/wp\/v2\/posts\/835\/revisions"}],"predecessor-version":[{"id":1661,"href":"https:\/\/www.iessenara.es\/Revista\/index.php?rest_route=\/wp\/v2\/posts\/835\/revisions\/1661"}],"wp:featuredmedia":[{"embeddable":true,"href":"https:\/\/www.iessenara.es\/Revista\/index.php?rest_route=\/wp\/v2\/media\/838"}],"wp:attachment":[{"href":"https:\/\/www.iessenara.es\/Revista\/index.php?rest_route=%2Fwp%2Fv2%2Fmedia&parent=835"}],"wp:term":[{"taxonomy":"category","embeddable":true,"href":"https:\/\/www.iessenara.es\/Revista\/index.php?rest_route=%2Fwp%2Fv2%2Fcategories&post=835"},{"taxonomy":"post_tag","embeddable":true,"href":"https:\/\/www.iessenara.es\/Revista\/index.php?rest_route=%2Fwp%2Fv2%2Ftags&post=835"}],"curies":[{"name":"wp","href":"https:\/\/api.w.org\/{rel}","templated":true}]}}