{"id":874,"date":"2016-06-15T18:33:51","date_gmt":"2016-06-15T18:33:51","guid":{"rendered":"http:\/\/www.iessenara.es\/Revista\/?p=874"},"modified":"2016-06-15T18:33:51","modified_gmt":"2016-06-15T18:33:51","slug":"cuatro-microrrelatos","status":"publish","type":"post","link":"https:\/\/www.iessenara.es\/Revista\/?p=874","title":{"rendered":"Cuatro microrrelatos"},"content":{"rendered":"<p><a href=\"http:\/\/www.iessenara.es\/Revista\/wp-content\/uploads\/2016\/05\/Primavera.jpg\"><img decoding=\"async\" loading=\"lazy\" class=\"aligncenter wp-image-876\" src=\"http:\/\/www.iessenara.es\/Revista\/wp-content\/uploads\/2016\/05\/Primavera-300x195.jpg\" alt=\"Primavera\" width=\"430\" height=\"280\" srcset=\"https:\/\/www.iessenara.es\/Revista\/wp-content\/uploads\/2016\/05\/Primavera-300x195.jpg 300w, https:\/\/www.iessenara.es\/Revista\/wp-content\/uploads\/2016\/05\/Primavera-1024x665.jpg 1024w, https:\/\/www.iessenara.es\/Revista\/wp-content\/uploads\/2016\/05\/Primavera.jpg 1772w\" sizes=\"(max-width: 430px) 100vw, 430px\" \/><\/a><\/p>\n<p>&nbsp;<\/p>\n<p><span style=\"color: #000000\"><strong>La primavera<\/strong> <\/span><br \/>\n<span style=\"color: #000000\">Se conocieron el 21 de marzo. Y en tres meses celebraron cinco aniversarios. Con ella, cualquier d\u00eda parec\u00eda el inicio de la primavera. <\/span><\/p>\n<p>&nbsp;<\/p>\n<p><span style=\"color: #000000\"><strong>Entre parejas<\/strong><\/span><br \/>\n<span style=\"color: #000000\">Yo no he nacido ayer; sab\u00eda perfectamente d\u00f3nde me esta metiendo, y pod\u00eda ganar o pod\u00eda perder. As\u00ed que el da\u00f1o me lo he hecho yo solo. <\/span><\/p>\n<p>&nbsp;<\/p>\n<p><span style=\"color: #000000\"><strong>El presente<\/strong><\/span><br \/>\n<span style=\"color: #000000\">El presente es solo un momento, s\u00ed, un chasquido entre el pasado y el futuro. <\/span><\/p>\n<p>&nbsp;<\/p>\n<p><span style=\"color: #000000\"><strong>La vida es un cambio constante<\/strong> <\/span><br \/>\n<span style=\"color: #000000\">Siempre que algo termina, algo empieza, y por eso en la vida real no hay finales felices o finales tristes; solo existen los nuevos comienzos.<\/span><\/p>\n<p>&nbsp;<\/p>\n<p style=\"text-align: right\"><span style=\"color: #820d82\"><strong>Elena Chapado Gonz\u00e1lez \u00a0(Primero de Bachillerato CIT)<\/strong><\/span><\/p>\n<p>&nbsp;<\/p>\n","protected":false},"excerpt":{"rendered":"<p>&nbsp; La primavera Se conocieron el 21 de marzo. Y en tres meses celebraron cinco aniversarios. Con ella, cualquier d\u00eda parec\u00eda el inicio de la primavera. &nbsp; Entre parejas Yo no he nacido ayer;&#46;&#46;&#46;<\/p>\n","protected":false},"author":3,"featured_media":876,"comment_status":"open","ping_status":"open","sticky":false,"template":"","format":"standard","meta":{"jetpack_post_was_ever_published":false,"jetpack_publicize_message":"","jetpack_is_tweetstorm":false,"jetpack_publicize_feature_enabled":true,"jetpack_social_options":[]},"categories":[10],"tags":[18,15],"jetpack_publicize_connections":[],"jetpack_featured_media_url":"https:\/\/www.iessenara.es\/Revista\/wp-content\/uploads\/2016\/05\/Primavera.jpg","jetpack_sharing_enabled":true,"jetpack_shortlink":"https:\/\/wp.me\/p5mbkp-e6","_links":{"self":[{"href":"https:\/\/www.iessenara.es\/Revista\/index.php?rest_route=\/wp\/v2\/posts\/874"}],"collection":[{"href":"https:\/\/www.iessenara.es\/Revista\/index.php?rest_route=\/wp\/v2\/posts"}],"about":[{"href":"https:\/\/www.iessenara.es\/Revista\/index.php?rest_route=\/wp\/v2\/types\/post"}],"author":[{"embeddable":true,"href":"https:\/\/www.iessenara.es\/Revista\/index.php?rest_route=\/wp\/v2\/users\/3"}],"replies":[{"embeddable":true,"href":"https:\/\/www.iessenara.es\/Revista\/index.php?rest_route=%2Fwp%2Fv2%2Fcomments&post=874"}],"version-history":[{"count":5,"href":"https:\/\/www.iessenara.es\/Revista\/index.php?rest_route=\/wp\/v2\/posts\/874\/revisions"}],"predecessor-version":[{"id":890,"href":"https:\/\/www.iessenara.es\/Revista\/index.php?rest_route=\/wp\/v2\/posts\/874\/revisions\/890"}],"wp:featuredmedia":[{"embeddable":true,"href":"https:\/\/www.iessenara.es\/Revista\/index.php?rest_route=\/wp\/v2\/media\/876"}],"wp:attachment":[{"href":"https:\/\/www.iessenara.es\/Revista\/index.php?rest_route=%2Fwp%2Fv2%2Fmedia&parent=874"}],"wp:term":[{"taxonomy":"category","embeddable":true,"href":"https:\/\/www.iessenara.es\/Revista\/index.php?rest_route=%2Fwp%2Fv2%2Fcategories&post=874"},{"taxonomy":"post_tag","embeddable":true,"href":"https:\/\/www.iessenara.es\/Revista\/index.php?rest_route=%2Fwp%2Fv2%2Ftags&post=874"}],"curies":[{"name":"wp","href":"https:\/\/api.w.org\/{rel}","templated":true}]}}