{"id":893,"date":"2016-09-21T08:20:04","date_gmt":"2016-09-21T08:20:04","guid":{"rendered":"http:\/\/www.iessenara.es\/Revista\/?p=893"},"modified":"2016-10-10T17:41:13","modified_gmt":"2016-10-10T17:41:13","slug":"rafi-de-la-naturaleza-la-ensenanza-y-la-vida","status":"publish","type":"post","link":"https:\/\/www.iessenara.es\/Revista\/?p=893","title":{"rendered":"Rafi: de la naturaleza, la ense\u00f1anza y la vida"},"content":{"rendered":"<p>&nbsp;<\/p>\n<p><span style=\"color: #000000\"><em>Inauguramos el nuevo curso con la reproducci\u00f3n del discurso pronunciado en el Instituto el 30 de junio de 2016 por <span style=\"color: #008000\"><strong>Rafi L\u00f3pez M\u00f3denes<\/strong><\/span>, profesora de Biolog\u00eda y Geolog\u00eda, con motivo de su jubilaci\u00f3n. Sin duda, echaremos de menos su presencia diaria entre nosotros, y esperamos que siga visit\u00e1ndonos con frecuencia.<\/em><\/span><\/p>\n<p><span style=\"color: #000000\">\u00a0<\/span><\/p>\n<p><span style=\"color: #000000\">Confieso que no me gustan los discursos. Pero a veces las palabras martillean en el cerebro y no te dejan en paz hasta que las escribes. Este es el caso.<\/span><\/p>\n<p><span style=\"color: #000000\">Hace unos d\u00edas recib\u00ed un <em>WhatsApp<\/em> de un antiguo alumno, hoy bi\u00f3logo y profesor de Biolog\u00eda. Dec\u00eda: \u201cQuedamos una tarde, tomamos algo y cerramos el curso\u201d. Y pens\u00e9: \u201cS\u00ed, es cierto, ambos cerramos el curso con un caf\u00e9, pero yo tambi\u00e9n cierro toda una etapa\u201d.\u00a0 Y me recorri\u00f3 un escalofr\u00edo.<\/span><\/p>\n<p><span style=\"color: #000000\">Creo que llevo casi 35 a\u00f1os dedicada a esta profesi\u00f3n de la ense\u00f1anza, que, por otra parte, es el \u00fanico trabajo que he ejercido, si exceptuamos un verano en que me fui con unas amigas a trabajar en un hotel de Benidorm, un hotel de cuatro estrellas, all\u00e1 por los a\u00f1os 70 (las tardes las ten\u00edamos libres para ponernos morenas en la playa). Y un oto\u00f1o en que fui a la vendimia a Francia, a la zona de Burdeos, Ch\u00e2teau d\u2019Yquem para m\u00e1s se\u00f1as. All\u00ed conoc\u00ed y com\u00ed por primera vez la remolacha roja en ensalada; all\u00ed supe lo que es trabajar horas bajo la lluvia y entre el barro, lo que es no poder doblar las manos al levantarnos cada ma\u00f1ana del dolor provocado por las tijeras, y all\u00ed tuve el gusto de conocer los piojos, a los que ya hab\u00eda estudiado en los libros.<\/span><\/p>\n<p><span style=\"color: #000000\">Y, as\u00ed como el asesino vuelve siempre al lugar del crimen, yo volv\u00ed hace dos veranos para reencontrarme con los vi\u00f1edos y los rosales. Me gust\u00f3 pasear entre las parras y las rosas. Ahora su vino est\u00e1 bajo la denominaci\u00f3n de Sauternes; vino dulce de 300 a 3.000 euros la botella, que se obtiene de racimos infectados por un hongo, perfecto para acompa\u00f1ar el <em>foie<\/em> de oca.<\/span><\/p>\n<p><a href=\"http:\/\/www.iessenara.es\/Revista\/wp-content\/uploads\/2016\/09\/Brezo.jpg\"><img decoding=\"async\" loading=\"lazy\" class=\"aligncenter wp-image-897\" src=\"http:\/\/www.iessenara.es\/Revista\/wp-content\/uploads\/2016\/09\/Brezo-300x199.jpg\" alt=\"brezo\" width=\"370\" height=\"246\" srcset=\"https:\/\/www.iessenara.es\/Revista\/wp-content\/uploads\/2016\/09\/Brezo-300x199.jpg 300w, https:\/\/www.iessenara.es\/Revista\/wp-content\/uploads\/2016\/09\/Brezo-1024x680.jpg 1024w, https:\/\/www.iessenara.es\/Revista\/wp-content\/uploads\/2016\/09\/Brezo.jpg 2048w\" sizes=\"(max-width: 370px) 100vw, 370px\" \/><\/a><\/p>\n<p><span style=\"color: #000000\">Pero aqu\u00ed hay una diferencia esencial: una vez tomada la decisi\u00f3n, no podr\u00e9 volver a las aulas, donde he disfrutado much\u00edsimo durante tantos a\u00f1os.<\/span><\/p>\n<p><span style=\"color: #000000\">\u00bfPor qu\u00e9, entonces, me acojo a la jubilaci\u00f3n voluntaria, de hecho un privilegio del que no disponen otros?<\/span><\/p>\n<p><span style=\"color: #000000\">Por dos sencillas razones: porque la persona con quien vivo lleva en ese estado de gracia varios a\u00f1os, y porque mis padres, ya mayores, no tardar\u00e1n en necesitar mi tiempo. Llegado ese momento, no podr\u00e9 cumplir con mi profesi\u00f3n y con los cuidados que necesitar\u00e1n. Por eso creo que una retirada a tiempo es una victoria.<\/span><\/p>\n<p><span style=\"color: #000000\">\u00bfPara qu\u00e9 voy a mentiros? Por supuesto que os echar\u00e9 de menos a los profesores, con los que siempre he trabajado a gusto y he compartido menos recreos de los que hubiera deseado; y a los alumnos, a los que siempre he querido. Echar\u00e9 de menos a Juan y Luc\u00eda, a quienes he aburrido a golpe de fotocopia y nunca me pusieron mala cara. A Manuel, obligado a recordarme cada mes de mayo la entrega a tiempo de la lista con los alumnos que salen de excursi\u00f3n, por aquello del seguro escolar.<\/span><\/p>\n<p><span style=\"color: #000000\">Y, por supuesto, a Jonathan y Mariola, por su amabilidad, sus caf\u00e9s, sus empanadas y sus estupendas tartas. Y, si no, que se lo pregunten a Miguel \u00c1ngel\u2026<\/span><\/p>\n<p><span style=\"color: #000000\">En el plano material, echar\u00e9 de menos los pasillos, con su vivificante color, y mi laboratorio. Permitidme el uso del posesivo, pero es que yo lo he modelado, yo lo he vivido. En los inviernos he pasado mucho fr\u00edo, pero en primavera me he sentado al sol que entra por la ventana y me he empapado del canto del ruise\u00f1or, del mirlo, del colirrojo tiz\u00f3n\u2026<\/span><\/p>\n<p><span style=\"color: #000000\">Ojal\u00e1 quien ocupe mi hueco sepa transmitir la pasi\u00f3n por la biolog\u00eda y el amor por la naturaleza a estos alumnos que se dejan querer tan f\u00e1cilmente. Nada me gustar\u00eda m\u00e1s, pero eso ya no est\u00e1 en mi mano: mi tiempo pas\u00f3 y debo retirarme en silencio.\u00a0<\/span><\/p>\n<p><span style=\"color: #000000\">Nos volveremos a ver cualquier d\u00eda. Hasta pronto.<\/span><\/p>\n<p>&nbsp;<\/p>\n<p>&nbsp;<\/p>\n","protected":false},"excerpt":{"rendered":"<p>&nbsp; Inauguramos el nuevo curso con la reproducci\u00f3n del discurso pronunciado en el Instituto el 30 de junio de 2016 por Rafi L\u00f3pez M\u00f3denes, profesora de Biolog\u00eda y Geolog\u00eda, con motivo de su jubilaci\u00f3n.&#46;&#46;&#46;<\/p>\n","protected":false},"author":3,"featured_media":897,"comment_status":"open","ping_status":"open","sticky":false,"template":"","format":"standard","meta":{"jetpack_post_was_ever_published":false,"jetpack_publicize_message":"","jetpack_is_tweetstorm":false,"jetpack_publicize_feature_enabled":true,"jetpack_social_options":[]},"categories":[6,10],"tags":[37,26,43,22],"jetpack_publicize_connections":[],"jetpack_featured_media_url":"https:\/\/www.iessenara.es\/Revista\/wp-content\/uploads\/2016\/09\/Brezo.jpg","jetpack_sharing_enabled":true,"jetpack_shortlink":"https:\/\/wp.me\/p5mbkp-ep","_links":{"self":[{"href":"https:\/\/www.iessenara.es\/Revista\/index.php?rest_route=\/wp\/v2\/posts\/893"}],"collection":[{"href":"https:\/\/www.iessenara.es\/Revista\/index.php?rest_route=\/wp\/v2\/posts"}],"about":[{"href":"https:\/\/www.iessenara.es\/Revista\/index.php?rest_route=\/wp\/v2\/types\/post"}],"author":[{"embeddable":true,"href":"https:\/\/www.iessenara.es\/Revista\/index.php?rest_route=\/wp\/v2\/users\/3"}],"replies":[{"embeddable":true,"href":"https:\/\/www.iessenara.es\/Revista\/index.php?rest_route=%2Fwp%2Fv2%2Fcomments&post=893"}],"version-history":[{"count":7,"href":"https:\/\/www.iessenara.es\/Revista\/index.php?rest_route=\/wp\/v2\/posts\/893\/revisions"}],"predecessor-version":[{"id":912,"href":"https:\/\/www.iessenara.es\/Revista\/index.php?rest_route=\/wp\/v2\/posts\/893\/revisions\/912"}],"wp:featuredmedia":[{"embeddable":true,"href":"https:\/\/www.iessenara.es\/Revista\/index.php?rest_route=\/wp\/v2\/media\/897"}],"wp:attachment":[{"href":"https:\/\/www.iessenara.es\/Revista\/index.php?rest_route=%2Fwp%2Fv2%2Fmedia&parent=893"}],"wp:term":[{"taxonomy":"category","embeddable":true,"href":"https:\/\/www.iessenara.es\/Revista\/index.php?rest_route=%2Fwp%2Fv2%2Fcategories&post=893"},{"taxonomy":"post_tag","embeddable":true,"href":"https:\/\/www.iessenara.es\/Revista\/index.php?rest_route=%2Fwp%2Fv2%2Ftags&post=893"}],"curies":[{"name":"wp","href":"https:\/\/api.w.org\/{rel}","templated":true}]}}