{"id":942,"date":"2016-12-20T19:03:38","date_gmt":"2016-12-20T19:03:38","guid":{"rendered":"http:\/\/www.iessenara.es\/Revista\/?p=942"},"modified":"2016-12-20T19:04:56","modified_gmt":"2016-12-20T19:04:56","slug":"estimulando-ocurrencias-juguemos-con-las-cinco-vocales","status":"publish","type":"post","link":"https:\/\/www.iessenara.es\/Revista\/?p=942","title":{"rendered":"Estimulando ocurrencias: juguemos con las cinco vocales"},"content":{"rendered":"<p>&nbsp;<\/p>\n<p><span style=\"color: #000000\">Hace algunos a\u00f1os, Almudena Grandes escribi\u00f3 en un art\u00edculo que <em>murci\u00e9lago<\/em> era la \u00fanica palabra en espa\u00f1ol que ten\u00eda las cinco vocales sin repetir ninguna. Aunque las redes sociales a\u00fan no exist\u00edan, s\u00ed se utilizaba lo suficiente el correo electr\u00f3nico para que inmediatamente surgiesen varios de ellos alertando del error: <em>murci\u00e9lago<\/em> es el \u00fanico animal con las cinco vocales sin repetir, pero en castellano hay infinidad de palabras as\u00ed. Aprovechemos este lapsus para jugar con estas palabras. En lo sucesivo pediremos palabras castellanas con las cinco vocales sin que se repita ninguna, como <em>murci\u00e9lago<\/em>.<\/span><\/p>\n<p><a href=\"http:\/\/www.iessenara.es\/Revista\/wp-content\/uploads\/2016\/12\/Murci\u00e9lago.jpg\"><img decoding=\"async\" loading=\"lazy\" class=\"aligncenter wp-image-946\" src=\"http:\/\/www.iessenara.es\/Revista\/wp-content\/uploads\/2016\/12\/Murci\u00e9lago.jpg\" alt=\"murcielago\" width=\"550\" height=\"335\" srcset=\"https:\/\/www.iessenara.es\/Revista\/wp-content\/uploads\/2016\/12\/Murci\u00e9lago.jpg 716w, https:\/\/www.iessenara.es\/Revista\/wp-content\/uploads\/2016\/12\/Murci\u00e9lago-300x182.jpg 300w\" sizes=\"(max-width: 550px) 100vw, 550px\" \/><\/a><\/p>\n<p><span style=\"color: #000000\"><span style=\"color: #993300\"><strong>Primera propuesta:<\/strong><\/span> Escribid todas las palabras que conozc\u00e1is con esta caracter\u00edstica.<\/span><\/p>\n<p>&nbsp;<\/p>\n<p><span style=\"color: #000000\"><strong><span style=\"color: #993300\">Segunda propuesta:<\/span><\/strong> Escribiremos la definici\u00f3n de algunas de estas palabras, y ten\u00e9is que descubrir de cu\u00e1l se trata en cada caso.<\/span><\/p>\n<p style=\"padding-left: 30px\"><span style=\"color: #000000\">a) Dado el a\u00f1o en el que estamos, la primera es obligatoria: \u00abRelativa al Quijote\u00bb.<\/span><\/p>\n<p style=\"padding-left: 30px\"><span style=\"color: #000000\">b) La segunda est\u00e1 relacionada con las matem\u00e1ticas. Si llamamos <em>truncar<\/em> a sustituir por 0 las \u00faltimas cifras de un n\u00famero, \u00bfc\u00f3mo se llama la acci\u00f3n de truncar?<\/span><\/p>\n<p style=\"padding-left: 30px\"><span style=\"color: #000000\">Tambi\u00e9n tienen esta propiedad la acci\u00f3n de <em>purgar<\/em> y la acci\u00f3n de <em>hurgar<\/em>, entre otras.<\/span><\/p>\n<p style=\"padding-left: 30px\"><span style=\"color: #000000\">c) Esta tercera est\u00e1 relacionada con la f\u00edsica. \u00bfC\u00f3mo se llama el aparato instalado en los camiones para calcular la velocidad con que ha circulado en un cierto tramo?<\/span><\/p>\n<p style=\"padding-left: 30px\"><span style=\"color: #000000\">d) \u00bfQu\u00e9 es lo que nos hace en el pelo el que nos lo corta mal?<\/span><\/p>\n<p style=\"padding-left: 30px\"><span style=\"color: #000000\">e) \u00bfC\u00f3mo se llama ese lugar, en la entrada de las localidades, con una cruz u otros s\u00edmbolos religiosos?<\/span><\/p>\n<p>&nbsp;<\/p>\n<p><span style=\"color: #000000\"><span style=\"color: #993300\"><strong>Tercera propuesta:<\/strong><\/span> la variedad de conjugaciones verbales del castellano permite encontrar muchos verbos as\u00ed. Por ejemplo, de <em>bizquear<\/em> obtenemos <em>bizqueado<\/em>, <em>bizqueamos<\/em> o <em>bizqueando<\/em>; y de <em>maquinar<\/em>, <em>maquinemos<\/em>. Escribir todos los verbos que pod\u00e1is.<\/span><\/p>\n<p><span style=\"color: #000000\">En los casos anteriores, la <em>u<\/em> es muda. Escribid tambi\u00e9n formas verbales en que la <em>u<\/em> s\u00ed se pronuncie.<\/span><\/p>\n<p><span style=\"color: #000000\">\u00bfConoc\u00e9is alg\u00fan verbo que tenga las cinco vocales en el infinitivo?<\/span><\/p>\n<p>&nbsp;<\/p>\n<p><span style=\"color: #000000\"><span style=\"color: #993300\"><strong>Cuarta propuesta:<\/strong><\/span> Los sufijos \u2013<em>ero<\/em> y \u2013<em>era<\/em> posibilitan encontrar muchas palabras: <em>guitarrero<\/em>, <em>taquillero<\/em>, <em>aguilera<\/em>, etc. Usando estos sufijos, encontrad una de estas palabras con di\u00e9resis.<\/span><\/p>\n<p>&nbsp;<\/p>\n<p><span style=\"color: #000000\"><span style=\"color: #993300\"><strong>Quinta propuesta:<\/strong><\/span> Existen varios pa\u00edses con las cinco vocales; por ejemplo, <em>Bielorrusia<\/em>, <em>Estados Unidos<\/em> y <em>Emiratos \u00c1rabes Unidos<\/em>. En estos casos se repite alguna vocal, e incluso hay m\u00e1s de una palabra. \u00bfHay alg\u00fan pa\u00eds con una sola palabra en la que\u00a0no se repitan vocales?<\/span><\/p>\n<p><span style=\"color: #000000\">Por otra parte, es f\u00e1cil encontrar una\u00a0localidad as\u00ed. No hay que ir muy lejos: <em>Villoruela<\/em>. \u00bfConoc\u00e9is alguna otra? \u00bfY alg\u00fan gentilicio?<\/span><\/p>\n<p>&nbsp;<\/p>\n<p><span style=\"color: #000000\"><span style=\"color: #993300\"><strong>Sexta propuesta:<\/strong><\/span> Hay varios nombre propios castellanos con esta propiedad y no son necesariamente muy largos, pues con apenas siete letras y tres s\u00edlabas hay varios, como sabe la que, etimol\u00f3gicamente, es la griega<em> que mejor habla<\/em> (o<em> que m\u00e1s estudia<\/em>).<\/span><\/p>\n<p>&nbsp;<\/p>\n<p><span style=\"color: #000000\"><span style=\"color: #993300\"><strong>S\u00e9ptima propuesta:<\/strong><\/span> Creo que no hay ninguna palabra en que aparezcan las cinco vocales en orden alfab\u00e9tico: <em>a e i o u<\/em>; pero s\u00ed las hay en orden inverso: <em>u o i e a<\/em>. Encontrad alguna.<\/span><\/p>\n<p>&nbsp;<\/p>\n<p style=\"text-align: right\"><span style=\"color: #993300\"><strong>Javier Jim\u00e9nez G\u00f3mez\u00a0 (profesor de Matem\u00e1ticas)<\/strong><\/span><\/p>\n<p>&nbsp;<\/p>\n<p><span style=\"color: #000000\">\u00a0<\/span><\/p>\n","protected":false},"excerpt":{"rendered":"<p>&nbsp; Hace algunos a\u00f1os, Almudena Grandes escribi\u00f3 en un art\u00edculo que murci\u00e9lago era la \u00fanica palabra en espa\u00f1ol que ten\u00eda las cinco vocales sin repetir ninguna. Aunque las redes sociales a\u00fan no exist\u00edan, s\u00ed&#46;&#46;&#46;<\/p>\n","protected":false},"author":3,"featured_media":946,"comment_status":"open","ping_status":"open","sticky":false,"template":"","format":"standard","meta":{"jetpack_post_was_ever_published":false,"jetpack_publicize_message":"Juguemos con las vocales http:\/\/wp.me\/p5mbkp-fc","jetpack_is_tweetstorm":false,"jetpack_publicize_feature_enabled":true,"jetpack_social_options":[]},"categories":[10,13],"tags":[20,34,31],"jetpack_publicize_connections":[],"jetpack_featured_media_url":"https:\/\/www.iessenara.es\/Revista\/wp-content\/uploads\/2016\/12\/Murci\u00e9lago.jpg","jetpack_sharing_enabled":true,"jetpack_shortlink":"https:\/\/wp.me\/p5mbkp-fc","_links":{"self":[{"href":"https:\/\/www.iessenara.es\/Revista\/index.php?rest_route=\/wp\/v2\/posts\/942"}],"collection":[{"href":"https:\/\/www.iessenara.es\/Revista\/index.php?rest_route=\/wp\/v2\/posts"}],"about":[{"href":"https:\/\/www.iessenara.es\/Revista\/index.php?rest_route=\/wp\/v2\/types\/post"}],"author":[{"embeddable":true,"href":"https:\/\/www.iessenara.es\/Revista\/index.php?rest_route=\/wp\/v2\/users\/3"}],"replies":[{"embeddable":true,"href":"https:\/\/www.iessenara.es\/Revista\/index.php?rest_route=%2Fwp%2Fv2%2Fcomments&post=942"}],"version-history":[{"count":11,"href":"https:\/\/www.iessenara.es\/Revista\/index.php?rest_route=\/wp\/v2\/posts\/942\/revisions"}],"predecessor-version":[{"id":954,"href":"https:\/\/www.iessenara.es\/Revista\/index.php?rest_route=\/wp\/v2\/posts\/942\/revisions\/954"}],"wp:featuredmedia":[{"embeddable":true,"href":"https:\/\/www.iessenara.es\/Revista\/index.php?rest_route=\/wp\/v2\/media\/946"}],"wp:attachment":[{"href":"https:\/\/www.iessenara.es\/Revista\/index.php?rest_route=%2Fwp%2Fv2%2Fmedia&parent=942"}],"wp:term":[{"taxonomy":"category","embeddable":true,"href":"https:\/\/www.iessenara.es\/Revista\/index.php?rest_route=%2Fwp%2Fv2%2Fcategories&post=942"},{"taxonomy":"post_tag","embeddable":true,"href":"https:\/\/www.iessenara.es\/Revista\/index.php?rest_route=%2Fwp%2Fv2%2Ftags&post=942"}],"curies":[{"name":"wp","href":"https:\/\/api.w.org\/{rel}","templated":true}]}}