{"id":957,"date":"2017-02-10T08:23:13","date_gmt":"2017-02-10T08:23:13","guid":{"rendered":"http:\/\/www.iessenara.es\/Revista\/?p=957"},"modified":"2017-02-10T08:23:13","modified_gmt":"2017-02-10T08:23:13","slug":"la-juventud-de-nuestros-padres-y-la-nuestra","status":"publish","type":"post","link":"https:\/\/www.iessenara.es\/Revista\/?p=957","title":{"rendered":"La juventud de nuestros padres y la nuestra"},"content":{"rendered":"<p>&nbsp;<\/p>\n<p><span style=\"color: #000000\">En general, la juventud de nuestros padres fue muy distinta a la nuestra.<\/span><\/p>\n<p><span style=\"color: #000000\">Los j\u00f3venes estudiaban durante menos a\u00f1os, e incluso algunos no pod\u00edan o no lo hac\u00edan, pero encontraban trabajo enseguida, aunque no fuese demasiado bueno o bien pagado. En la actualidad, la mayor\u00eda de los j\u00f3venes estudian y pueden obtener un t\u00edtulo, pero no todos encuentran trabajo, ya que no hay muchas opciones. Es dif\u00edcil poder independizarse y formar una familia.<\/span><\/p>\n<p><span style=\"color: #000000\">Hace a\u00f1os, los j\u00f3venes no utilizaban el tel\u00e9fono m\u00f3vil, ya que no exist\u00edan estos adelantos. Aunque probablemente la vida era mejor sin ellos, en algunos casos: se disfrutaba m\u00e1s de la compa\u00f1\u00eda de la gente y no hab\u00eda tantos problemas personales.<\/span><\/p>\n<div id=\"attachment_960\" style=\"width: 470px\" class=\"wp-caption aligncenter\"><a href=\"http:\/\/www.iessenara.es\/Revista\/wp-content\/uploads\/2017\/02\/Kapital.jpg\"><img aria-describedby=\"caption-attachment-960\" decoding=\"async\" loading=\"lazy\" class=\"wp-image-960\" src=\"http:\/\/www.iessenara.es\/Revista\/wp-content\/uploads\/2017\/02\/Kapital-300x199.jpg\" alt=\"Foto: Pilar Acero L\u00f3pez\" width=\"460\" height=\"305\" srcset=\"https:\/\/www.iessenara.es\/Revista\/wp-content\/uploads\/2017\/02\/Kapital-300x199.jpg 300w, https:\/\/www.iessenara.es\/Revista\/wp-content\/uploads\/2017\/02\/Kapital-1024x680.jpg 1024w, https:\/\/www.iessenara.es\/Revista\/wp-content\/uploads\/2017\/02\/Kapital.jpg 2048w\" sizes=\"(max-width: 460px) 100vw, 460px\" \/><\/a><p id=\"caption-attachment-960\" class=\"wp-caption-text\">Foto: Pilar Acero L\u00f3pez<\/p><\/div>\n<p><span style=\"color: #000000\">Por otra parte, el alcohol no se consum\u00eda desde una edad tan temprana como ahora. En la actualidad mucha gente necesita beber para divertirse, y la mayor\u00eda son gente de nuestra edad, lo que da lugar a otros problemas. Pero tambi\u00e9n es cierto que no hab\u00eda tanta libertad como ahora: los j\u00f3venes apenas sal\u00edan de fiesta, y cuando lo hac\u00edan era poco tiempo, ya que muchos de ellos ten\u00edan que trabajar al d\u00eda siguiente. En cambio, ahora tenemos un margen m\u00e1s amplio para pasarlo bien.<\/span><\/p>\n<p><span style=\"color: #000000\">Por \u00faltimo, la vestimenta o \u201cmoda\u201d era completamente diferente a la de ahora, no ten\u00eda nada que ver con la de la actualidad. Podemos comprobarlo cuando vemos fotos de nuestros padres de hace unos cuantos a\u00f1os.<\/span><\/p>\n<p><span style=\"color: #000000\">En conclusi\u00f3n, cada \u00e9poca tiene sus cosas buenas y sus cosas malas.<\/span><\/p>\n<p>&nbsp;<\/p>\n<p style=\"text-align: right\"><span style=\"color: #ff0000\"><strong>Amara Romero Mart\u00edn<\/strong><\/span><br \/>\n<span style=\"color: #ff0000\"><strong>Ana S\u00e1nchez Casc\u00f3n<\/strong><\/span><\/p>\n<p style=\"text-align: right\"><span style=\"color: #ff0000\"><strong>(FP B\u00e1sica II)<\/strong><\/span><\/p>\n<p style=\"text-align: right\">\n","protected":false},"excerpt":{"rendered":"<p>&nbsp; En general, la juventud de nuestros padres fue muy distinta a la nuestra. Los j\u00f3venes estudiaban durante menos a\u00f1os, e incluso algunos no pod\u00edan o no lo hac\u00edan, pero encontraban trabajo enseguida, aunque&#46;&#46;&#46;<\/p>\n","protected":false},"author":3,"featured_media":960,"comment_status":"open","ping_status":"open","sticky":false,"template":"","format":"standard","meta":{"jetpack_post_was_ever_published":false,"jetpack_publicize_message":"","jetpack_is_tweetstorm":false,"jetpack_publicize_feature_enabled":true,"jetpack_social_options":[]},"categories":[10],"tags":[19,41,30],"jetpack_publicize_connections":[],"jetpack_featured_media_url":"https:\/\/www.iessenara.es\/Revista\/wp-content\/uploads\/2017\/02\/Kapital.jpg","jetpack_sharing_enabled":true,"jetpack_shortlink":"https:\/\/wp.me\/p5mbkp-fr","_links":{"self":[{"href":"https:\/\/www.iessenara.es\/Revista\/index.php?rest_route=\/wp\/v2\/posts\/957"}],"collection":[{"href":"https:\/\/www.iessenara.es\/Revista\/index.php?rest_route=\/wp\/v2\/posts"}],"about":[{"href":"https:\/\/www.iessenara.es\/Revista\/index.php?rest_route=\/wp\/v2\/types\/post"}],"author":[{"embeddable":true,"href":"https:\/\/www.iessenara.es\/Revista\/index.php?rest_route=\/wp\/v2\/users\/3"}],"replies":[{"embeddable":true,"href":"https:\/\/www.iessenara.es\/Revista\/index.php?rest_route=%2Fwp%2Fv2%2Fcomments&post=957"}],"version-history":[{"count":3,"href":"https:\/\/www.iessenara.es\/Revista\/index.php?rest_route=\/wp\/v2\/posts\/957\/revisions"}],"predecessor-version":[{"id":961,"href":"https:\/\/www.iessenara.es\/Revista\/index.php?rest_route=\/wp\/v2\/posts\/957\/revisions\/961"}],"wp:featuredmedia":[{"embeddable":true,"href":"https:\/\/www.iessenara.es\/Revista\/index.php?rest_route=\/wp\/v2\/media\/960"}],"wp:attachment":[{"href":"https:\/\/www.iessenara.es\/Revista\/index.php?rest_route=%2Fwp%2Fv2%2Fmedia&parent=957"}],"wp:term":[{"taxonomy":"category","embeddable":true,"href":"https:\/\/www.iessenara.es\/Revista\/index.php?rest_route=%2Fwp%2Fv2%2Fcategories&post=957"},{"taxonomy":"post_tag","embeddable":true,"href":"https:\/\/www.iessenara.es\/Revista\/index.php?rest_route=%2Fwp%2Fv2%2Ftags&post=957"}],"curies":[{"name":"wp","href":"https:\/\/api.w.org\/{rel}","templated":true}]}}