{"id":977,"date":"2017-02-17T09:57:49","date_gmt":"2017-02-17T09:57:49","guid":{"rendered":"http:\/\/www.iessenara.es\/Revista\/?p=977"},"modified":"2017-02-20T15:34:17","modified_gmt":"2017-02-20T15:34:17","slug":"dia-del-uso-seguro-de-internet-2017","status":"publish","type":"post","link":"https:\/\/www.iessenara.es\/Revista\/?p=977","title":{"rendered":"D\u00eda del Uso Seguro de Internet 2017"},"content":{"rendered":"<p>&nbsp;<\/p>\n<p><span style=\"color: #000000\">La semana del 6 al 11 de febrero se dedic\u00f3 a tomar conciencia sobre la seguridad en Internet. Y se eligi\u00f3 el d\u00eda 7 de febrero como <strong><span style=\"color: #800000\">INTERNET SAFER DAY (D\u00eda del Uso Seguro de Internet)<\/span><\/strong>. En nuestro IES nos adherimos a ella a trav\u00e9s de dos sesiones de trabajo, una en 2\u00ba de Bachillerato y otra en 4\u00ba de ESO, centradas en el abuso de Internet y la tecnoadicci\u00f3n.<\/span><\/p>\n<p>&nbsp;<\/p>\n<p><span style=\"color: #000000\">En el primer nivel nos planteamos esta pregunta: <strong><span style=\"color: #800000\">\u00bfAbusamos de Internet? <\/span><\/strong>Se realizaron las siguientes actividades: <\/span><\/p>\n<p><span style=\"color: #000000\"><b>&#8211; Concienciaci\u00f3n a trav\u00e9s de dos v\u00eddeos<\/b>: \u201cEl mejor adivino de la Historia\u201d y \u201cPiensa antes de colgar tu imagen en Internet\u201d.<\/span><\/p>\n<p><span style=\"color: #000000\"><b>&#8211; Reflexi\u00f3n personal a trav\u00e9s de dos encuestas<\/b><b>: <\/b><em>\u00bfSomos conscientes del peligro de abusar de Internet? \u00bfSomos tecnoadictos?<\/em><\/span><\/p>\n<p><span style=\"color: #000000\"><strong>&#8211; Puesta en com\u00fan:<\/strong> coinciden en que abusan de Internet y, en general, de los medios audiovisuales.<\/span><\/p>\n<p><span style=\"color: #000000\"><b>&#8211; Nos informamos con material de apoyo<\/b> y recibimos un documento para <b>planificar<\/b> las tareas cotidianas.<\/span><\/p>\n<p><span style=\"color: #000000\"><b>&#8211; Elaboramos un documento que concluye<\/b> los peligros a que nos conduce el abuso de Internet y de otros medios audiovisuales.<\/span><\/p>\n<p>&nbsp;<\/p>\n<p><span style=\"color: #000000\">Las conclusiones de la encuesta sobre la tecnoadicci\u00f3n indican que no somos propiamente tecnoadictos, pero&#8230;<\/span><\/p>\n<p style=\"padding-left: 60px\"><strong><span style=\"color: #000000\">&#8211; Restamos mucho tiempo al estudio.<\/span><\/strong><\/p>\n<p style=\"padding-left: 60px\"><strong><span style=\"color: #000000\">&#8211; Perdemos horas de sue\u00f1o.<\/span><\/strong><\/p>\n<p style=\"padding-left: 60px\"><strong><span style=\"color: #000000\">&#8211; Nuestras relaciones sociales se ven afectadas porque les restamos tiempo y las entorpecemos.<\/span><\/strong><\/p>\n<p style=\"padding-left: 60px\"><strong><span style=\"color: #000000\">&#8211; Nos dispersamos en las b\u00fasquedas y malgastamos el tiempo de trabajo.<\/span><\/strong><\/p>\n<p style=\"padding-left: 60px\"><strong><span style=\"color: #000000\">&#8211; La tecnolog\u00eda es nuestro entretenimiento habitual cuando estamos en casa.<\/span><\/strong><\/p>\n<p><a href=\"http:\/\/www.iessenara.es\/Revista\/wp-content\/uploads\/2017\/02\/Internet.jpg\"><img decoding=\"async\" loading=\"lazy\" class=\"aligncenter wp-image-979\" src=\"http:\/\/www.iessenara.es\/Revista\/wp-content\/uploads\/2017\/02\/Internet-300x226.jpg\" alt=\"Internet\" width=\"400\" height=\"302\" srcset=\"https:\/\/www.iessenara.es\/Revista\/wp-content\/uploads\/2017\/02\/Internet-300x226.jpg 300w, https:\/\/www.iessenara.es\/Revista\/wp-content\/uploads\/2017\/02\/Internet-1024x773.jpg 1024w, https:\/\/www.iessenara.es\/Revista\/wp-content\/uploads\/2017\/02\/Internet.jpg 1833w\" sizes=\"(max-width: 400px) 100vw, 400px\" \/><\/a><\/p>\n<p>&nbsp;<\/p>\n<p><span style=\"color: #000000\">En 4\u00ba de ESO, la reflexi\u00f3n se centr\u00f3 en otra cuesti\u00f3n: <span style=\"color: #800000\"><strong>\u00bfUsamos los m\u00f3viles con seguridad? <\/strong><span style=\"color: #000000\">Para contestar a ella, se siguieron estas fases:<strong><br \/>\n<\/strong><\/span><\/span><\/span><\/p>\n<p><span style=\"color: #000000\"><b>&#8211; Torrente de ideas: <\/b>\u00bfQu\u00e9 debemos hacer para usar el m\u00f3vil de forma segura? Cada alumno toma nota de las ideas que considera relevantes.<\/span><\/p>\n<p><span style=\"color: #000000\"><b>&#8211; V\u00eddeo de concienciaci\u00f3n<\/b>: \u201cPiensa antes de colgar tu imagen en Internet\u201d.<\/span><\/p>\n<p><span style=\"color: #000000\"><b>&#8211; Reflexi\u00f3n en grupos peque\u00f1os <\/b>para concretar medidas de seguridad en el uso de dispositivos m\u00f3viles.<\/span><\/p>\n<p><span style=\"color: #000000\"><b>&#8211; Power<\/b><b>point<\/b><b> de apoyo:<\/b> \u201cC\u00f3mo proteger nuestros dispositivos m\u00f3viles\u201d.<\/span><\/p>\n<p><span style=\"color: #000000\"><b>&#8211; Puesta en com\u00fan y elaboraci\u00f3n de un <\/b><strong>Dec\u00e1logo de Seguridad en el uso de m\u00f3viles.<\/strong><\/span><\/p>\n<p><span style=\"color: #000000\"><b>&#8211; Material de apoyo<\/b> sobre la seguridad en el uso de dispositivos m\u00f3viles.<\/span><\/p>\n<p><span style=\"color: #000000\"><b>&#8211; Difusi\u00f3n del Dec\u00e1logo de Seguridad <\/b>a trav\u00e9s de la revista digital <span style=\"color: #800000\"><strong>\u201cCosas del Senara\u201d<\/strong><\/span><i>. <\/i>A continuaci\u00f3n transcribimos dicho Dec\u00e1logo, elaborado por los propios alumnos de 4\u00ba de ESO:<i><br \/>\n<\/i><\/span><\/p>\n<p><span style=\"color: #000000\">\u00a0<\/span><\/p>\n<p><span style=\"color: #800000\"><strong>Dec\u00e1logo de Seguridad en el Uso de los M\u00f3viles<\/strong><\/span><\/p>\n<p style=\"padding-left: 60px\"><span style=\"color: #000000\"><b>1. No dar datos personales ni ajenos, ni tus actividades en ese momento.<\/b><\/span><\/p>\n<p style=\"padding-left: 60px\"><span style=\"color: #000000\"><b>2. No subir fotos comprometedoras o violentas.<\/b><\/span><\/p>\n<p style=\"padding-left: 60px\"><span style=\"color: #000000\"><b>3. No hablar con desconocidos, bloquearlos y denunciarlos.<\/b><\/span><\/p>\n<p style=\"padding-left: 60px\"><span style=\"color: #000000\"><b>4. Tener contrase\u00f1a segura.<\/b><\/span><\/p>\n<p style=\"padding-left: 60px\"><span style=\"color: #000000\"><b>5. Control parental.<\/b><\/span><\/p>\n<p style=\"padding-left: 60px\"><span style=\"color: #000000\"><b>6. Cuentas privadas.<\/b><\/span><\/p>\n<p style=\"padding-left: 60px\"><span style=\"color: #000000\"><b>7. No hacer <\/b><b><em>ciberbullying<\/em>.<\/b><\/span><\/p>\n<p style=\"padding-left: 60px\"><span style=\"color: #000000\"><b>8. No crear perfiles falsos.<\/b><\/span><\/p>\n<p style=\"padding-left: 60px\"><span style=\"color: #000000\"><b>9. No entrar a p\u00e1ginas desconocidas.<\/b><\/span><\/p>\n<p style=\"padding-left: 60px\"><span style=\"color: #000000\"><b>10. Tener antivirus.<\/b><\/span><\/p>\n<p>&nbsp;<\/p>\n<p><a href=\"http:\/\/www.iessenara.es\/Revista\/wp-content\/uploads\/2017\/02\/Internet-4o.png\"><img decoding=\"async\" loading=\"lazy\" class=\"aligncenter wp-image-981\" src=\"http:\/\/www.iessenara.es\/Revista\/wp-content\/uploads\/2017\/02\/Internet-4o-300x225.png\" alt=\"Internet 4o\" width=\"400\" height=\"300\" srcset=\"https:\/\/www.iessenara.es\/Revista\/wp-content\/uploads\/2017\/02\/Internet-4o-300x225.png 300w, https:\/\/www.iessenara.es\/Revista\/wp-content\/uploads\/2017\/02\/Internet-4o.png 482w\" sizes=\"(max-width: 400px) 100vw, 400px\" \/><\/a><\/p>\n<p style=\"text-align: right\"><span style=\"color: #800000\"><strong>V\u00edctor P\u00e9rez y Samuel Monsalvo\u00a0 (2\u00ba de Bachillerato)<\/strong><\/span><\/p>\n<p style=\"text-align: right\"><span style=\"color: #800000\"><strong>\u00c1ngel de la Torre e Iv\u00e1n Hierro\u00a0 (4\u00ba de ESO)<\/strong><\/span><\/p>\n<p style=\"text-align: right\"><span style=\"color: #800000\"><strong>Clara I. L\u00f3pez (Profesora de Geograf\u00eda e Historia)<\/strong><\/span><\/p>\n<p style=\"text-align: right\">\n","protected":false},"excerpt":{"rendered":"<p>&nbsp; La semana del 6 al 11 de febrero se dedic\u00f3 a tomar conciencia sobre la seguridad en Internet. Y se eligi\u00f3 el d\u00eda 7 de febrero como INTERNET SAFER DAY (D\u00eda del Uso&#46;&#46;&#46;<\/p>\n","protected":false},"author":3,"featured_media":979,"comment_status":"open","ping_status":"open","sticky":false,"template":"","format":"standard","meta":{"jetpack_post_was_ever_published":false,"jetpack_publicize_message":"","jetpack_is_tweetstorm":false,"jetpack_publicize_feature_enabled":true,"jetpack_social_options":[]},"categories":[6,8],"tags":[48,49,30],"jetpack_publicize_connections":[],"jetpack_featured_media_url":"https:\/\/www.iessenara.es\/Revista\/wp-content\/uploads\/2017\/02\/Internet.jpg","jetpack_sharing_enabled":true,"jetpack_shortlink":"https:\/\/wp.me\/p5mbkp-fL","_links":{"self":[{"href":"https:\/\/www.iessenara.es\/Revista\/index.php?rest_route=\/wp\/v2\/posts\/977"}],"collection":[{"href":"https:\/\/www.iessenara.es\/Revista\/index.php?rest_route=\/wp\/v2\/posts"}],"about":[{"href":"https:\/\/www.iessenara.es\/Revista\/index.php?rest_route=\/wp\/v2\/types\/post"}],"author":[{"embeddable":true,"href":"https:\/\/www.iessenara.es\/Revista\/index.php?rest_route=\/wp\/v2\/users\/3"}],"replies":[{"embeddable":true,"href":"https:\/\/www.iessenara.es\/Revista\/index.php?rest_route=%2Fwp%2Fv2%2Fcomments&post=977"}],"version-history":[{"count":13,"href":"https:\/\/www.iessenara.es\/Revista\/index.php?rest_route=\/wp\/v2\/posts\/977\/revisions"}],"predecessor-version":[{"id":993,"href":"https:\/\/www.iessenara.es\/Revista\/index.php?rest_route=\/wp\/v2\/posts\/977\/revisions\/993"}],"wp:featuredmedia":[{"embeddable":true,"href":"https:\/\/www.iessenara.es\/Revista\/index.php?rest_route=\/wp\/v2\/media\/979"}],"wp:attachment":[{"href":"https:\/\/www.iessenara.es\/Revista\/index.php?rest_route=%2Fwp%2Fv2%2Fmedia&parent=977"}],"wp:term":[{"taxonomy":"category","embeddable":true,"href":"https:\/\/www.iessenara.es\/Revista\/index.php?rest_route=%2Fwp%2Fv2%2Fcategories&post=977"},{"taxonomy":"post_tag","embeddable":true,"href":"https:\/\/www.iessenara.es\/Revista\/index.php?rest_route=%2Fwp%2Fv2%2Ftags&post=977"}],"curies":[{"name":"wp","href":"https:\/\/api.w.org\/{rel}","templated":true}]}}