{"id":997,"date":"2017-04-18T10:53:59","date_gmt":"2017-04-18T10:53:59","guid":{"rendered":"http:\/\/www.iessenara.es\/Revista\/?p=997"},"modified":"2017-04-18T10:53:59","modified_gmt":"2017-04-18T10:53:59","slug":"dos-siglos-de-historia","status":"publish","type":"post","link":"https:\/\/www.iessenara.es\/Revista\/?p=997","title":{"rendered":"Dos siglos de historia"},"content":{"rendered":"<p>&nbsp;<\/p>\n<p><em><span style=\"color: #000000\">A trav\u00e9s de estas infograf\u00edas, los alumnos de Formaci\u00f3n Profesional II nos ofrecen su visi\u00f3n de los \u00faltimos siglos de la historia de Espa\u00f1a: de Carlos IV a Felipe VI, pasando por dos rep\u00fablicas, varias guerras y muchos cambios de r\u00e9gimen pol\u00edtico. Sin duda, tiempos interesantes y turbulentos.<br \/>\n<\/span><\/em><\/p>\n<p>&nbsp;<\/p>\n<p><a href=\"http:\/\/www.iessenara.es\/Revista\/wp-content\/uploads\/2017\/03\/Siglo-XIX.jpg\"><img decoding=\"async\" loading=\"lazy\" class=\"aligncenter wp-image-1015\" src=\"http:\/\/www.iessenara.es\/Revista\/wp-content\/uploads\/2017\/03\/Siglo-XIX-1024x576.jpg\" alt=\"Siglo XIX\" width=\"500\" height=\"281\" srcset=\"https:\/\/www.iessenara.es\/Revista\/wp-content\/uploads\/2017\/03\/Siglo-XIX-1024x576.jpg 1024w, https:\/\/www.iessenara.es\/Revista\/wp-content\/uploads\/2017\/03\/Siglo-XIX-300x168.jpg 300w\" sizes=\"(max-width: 500px) 100vw, 500px\" \/><\/a><\/p>\n<p>&nbsp;<\/p>\n<p><a href=\"http:\/\/www.iessenara.es\/Revista\/wp-content\/uploads\/2017\/03\/Siglo-XX.jpg\"><img decoding=\"async\" loading=\"lazy\" class=\"aligncenter wp-image-1017\" src=\"http:\/\/www.iessenara.es\/Revista\/wp-content\/uploads\/2017\/03\/Siglo-XX-576x1024.jpg\" alt=\"Siglo XX\" width=\"281\" height=\"500\" srcset=\"https:\/\/www.iessenara.es\/Revista\/wp-content\/uploads\/2017\/03\/Siglo-XX-576x1024.jpg 576w, https:\/\/www.iessenara.es\/Revista\/wp-content\/uploads\/2017\/03\/Siglo-XX-168x300.jpg 168w, https:\/\/www.iessenara.es\/Revista\/wp-content\/uploads\/2017\/03\/Siglo-XX.jpg 1836w\" sizes=\"(max-width: 281px) 100vw, 281px\" \/><\/a><\/p>\n<p>&nbsp;<\/p>\n<p style=\"text-align: right\"><span style=\"color: #0000ff\"><strong>Alumnos de FPB II<\/strong><\/span><\/p>\n<p style=\"text-align: right\">\n","protected":false},"excerpt":{"rendered":"<p>&nbsp; A trav\u00e9s de estas infograf\u00edas, los alumnos de Formaci\u00f3n Profesional II nos ofrecen su visi\u00f3n de los \u00faltimos siglos de la historia de Espa\u00f1a: de Carlos IV a Felipe VI, pasando por dos&#46;&#46;&#46;<\/p>\n","protected":false},"author":3,"featured_media":1015,"comment_status":"open","ping_status":"open","sticky":false,"template":"","format":"standard","meta":{"jetpack_post_was_ever_published":false,"jetpack_publicize_message":"","jetpack_is_tweetstorm":false,"jetpack_publicize_feature_enabled":true,"jetpack_social_options":[]},"categories":[3,11,8],"tags":[50,19,30],"jetpack_publicize_connections":[],"jetpack_featured_media_url":"https:\/\/www.iessenara.es\/Revista\/wp-content\/uploads\/2017\/03\/Siglo-XIX.jpg","jetpack_sharing_enabled":true,"jetpack_shortlink":"https:\/\/wp.me\/p5mbkp-g5","_links":{"self":[{"href":"https:\/\/www.iessenara.es\/Revista\/index.php?rest_route=\/wp\/v2\/posts\/997"}],"collection":[{"href":"https:\/\/www.iessenara.es\/Revista\/index.php?rest_route=\/wp\/v2\/posts"}],"about":[{"href":"https:\/\/www.iessenara.es\/Revista\/index.php?rest_route=\/wp\/v2\/types\/post"}],"author":[{"embeddable":true,"href":"https:\/\/www.iessenara.es\/Revista\/index.php?rest_route=\/wp\/v2\/users\/3"}],"replies":[{"embeddable":true,"href":"https:\/\/www.iessenara.es\/Revista\/index.php?rest_route=%2Fwp%2Fv2%2Fcomments&post=997"}],"version-history":[{"count":6,"href":"https:\/\/www.iessenara.es\/Revista\/index.php?rest_route=\/wp\/v2\/posts\/997\/revisions"}],"predecessor-version":[{"id":1020,"href":"https:\/\/www.iessenara.es\/Revista\/index.php?rest_route=\/wp\/v2\/posts\/997\/revisions\/1020"}],"wp:featuredmedia":[{"embeddable":true,"href":"https:\/\/www.iessenara.es\/Revista\/index.php?rest_route=\/wp\/v2\/media\/1015"}],"wp:attachment":[{"href":"https:\/\/www.iessenara.es\/Revista\/index.php?rest_route=%2Fwp%2Fv2%2Fmedia&parent=997"}],"wp:term":[{"taxonomy":"category","embeddable":true,"href":"https:\/\/www.iessenara.es\/Revista\/index.php?rest_route=%2Fwp%2Fv2%2Fcategories&post=997"},{"taxonomy":"post_tag","embeddable":true,"href":"https:\/\/www.iessenara.es\/Revista\/index.php?rest_route=%2Fwp%2Fv2%2Ftags&post=997"}],"curies":[{"name":"wp","href":"https:\/\/api.w.org\/{rel}","templated":true}]}}